{"id":124862,"date":"2020-11-15T16:50:42","date_gmt":"2020-11-15T15:50:42","guid":{"rendered":"https:\/\/www.pauljorion.com\/blog\/?p=124862"},"modified":"2020-11-15T21:45:27","modified_gmt":"2020-11-15T20:45:27","slug":"comment-la-verite-et-la-realite-furent-inventees-2009-a-paraitre-en-allemand-chez-turia-kant","status":"publish","type":"post","link":"https:\/\/www.pauljorion.com\/blog\/2020\/11\/15\/comment-la-verite-et-la-realite-furent-inventees-2009-a-paraitre-en-allemand-chez-turia-kant\/","title":{"rendered":"<b><em>Comment la v\u00e9rit\u00e9 et la r\u00e9alit\u00e9 furent invent\u00e9es<\/em><\/b> (2009), \u00e0 para\u00eetre en allemand chez <b>Turia + Kant<\/b>"},"content":{"rendered":"<p><img loading=\"lazy\" decoding=\"async\" src=\"https:\/\/www.pauljorion.com\/blog\/wp-content\/uploads\/comment_la_verite1.png\" alt=\"\" width=\"240\" height=\"394\" class=\"aligncenter size-full wp-image-77808\" \/><\/p>\n<p><em><a href=\"http:\/\/www.gallimard.fr\/Catalogue\/GALLIMARD\/Bibliotheque-des-Sciences-humaines\/Comment-la-verite-et-la-realite-furent-inventees\" rel=\"noopener noreferrer\" target=\"_blank\">Comment la v\u00e9rit\u00e9 et la r\u00e9alit\u00e9 furent invent\u00e9es<\/a><\/em>, publi\u00e9 chez Gallimard en 2009, dans la <em>Biblioth\u00e8que des sciences humaines<\/em>, \u00e0 para\u00eetre chez l&rsquo;\u00e9diteur viennois <em><a href=\"https:\/\/www.turia.at\/\" rel=\"noopener noreferrer\" target=\"_blank\">Turia + Kant<\/a><\/em>. Un grand honneur.<\/p>\n<p>Merci \u00e0 Christian Driesen pour sa traduction m\u00e9ticuleuse&nbsp;!<\/p>\n","protected":false},"excerpt":{"rendered":"<p><img loading=\"lazy\" decoding=\"async\" src=\"https:\/\/www.pauljorion.com\/blog\/wp-content\/uploads\/comment_la_verite1.png\" alt=\"\" width=\"240\" height=\"394\" class=\"aligncenter size-full wp-image-77808\" \/><\/p>\n<p><em><a href=\"http:\/\/www.gallimard.fr\/Catalogue\/GALLIMARD\/Bibliotheque-des-Sciences-humaines\/Comment-la-verite-et-la-realite-furent-inventees\" rel=\"noopener noreferrer\" target=\"_blank\">Comment la v\u00e9rit\u00e9 et la r\u00e9alit\u00e9 furent invent\u00e9es<\/a><\/em>, publi\u00e9 chez Gallimard en 2009, dans la <em>Biblioth\u00e8que des sciences humaines<\/em>, \u00e0 para\u00eetre chez l&rsquo;\u00e9diteur viennois <em><a href=\"https:\/\/www.turia.at\/\" rel=\"noopener noreferrer\" target=\"_blank\">Turia + Kant<\/a><\/em>. Un grand honneur.<\/p>\n<p>Merci \u00e0 Christian Driesen pour sa traduction m\u00e9ticuleuse&nbsp;!<\/p>\n","protected":false},"author":1,"featured_media":0,"comment_status":"open","ping_status":"closed","sticky":false,"template":"","format":"standard","meta":{"footnotes":""},"categories":[7313],"tags":[1342],"class_list":["post-124862","post","type-post","status-publish","format-standard","hentry","category-comment-la-verite-et-la-realite-furent-inventees","tag--comment-la-verite-et-la-realite-furent-inventees-"],"_links":{"self":[{"href":"https:\/\/www.pauljorion.com\/blog\/wp-json\/wp\/v2\/posts\/124862","targetHints":{"allow":["GET"]}}],"collection":[{"href":"https:\/\/www.pauljorion.com\/blog\/wp-json\/wp\/v2\/posts"}],"about":[{"href":"https:\/\/www.pauljorion.com\/blog\/wp-json\/wp\/v2\/types\/post"}],"author":[{"embeddable":true,"href":"https:\/\/www.pauljorion.com\/blog\/wp-json\/wp\/v2\/users\/1"}],"replies":[{"embeddable":true,"href":"https:\/\/www.pauljorion.com\/blog\/wp-json\/wp\/v2\/comments?post=124862"}],"version-history":[{"count":4,"href":"https:\/\/www.pauljorion.com\/blog\/wp-json\/wp\/v2\/posts\/124862\/revisions"}],"predecessor-version":[{"id":124869,"href":"https:\/\/www.pauljorion.com\/blog\/wp-json\/wp\/v2\/posts\/124862\/revisions\/124869"}],"wp:attachment":[{"href":"https:\/\/www.pauljorion.com\/blog\/wp-json\/wp\/v2\/media?parent=124862"}],"wp:term":[{"taxonomy":"category","embeddable":true,"href":"https:\/\/www.pauljorion.com\/blog\/wp-json\/wp\/v2\/categories?post=124862"},{"taxonomy":"post_tag","embeddable":true,"href":"https:\/\/www.pauljorion.com\/blog\/wp-json\/wp\/v2\/tags?post=124862"}],"curies":[{"name":"wp","href":"https:\/\/api.w.org\/{rel}","templated":true}]}}