{"id":125551,"date":"2020-12-20T18:17:45","date_gmt":"2020-12-20T17:17:45","guid":{"rendered":"https:\/\/www.pauljorion.com\/blog\/?p=125551"},"modified":"2020-12-20T19:34:31","modified_gmt":"2020-12-20T18:34:31","slug":"le-krach-boursier-cest-pour-quand-episode-1-les-prophetes","status":"publish","type":"post","link":"https:\/\/www.pauljorion.com\/blog\/2020\/12\/20\/le-krach-boursier-cest-pour-quand-episode-1-les-prophetes\/","title":{"rendered":"<b>Le krach boursier, c&rsquo;est pour quand&nbsp;?<\/b> \u00c9pisode 1&nbsp;: les proph\u00e8tes"},"content":{"rendered":"<p><img loading=\"lazy\" decoding=\"async\" class=\"alignleft size-thumbnail wp-image-125564\" src=\"https:\/\/www.pauljorion.com\/blog\/wp-content\/uploads\/Krach-to-Come-150x150.png\" alt=\"\" width=\"150\" height=\"150\" srcset=\"https:\/\/www.pauljorion.com\/blog\/wp-content\/uploads\/Krach-to-Come-150x150.png 150w, https:\/\/www.pauljorion.com\/blog\/wp-content\/uploads\/Krach-to-Come-300x300.png 300w, https:\/\/www.pauljorion.com\/blog\/wp-content\/uploads\/Krach-to-Come.png 306w\" sizes=\"auto, (max-width: 150px) 100vw, 150px\" \/>J&rsquo;ai remis en ligne tout \u00e0 l&rsquo;heure <a href=\"https:\/\/www.pauljorion.com\/blog\/2020\/12\/20\/le-krach-boursier-cest-pour-quand-episode-0-france-info-le-5-juin-2009\/\" target=\"_blank\" rel=\"noopener\">la vid\u00e9o de mon passage \u00e0 France Info le 5 juin 2009<\/a>. J&rsquo;en ai extrait le passage o\u00f9 je dis : \u00ab Ne dites pas du mal de la Chine : la Chine nous sauvera tous dans dix ans. C\u2019est gr\u00e2ce \u00e0 la Chine qu\u2019on sortira de cette crise, alors soyez gentils vis-\u00e0-vis de la Chine, il ne faut pas la critiquer : c\u2019est l\u2019avenir du monde. \u00bb<\/p>\n<p>Je ne craignais donc pas \u00e0 l&rsquo;\u00e9poque d&rsquo;\u00e9mettre de nouvelles proph\u00e9ties.<\/p>\n<p>Nous sommes dix ans plus tard, m\u00eame onze, et vous avez peut-\u00eatre vu \u00e7a, il y a dix jours exactement, se tenait un colloque intitul\u00e9 <a href=\"https:\/\/www.pauljorion.com\/blog\/2020\/12\/10\/iea-colloque-crises-et-nouveaux-prophetes-les-10-et-11-decembre-2020\/\" target=\"_blank\" rel=\"noopener\">\u00ab\u00a0Crises et nouveaux proph\u00e8tes\u00a0\u00bb<\/a>.<br \/>\n<!--more--><\/p>\n<p>Le propos \u00e9tait assez g\u00e9n\u00e9ral mais une session s&rsquo;appelait : <em>Retour sur exp\u00e9rience : \u00ab S\u2019\u00eatre tromp\u00e9 \u00bb et \u00ab Avoir eu raison \u00bb en 2008<\/em>. De r\u00e9cents propos me font croire qu&rsquo;ils ont perdu la vid\u00e9o, ce qui serait bien dommage. Quoi qu&rsquo;il en soit, les quatre \u00ab\u00a0proph\u00e8tes\u00a0\u00bb qu&rsquo;ils avaient invit\u00e9s n&rsquo;\u00e9taient pas tr\u00e8s satisfaits de cet intitul\u00e9 et, sans nous concerter, nous l&rsquo;avions laiss\u00e9 entendre dans le titre de notre communication : Steve Keen avait appel\u00e9 la sienne, \u00ab Pr\u00e9voir la Grande Crise Financi\u00e8re : pas une proph\u00e9tie mais enlever les \u0153ill\u00e8res \u00bb, Ann Pettifor \u00e9voquait \u00ab Tailler un diamant : comment un regard &lsquo;innocent&rsquo; et l&rsquo;analyse de long terme, en profondeur et incisive d&rsquo;un probl\u00e8me d\u00e9bouche sur un pouvoir de pr\u00e9diction \u00bb, j&rsquo;avais appel\u00e9 la mienne, \u00ab Les 100 obstacles \u00e0 sauter pour une pr\u00e9vision correcte \u00bb. Marc Faber, de mani\u00e8re moins pol\u00e9mique, s&rsquo;affirmait \u00ab\u00a0Contrarian\u00a0\u00bb, \u00e0 contre-courant.<\/p>\n<p>Nous nous \u00e9levions donc contre un label attribuant \u00e0 nos pr\u00e9visions une qualit\u00e9 \u00ab\u00a0mystique\u00a0\u00bb et laissant entendre du coup que la question ne se r\u00e9sumait pas platement au fait que nous avions produit une analyse des faits correcte alors que tous les pontes, tous les m\u00e9daill\u00e9s, toutes les autorit\u00e9s suppos\u00e9es en mati\u00e8re d&rsquo;\u00e9conomie, n&rsquo;avaient rien vu venir et s&rsquo;\u00e9taient royalement plant\u00e9s.<\/p>\n<p>Le probl\u00e8me se repose de la m\u00eame mani\u00e8re aujourd&rsquo;hui quand les m\u00e9thodes de la pr\u00e9tendue \u00ab\u00a0science\u00a0\u00bb \u00e9conomique s&rsquo;av\u00e8rent incapables de pronostiquer clairement le krach boursier devenu in\u00e9vitable en raison de la d\u00e9pression \u00e9conomique qu&rsquo;est en train de g\u00e9n\u00e9rer la pand\u00e9mie de la Covid-19.<\/p>\n<p>(\u00e0 suivre&#8230;)<\/p>\n","protected":false},"excerpt":{"rendered":"<p><img loading=\"lazy\" decoding=\"async\" class=\"alignleft size-thumbnail wp-image-125564\" src=\"https:\/\/www.pauljorion.com\/blog\/wp-content\/uploads\/Krach-to-Come-150x150.png\" alt=\"\" width=\"150\" height=\"150\" srcset=\"https:\/\/www.pauljorion.com\/blog\/wp-content\/uploads\/Krach-to-Come-150x150.png 150w, https:\/\/www.pauljorion.com\/blog\/wp-content\/uploads\/Krach-to-Come-300x300.png 300w, https:\/\/www.pauljorion.com\/blog\/wp-content\/uploads\/Krach-to-Come.png 306w\" sizes=\"auto, (max-width: 150px) 100vw, 150px\" \/>J&rsquo;ai remis en ligne tout \u00e0 l&rsquo;heure <a href=\"https:\/\/www.pauljorion.com\/blog\/2020\/12\/20\/le-krach-boursier-cest-pour-quand-episode-0-france-info-le-5-juin-2009\/\" target=\"_blank\" rel=\"noopener\">la vid\u00e9o de mon passage \u00e0 France Info le 5 juin 2009<\/a>. J&rsquo;en ai extrait le passage o\u00f9 je dis : \u00ab Ne dites pas du mal de la Chine : la Chine nous sauvera tous dans [&hellip;]<\/p>\n","protected":false},"author":1,"featured_media":0,"comment_status":"open","ping_status":"closed","sticky":false,"template":"","format":"standard","meta":{"footnotes":""},"categories":[4694,307,12],"tags":[7691,53,2022,4365,7692,7659,3801],"class_list":["post-125551","post","type-post","status-publish","format-standard","hentry","category-bourse","category-finance","category-subprime","tag-ann-pettifor","tag-bourse","tag-crise-des-subprimes","tag-krach-boursier","tag-marc-faber","tag-prophetes","tag-steve-keen"],"_links":{"self":[{"href":"https:\/\/www.pauljorion.com\/blog\/wp-json\/wp\/v2\/posts\/125551","targetHints":{"allow":["GET"]}}],"collection":[{"href":"https:\/\/www.pauljorion.com\/blog\/wp-json\/wp\/v2\/posts"}],"about":[{"href":"https:\/\/www.pauljorion.com\/blog\/wp-json\/wp\/v2\/types\/post"}],"author":[{"embeddable":true,"href":"https:\/\/www.pauljorion.com\/blog\/wp-json\/wp\/v2\/users\/1"}],"replies":[{"embeddable":true,"href":"https:\/\/www.pauljorion.com\/blog\/wp-json\/wp\/v2\/comments?post=125551"}],"version-history":[{"count":5,"href":"https:\/\/www.pauljorion.com\/blog\/wp-json\/wp\/v2\/posts\/125551\/revisions"}],"predecessor-version":[{"id":125568,"href":"https:\/\/www.pauljorion.com\/blog\/wp-json\/wp\/v2\/posts\/125551\/revisions\/125568"}],"wp:attachment":[{"href":"https:\/\/www.pauljorion.com\/blog\/wp-json\/wp\/v2\/media?parent=125551"}],"wp:term":[{"taxonomy":"category","embeddable":true,"href":"https:\/\/www.pauljorion.com\/blog\/wp-json\/wp\/v2\/categories?post=125551"},{"taxonomy":"post_tag","embeddable":true,"href":"https:\/\/www.pauljorion.com\/blog\/wp-json\/wp\/v2\/tags?post=125551"}],"curies":[{"name":"wp","href":"https:\/\/api.w.org\/{rel}","templated":true}]}}