{"id":127118,"date":"2021-03-26T18:23:40","date_gmt":"2021-03-26T17:23:40","guid":{"rendered":"https:\/\/www.pauljorion.com\/blog\/?p=127118"},"modified":"2021-03-26T18:27:59","modified_gmt":"2021-03-26T17:27:59","slug":"covid-19-qui-sera-oppose-a-marine-le-pen-ce-ne-sera-pas-emmanuel-macron-par-alexis-toulet","status":"publish","type":"post","link":"https:\/\/www.pauljorion.com\/blog\/2021\/03\/26\/covid-19-qui-sera-oppose-a-marine-le-pen-ce-ne-sera-pas-emmanuel-macron-par-alexis-toulet\/","title":{"rendered":"Covid-19 : <b>Qui sera oppos\u00e9 \u00e0 Marine Le Pen&nbsp;? (ce ne sera pas Emmanuel Macron)<\/b>, par Alexis Toulet"},"content":{"rendered":"<p><img loading=\"lazy\" decoding=\"async\" src=\"https:\/\/www.pauljorion.com\/blog\/wp-content\/uploads\/F-26-3-21-300x203.png\" alt=\"\" width=\"300\" height=\"203\" class=\"alignleft size-medium wp-image-127114\" srcset=\"https:\/\/www.pauljorion.com\/blog\/wp-content\/uploads\/F-26-3-21-300x203.png 300w, https:\/\/www.pauljorion.com\/blog\/wp-content\/uploads\/F-26-3-21.png 748w\" sizes=\"auto, (max-width: 300px) 100vw, 300px\" \/>\u00ab\u00a0Un A320 se crashe tous les jours\u00a0\u00bb, comme rappel\u00e9 fortement par Fran\u00e7ois Salachas, neurologue \u00e0 l&rsquo;h\u00f4pital de la Piti\u00e9-Salp\u00eatri\u00e8re \u00e0 Paris (sur <a href=\"https:\/\/www.bfmtv.com\/sante\/un-a320-se-crashe-tous-les-jours-les-soignants-ulceres-par-la-strategie-mortifere-de-macron_AV-202103260029.html\" rel=\"noopener\" target=\"_blank\">BFMTV<\/a>)<\/p>\n<p>Autres paroles de soignants&nbsp;:<\/p>\n<blockquote><p>\u00ab\u00a0Nous ne sommes pas assez prot\u00e9g\u00e9s et nous avons l&rsquo;impression d&rsquo;un train lanc\u00e9 \u00e0 grande vitesse\u00a0\u00bb<br \/>\n\u00ab\u00a0Nous avons l&rsquo;impression de ne pas avoir \u00e9t\u00e9 entendus \u00e0 temps\u00a0\u00bb<br \/>\n\u00ab\u00a0Nous n&rsquo;avons pas les bras pour nous occuper des patients\u00a0\u00bb<br \/>\n\u00ab\u00a0Nous allons droit dans le mur\u00a0\u00bb<br \/>\n\u00ab\u00a0On essaye de camper sur cette position de ne pas confiner et de ne pas fermer les \u00e9coles alors que la situation est absolument dramatique\u00a0\u00bb<br \/>\n\u00ab\u00a0Strat\u00e9gie mortif\u00e8re du gouvernement\u00a0\u00bb<br \/>\n\u00ab\u00a0La vaccination ne peut pas aller plus vite que les arriv\u00e9es des doses\u00a0\u00bb<\/p><\/blockquote>\n<p><!--more--><\/p>\n<p>Dans l&rsquo;imm\u00e9diat, la question est : le confinement que Macron va devoir annoncer, probablement dans les tous prochains jours, arrivera-t-il \u00e0 temps pour emp\u00eacher le tri des malades en r\u00e9animation que les soignants avaient pu de justesse \u00e9viter en mars \/ avril 2020&nbsp;?<\/p>\n<p>A court terme, la question est : ce nouveau confinement, le gouvernement saura-t-il le faire d\u00e9boucher sur une strat\u00e9gie \u00ab\u00a0z\u00e9ro covid\u00a0\u00bb permettant de continuer la vaccination avec plus de s\u00e9r\u00e9nit\u00e9, y compris en cas de nouvelle mauvaise surprise sur les approvisionnements et \/ ou les nouveaux variants&nbsp;?<\/p>\n<p>A moyen et long terme, la question est : comment renouveler les \u00e9lites gouvernementales fran\u00e7aises (quel que soit leur parti) de fa\u00e7on \u00e0 ce qu&rsquo;elles sachent prendre en compte les faits et l&rsquo;\u00e9clairage des sciences plut\u00f4t que leurs illusions et l&rsquo;enfumage de telle ou telle id\u00e9ologie&nbsp;?<\/p>\n<p>Et quelque part entre le court et le moyen terme, plus pr\u00e9cis\u00e9ment dans un an \u00e0 peu pr\u00e8s, la question est : qui sera oppos\u00e9 \u00e0 Marine Le Pen au second tour de l&rsquo;\u00e9lection pr\u00e9sidentielle, sachant qu&rsquo;au vu de la catastrophe sanitaire de mars \/ avril 2021 ce ne sera tr\u00e8s probablement pas le pr\u00e9sident sortant&nbsp;? Droite mod\u00e9r\u00e9e&nbsp;: Bertrand, Philippe&nbsp;? Gauche&nbsp;: qui&nbsp;? Autre&nbsp;: g\u00e9n\u00e9ral de Villiers, candidat encore inconnu&nbsp;?<\/p>\n<p>Voici une raison d&rsquo;\u00eatre optimiste&nbsp;: c&rsquo;est qu&rsquo;une fois au fond du trou (baisse continue du niveau \u00e9ducatif, d\u00e9sindustrialisation, ch\u00f4mage de masse, augmentation des in\u00e9galit\u00e9s, catastrophe sanitaire&#8230;) la seule direction possible est vers le haut.<\/p>\n<p>&#8230; A condition, bien s\u00fbr, de ne pas chercher \u00e0 creuser&nbsp;!<\/p>\n","protected":false},"excerpt":{"rendered":"<p><img loading=\"lazy\" decoding=\"async\" src=\"https:\/\/www.pauljorion.com\/blog\/wp-content\/uploads\/F-26-3-21-300x203.png\" alt=\"\" width=\"300\" height=\"203\" class=\"alignleft size-medium wp-image-127114\" srcset=\"https:\/\/www.pauljorion.com\/blog\/wp-content\/uploads\/F-26-3-21-300x203.png 300w, https:\/\/www.pauljorion.com\/blog\/wp-content\/uploads\/F-26-3-21.png 748w\" sizes=\"auto, (max-width: 300px) 100vw, 300px\" \/>\u00ab\u00a0Un A320 se crashe tous les jours\u00a0\u00bb, comme rappel\u00e9 fortement par Fran\u00e7ois Salachas, neurologue \u00e0 l&rsquo;h\u00f4pital de la Piti\u00e9-Salp\u00eatri\u00e8re \u00e0 Paris (sur <a href=\"https:\/\/www.bfmtv.com\/sante\/un-a320-se-crashe-tous-les-jours-les-soignants-ulceres-par-la-strategie-mortifere-de-macron_AV-202103260029.html\" rel=\"noopener\" target=\"_blank\">BFMTV<\/a>)<\/p>\n<p>Autres paroles de soignants&nbsp;:<\/p>\n<blockquote>\n<p>\u00ab\u00a0Nous ne sommes pas assez prot\u00e9g\u00e9s et nous avons l&rsquo;impression d&rsquo;un train lanc\u00e9 \u00e0 grande vitesse\u00a0\u00bb<br \/> [&hellip;]<\/p>\n<\/blockquote>\n","protected":false},"author":1,"featured_media":0,"comment_status":"open","ping_status":"closed","sticky":false,"template":"","format":"standard","meta":{"footnotes":""},"categories":[7095,6301,4454],"tags":[7096,7019,7072,3766,1233,7102],"class_list":["post-127118","post","type-post","status-publish","format-standard","hentry","category-confinement","category-epidemiologie","category-france","tag-confinement","tag-coronavirus","tag-covid-19","tag-emmanuel-macron","tag-marine-le-pen","tag-pandemie"],"_links":{"self":[{"href":"https:\/\/www.pauljorion.com\/blog\/wp-json\/wp\/v2\/posts\/127118","targetHints":{"allow":["GET"]}}],"collection":[{"href":"https:\/\/www.pauljorion.com\/blog\/wp-json\/wp\/v2\/posts"}],"about":[{"href":"https:\/\/www.pauljorion.com\/blog\/wp-json\/wp\/v2\/types\/post"}],"author":[{"embeddable":true,"href":"https:\/\/www.pauljorion.com\/blog\/wp-json\/wp\/v2\/users\/1"}],"replies":[{"embeddable":true,"href":"https:\/\/www.pauljorion.com\/blog\/wp-json\/wp\/v2\/comments?post=127118"}],"version-history":[{"count":5,"href":"https:\/\/www.pauljorion.com\/blog\/wp-json\/wp\/v2\/posts\/127118\/revisions"}],"predecessor-version":[{"id":127123,"href":"https:\/\/www.pauljorion.com\/blog\/wp-json\/wp\/v2\/posts\/127118\/revisions\/127123"}],"wp:attachment":[{"href":"https:\/\/www.pauljorion.com\/blog\/wp-json\/wp\/v2\/media?parent=127118"}],"wp:term":[{"taxonomy":"category","embeddable":true,"href":"https:\/\/www.pauljorion.com\/blog\/wp-json\/wp\/v2\/categories?post=127118"},{"taxonomy":"post_tag","embeddable":true,"href":"https:\/\/www.pauljorion.com\/blog\/wp-json\/wp\/v2\/tags?post=127118"}],"curies":[{"name":"wp","href":"https:\/\/api.w.org\/{rel}","templated":true}]}}