{"id":127350,"date":"2021-04-11T10:27:46","date_gmt":"2021-04-11T08:27:46","guid":{"rendered":"https:\/\/www.pauljorion.com\/blog\/?p=127350"},"modified":"2021-04-11T10:28:20","modified_gmt":"2021-04-11T08:28:20","slug":"les-etats-unis-auront-ils-2-ou-7-ans-davance-sur-la-france","status":"publish","type":"post","link":"https:\/\/www.pauljorion.com\/blog\/2021\/04\/11\/les-etats-unis-auront-ils-2-ou-7-ans-davance-sur-la-france\/","title":{"rendered":"<b>Les \u00c9tats-Unis auront-ils 2 ou 7 ans d\u2019avance sur la France&nbsp;?<\/b>"},"content":{"rendered":"<p class=\"p1\"><img loading=\"lazy\" decoding=\"async\" src=\"https:\/\/www.pauljorion.com\/blog\/wp-content\/uploads\/20190116_175425-1-150x150.jpg\" alt=\"\" width=\"150\" height=\"150\" class=\"alignleft size-thumbnail wp-image-108713\" \/>On aime penser en France que la nation n\u2019est pas un \u00ab\u00a0pays satellite des \u00c9tats-Unis\u00a0\u00bb, mais la r\u00e9alit\u00e9 est \u00e0 l\u2019inverse, et la question est de mani\u00e8re g\u00e9n\u00e9rale de savoir quel sera le d\u00e9lai entre ce que l\u2019on voit aux US et ce que l\u2019on observera en France. Pourquoi un simple d\u00e9lai ? Parce que durant deux si\u00e8cles, tout Europ\u00e9en qui \u00ab\u00a0en voulait\u00a0\u00bb s\u2019exilait au Nouveau-Monde et y trouvait un terrain r\u00e9ceptif \u00e0 son sens de l\u2019initiative, r\u00e9compens\u00e9 par une aisance mat\u00e9rielle lib\u00e9rant l\u2019esprit, ce qui faisait de fait des \u00c9tats-Unis, en raison de l\u2019exode des intelligences et des volont\u00e9s de r\u00e9ussir, une super-Europe de toutes les avant-gardes.<\/p>\n<p class=\"p1\">La question est alors : la France va-t-elle s\u2019offrir comme les \u00c9tats-Unis un \u00e9pisode de d\u00e9magogie fascisante de quatre ans (qui en France, serait de cinq ann\u00e9es) avant de suivre son exemple pr\u00e9sent de ressuscitation d\u2019un \u00c9tat-providence ou, mieux dit : d\u2019un \u00c9tat de Bien-\u00catre ? Ou bien va-t-elle, plus intelligemment, op\u00e9rer le raccourci d\u2019un tournant vers le socialisme d\u00e8s 2022 ?<span class=\"Apple-converted-space\">\u00a0<\/span><\/p>\n<p><!--more--><\/p>\n<p class=\"p1\">Une personnalit\u00e9 g\u00e9n\u00e9reuse, sinc\u00e8re, directe, le c\u0153ur sur la main, d\u00e9bordant d\u2019\u00e9nergie, sur la m\u00eame longueur d\u2019onde que les <i>gens ordinaires, <\/i>aim\u00e9e et admir\u00e9e dans tous les foyers, est capable d\u2019op\u00e9rer ce raccourci et d\u2019\u00e9pargner \u00e0 la nation cinq ann\u00e9es de d\u00e9lire politique, d\u2019exclusion, et de souffrances.<\/p>\n<p><iframe loading=\"lazy\" width=\"700\" height=\"400\" class=\"aligncenter\" src=\"https:\/\/www.youtube.com\/embed\/JsgvVlJm_NQ\" title=\"YouTube video player\" frameborder=\"0\" allow=\"accelerometer; autoplay; clipboard-write; encrypted-media; gyroscope; picture-in-picture\" allowfullscreen><\/iframe><\/p>\n","protected":false},"excerpt":{"rendered":"<p class=\"p1\"><img loading=\"lazy\" decoding=\"async\" src=\"https:\/\/www.pauljorion.com\/blog\/wp-content\/uploads\/20190116_175425-1-150x150.jpg\" alt=\"\" width=\"150\" height=\"150\" class=\"alignleft size-thumbnail wp-image-108713\" \/>On aime penser en France que la nation n\u2019est pas un \u00ab\u00a0pays satellite des \u00c9tats-Unis\u00a0\u00bb, mais la r\u00e9alit\u00e9 est \u00e0 l\u2019inverse, et la question est de mani\u00e8re g\u00e9n\u00e9rale de savoir quel sera le d\u00e9lai entre ce que l\u2019on voit aux US et ce que l\u2019on observera [&hellip;]<\/p>\n","protected":false},"author":1,"featured_media":0,"comment_status":"open","ping_status":"closed","sticky":false,"template":"","format":"standard","meta":{"footnotes":""},"categories":[6251,4454,4904],"tags":[1760,3766,4475],"class_list":["post-127350","post","type-post","status-publish","format-standard","hentry","category-etat-providence","category-france","category-socialisme","tag-election-presidentielle-francaise","tag-emmanuel-macron","tag-etats-unis"],"_links":{"self":[{"href":"https:\/\/www.pauljorion.com\/blog\/wp-json\/wp\/v2\/posts\/127350","targetHints":{"allow":["GET"]}}],"collection":[{"href":"https:\/\/www.pauljorion.com\/blog\/wp-json\/wp\/v2\/posts"}],"about":[{"href":"https:\/\/www.pauljorion.com\/blog\/wp-json\/wp\/v2\/types\/post"}],"author":[{"embeddable":true,"href":"https:\/\/www.pauljorion.com\/blog\/wp-json\/wp\/v2\/users\/1"}],"replies":[{"embeddable":true,"href":"https:\/\/www.pauljorion.com\/blog\/wp-json\/wp\/v2\/comments?post=127350"}],"version-history":[{"count":6,"href":"https:\/\/www.pauljorion.com\/blog\/wp-json\/wp\/v2\/posts\/127350\/revisions"}],"predecessor-version":[{"id":127356,"href":"https:\/\/www.pauljorion.com\/blog\/wp-json\/wp\/v2\/posts\/127350\/revisions\/127356"}],"wp:attachment":[{"href":"https:\/\/www.pauljorion.com\/blog\/wp-json\/wp\/v2\/media?parent=127350"}],"wp:term":[{"taxonomy":"category","embeddable":true,"href":"https:\/\/www.pauljorion.com\/blog\/wp-json\/wp\/v2\/categories?post=127350"},{"taxonomy":"post_tag","embeddable":true,"href":"https:\/\/www.pauljorion.com\/blog\/wp-json\/wp\/v2\/tags?post=127350"}],"curies":[{"name":"wp","href":"https:\/\/api.w.org\/{rel}","templated":true}]}}