{"id":127714,"date":"2021-05-09T19:44:37","date_gmt":"2021-05-09T17:44:37","guid":{"rendered":"https:\/\/www.pauljorion.com\/blog\/?p=127714"},"modified":"2021-05-09T19:44:37","modified_gmt":"2021-05-09T17:44:37","slug":"vincent-etait-a-la-manif-et-moi-je-suis-tres-fier","status":"publish","type":"post","link":"https:\/\/www.pauljorion.com\/blog\/2021\/05\/09\/vincent-etait-a-la-manif-et-moi-je-suis-tres-fier\/","title":{"rendered":"<b>Vincent \u00e9tait \u00e0 la manif&#8230; et moi je suis tr\u00e8s fier&nbsp;!<\/b>"},"content":{"rendered":"<p><a href=\"https:\/\/www.pauljorion.com\/blog\/2021\/05\/09\/vincent-etait-a-la-manif-et-moi-je-suis-tres-fier\/vincent-a-la-manif\/\" rel=\"attachment wp-att-127715\"><img loading=\"lazy\" decoding=\"async\" class=\"aligncenter size-full wp-image-127715\" src=\"https:\/\/www.pauljorion.com\/blog\/wp-content\/uploads\/Vincent-a\u0300-la-manif.jpeg\" alt=\"\" width=\"1280\" height=\"960\" srcset=\"https:\/\/www.pauljorion.com\/blog\/wp-content\/uploads\/Vincent-a\u0300-la-manif.jpeg 1280w, https:\/\/www.pauljorion.com\/blog\/wp-content\/uploads\/Vincent-a\u0300-la-manif-300x225.jpeg 300w, https:\/\/www.pauljorion.com\/blog\/wp-content\/uploads\/Vincent-a\u0300-la-manif-1024x768.jpeg 1024w, https:\/\/www.pauljorion.com\/blog\/wp-content\/uploads\/Vincent-a\u0300-la-manif-768x576.jpeg 768w\" sizes=\"auto, (max-width: 1280px) 100vw, 1280px\" \/><\/a><\/p>\n<p>En 2016, j&rsquo;avais \u00e9crit dans <em>Le dernier qui s&rsquo;en va \u00e9teint la lumi\u00e8re<\/em> : \u00ab\u00a0Pensez-y, dirigeants d&rsquo;entreprises : plus de profit sur une plan\u00e8te morte\u00a0\u00bb.<\/p>\n","protected":false},"excerpt":{"rendered":"<p><a href=\"https:\/\/www.pauljorion.com\/blog\/2021\/05\/09\/vincent-etait-a-la-manif-et-moi-je-suis-tres-fier\/vincent-a-la-manif\/\" rel=\"attachment wp-att-127715\"><img loading=\"lazy\" decoding=\"async\" class=\"aligncenter size-full wp-image-127715\" src=\"https:\/\/www.pauljorion.com\/blog\/wp-content\/uploads\/Vincent-a\u0300-la-manif.jpeg\" alt=\"\" width=\"1280\" height=\"960\" srcset=\"https:\/\/www.pauljorion.com\/blog\/wp-content\/uploads\/Vincent-a\u0300-la-manif.jpeg 1280w, https:\/\/www.pauljorion.com\/blog\/wp-content\/uploads\/Vincent-a\u0300-la-manif-300x225.jpeg 300w, https:\/\/www.pauljorion.com\/blog\/wp-content\/uploads\/Vincent-a\u0300-la-manif-1024x768.jpeg 1024w, https:\/\/www.pauljorion.com\/blog\/wp-content\/uploads\/Vincent-a\u0300-la-manif-768x576.jpeg 768w\" sizes=\"auto, (max-width: 1280px) 100vw, 1280px\" \/><\/a><\/p>\n<p>En 2016, j&rsquo;avais \u00e9crit dans <em>Le dernier qui s&rsquo;en va \u00e9teint la lumi\u00e8re<\/em> : \u00ab\u00a0Pensez-y, dirigeants d&rsquo;entreprises : plus de profit sur une plan\u00e8te morte\u00a0\u00bb.<\/p>\n","protected":false},"author":1,"featured_media":0,"comment_status":"open","ping_status":"closed","sticky":false,"template":"","format":"standard","meta":{"footnotes":""},"categories":[8126],"tags":[4327,4209,4608],"class_list":["post-127714","post","type-post","status-publish","format-standard","hentry","category-le-dernier-qui-sen-va-eteint-la-lumiere-2","tag-le-dernier-qui-sen-va-eteint-la-lumiere","tag-extinction-du-genre-humain","tag-greenpeace"],"_links":{"self":[{"href":"https:\/\/www.pauljorion.com\/blog\/wp-json\/wp\/v2\/posts\/127714","targetHints":{"allow":["GET"]}}],"collection":[{"href":"https:\/\/www.pauljorion.com\/blog\/wp-json\/wp\/v2\/posts"}],"about":[{"href":"https:\/\/www.pauljorion.com\/blog\/wp-json\/wp\/v2\/types\/post"}],"author":[{"embeddable":true,"href":"https:\/\/www.pauljorion.com\/blog\/wp-json\/wp\/v2\/users\/1"}],"replies":[{"embeddable":true,"href":"https:\/\/www.pauljorion.com\/blog\/wp-json\/wp\/v2\/comments?post=127714"}],"version-history":[{"count":2,"href":"https:\/\/www.pauljorion.com\/blog\/wp-json\/wp\/v2\/posts\/127714\/revisions"}],"predecessor-version":[{"id":127717,"href":"https:\/\/www.pauljorion.com\/blog\/wp-json\/wp\/v2\/posts\/127714\/revisions\/127717"}],"wp:attachment":[{"href":"https:\/\/www.pauljorion.com\/blog\/wp-json\/wp\/v2\/media?parent=127714"}],"wp:term":[{"taxonomy":"category","embeddable":true,"href":"https:\/\/www.pauljorion.com\/blog\/wp-json\/wp\/v2\/categories?post=127714"},{"taxonomy":"post_tag","embeddable":true,"href":"https:\/\/www.pauljorion.com\/blog\/wp-json\/wp\/v2\/tags?post=127714"}],"curies":[{"name":"wp","href":"https:\/\/api.w.org\/{rel}","templated":true}]}}