{"id":128304,"date":"2021-06-14T15:27:37","date_gmt":"2021-06-14T13:27:37","guid":{"rendered":"https:\/\/www.pauljorion.com\/blog\/?p=128304"},"modified":"2021-06-14T15:27:37","modified_gmt":"2021-06-14T13:27:37","slug":"de-quoi-la-zemmourisation-des-esprits-est-elle-le-nom-par-dalla-vecchia-luigi","status":"publish","type":"post","link":"https:\/\/www.pauljorion.com\/blog\/2021\/06\/14\/de-quoi-la-zemmourisation-des-esprits-est-elle-le-nom-par-dalla-vecchia-luigi\/","title":{"rendered":"<b>De quoi la Zemmourisation des esprits est-elle le nom&nbsp;?<\/b> par Dalla Vecchia Luigi"},"content":{"rendered":"<p><img loading=\"lazy\" decoding=\"async\" src=\"https:\/\/www.pauljorion.com\/blog\/wp-content\/uploads\/Effondrement-150x150.png\" alt=\"\" width=\"150\" height=\"150\" class=\"alignleft size-thumbnail wp-image-125411\" \/>Ah la la ! la Zemmourisation des esprits en France, \u00e0 laquelle fait r\u00e9f\u00e9rence Paul Jorion, de quoi est-elle le nom ?<\/p>\n<p>\u00c0 mon avis elle se cristallise en r\u00e9action du glissement op\u00e9r\u00e9 par les politiques, d&rsquo;une gestion orient\u00e9e initialement vers les gens et les int\u00e9r\u00eats nationaux qui s&rsquo;y rapportent (int\u00e9r\u00eats strat\u00e9giques), \u00e0 une gestion par les masses \u00e9conomiques dont l&rsquo;enjeu n&rsquo;est plus la population, son d\u00e9veloppement et son bien-\u00eatre, mais la constante veille \u00e0 la lubrification d&rsquo;un business \u00e9conomique mondial dont les retomb\u00e9es sont cens\u00e9es (sans y regarder de trop pr\u00e8s) pleuvoir par l&rsquo;op\u00e9ration du Saint-Esprit d&rsquo;Adam Smith, sur le citoyen de base ; malheureusement  dans une acception de la citoyennet\u00e9 rabaiss\u00e9e par l&rsquo;amputation de toute possibilit\u00e9 d&rsquo;influer sur les orientations \u00e9conomiques. Ce qui se voit dans les m\u00e9dias mainstream, l&rsquo;\u00e9conomique a disparu des d\u00e9bats, de m\u00eame que son corollaire par voie de cons\u00e9quence, \u00ab\u00a0le social\u00a0\u00bb, au profit uniquement du soci\u00e9tal dans une concurrence des causes libertariennes qui veut remplacer les luttes sociales par la conqu\u00eate de \u00ab\u00a0libert\u00e9s\u00a0\u00bb anecdotiques ou client\u00e9listes (une libert\u00e9 qui s&rsquo;apparente \u00e0 une consommation).<br \/>\n<!--more--><br \/>\nDu reste, m\u00eame les Insoumis s&rsquo;inscrivent trop souvent dans ce courant libertarien lorsqu&rsquo;ils s&rsquo;inventent une vocation illusoire \u00e0 combattre l&rsquo;extr\u00eame-droite plut\u00f4t qu&rsquo;\u00e0 s&rsquo;efforcer de conqu\u00e9rir le pouvoir. La marche des libert\u00e9s, c&rsquo;\u00e9tait pour moi du dernier ridicule, libert\u00e9 de quoi, pour qui ? A-t-on d\u00e9fendu les SDF pour leur obtenir d&rsquo;\u00eatre prioritaires dans les attentions de l&rsquo;\u00c9tat ? A-t-on obtenu quoi que ce soit sur l&#8217;emploi ? Les salaires ? Voil\u00e0 une cause qui n&rsquo;engage aucun bras de fer, ce qui est bien commode et qui permet de promener  le bobo dans une ambiance bon enfant qui n&rsquo;engage \u00e0 rien, surtout pas \u00e0 sortir le moindre argent de sa poche, ni \u00e0 engager le moindre effort pour s&rsquo;opposer. La gauche libertarienne a promen\u00e9 sa bonne conscience pour lui faire prendre l&rsquo;air en s&rsquo;inventant des combats chim\u00e9riques pleins de grandiloquence. <\/p>\n<p>Pourtant il y aurait de quoi faire en-dehors de se projeter en miroir de Mme Lepen pour faire gagner Macron !<\/p>\n<p>En effet, on en est au point, en Europe, o\u00f9 m\u00eame un pays confront\u00e9 \u00e0 des difficult\u00e9s majeures de nature exclusivement nationales, ne peut d\u00e9cider d&rsquo;utiliser, ne serait-ce qu&rsquo;un temps, ses ressources, \u00e0 l&rsquo;exclusive allocation de ses n\u00e9cessit\u00e9s du moment (par la volont\u00e9 globalis\u00e9e d&rsquo;une classe de dirigeants dont l&rsquo;ob\u00e9dience ne fait plus myst\u00e8re).<\/p>\n<p>Impossible pour lui de fermer ses fronti\u00e8res en cas de pand\u00e9mie (on a vu qu&rsquo;il fallait approcher le collapse total du pays pour s&rsquo;y r\u00e9signer sans conviction, avec des trous dans la raquette, de multiples n\u00e9gligences, des oublis volontairement coupables, une r\u00e9activit\u00e9 en fonction de la une des m\u00e9dias, et m\u00eame l\u00e0, une d\u00e9ficience en \u00e9quipement crasse, [pas m\u00eame des indicateurs de temp\u00e9ratures corporelles]).<\/p>\n<p>Impossibilit\u00e9 (ou plut\u00f4t refus) d&rsquo;introduire dans les appels d&rsquo;offres publiques ne serait-ce que la primaut\u00e9 au local et au national, alors que \u00ab\u00a0primaut\u00e9\u00a0\u00bb ne signifie pas exclusive. Et que personne ne parle d&#8217;emp\u00eacher le secteur priv\u00e9, avec de l&rsquo;argent priv\u00e9, d&rsquo;acheter \u00e0 l&rsquo;import&#8230; Il serait normal que l&rsquo;argent des sacrifices des Fran\u00e7ais qui payent l&rsquo;imp\u00f4t aille en retour aux efforts \u00e9conomiques nationaux&#8230; le secteur priv\u00e9 restant libre de ses importations&#8230;<br \/>\nAinsi m\u00eame la Gr\u00e8ce en p\u00e9riode de banqueroute fut oblig\u00e9e de continuer \u00e0 acheter \u00ab\u00a0\u00e9tranger\u00a0\u00bb avec ses imp\u00f4ts, plut\u00f4t que d&rsquo;essayer de les utiliser pour donner des d\u00e9bouch\u00e9s \u00e0 ses entreprises aux abois, ou plus grave \u00e0 ses h\u00f4pitaux. <\/p>\n<p>La moindre subvention \u00e0 ses entreprises nationales, m\u00eame strat\u00e9giques, ou d&rsquo;int\u00e9r\u00eats vitaux, est interdite ou doit se pr\u00e9senter sous forme de dettes contract\u00e9es accompagn\u00e9es de multiples compensations aux int\u00e9r\u00eats financiers sans fronti\u00e8re, qui vont ainsi en profitant des efforts consentis, parasiter et amoindrir d&rsquo;autant les rem\u00e9diations en cours&#8230;.<\/p>\n<p>Chaque centime d&rsquo;argent public d\u00e9pens\u00e9 doit l&rsquo;\u00eatre en passant par la grande lessiveuse du capitalisme international qui en fait ses choux gras, pour ensuite reprocher aux \u00e9tats toute allocation des ressources qui iraient directement aux gens (sans passer par eux)&#8230; Telle est la psalmodie de la secte lib\u00e9rale de droite et de gauche dont la promesse n&rsquo;est pas le paradis, mais le ruissellement cens\u00e9 amener des lendemains qui chantent dans un enrichissement de tous (et un appauvrissement de tous les communs sous pr\u00e9texte de bonne gestion).<\/p>\n<p>Et de quoi sommes-nous plus riches? De la dette h\u00e9rit\u00e9e des frasques bancaires ; du RMI transform\u00e9 en RSA (histoire, face \u00e0 l&rsquo;incurie de l&#8217;emploi, de transformer un droit en devoir de subordination ubuesque puisque la quantit\u00e9 d&#8217;emplois se r\u00e9tr\u00e9cit comme peau de chagrin) ; de moins d&rsquo;h\u00f4pitaux et de personnels d\u00e9di\u00e9s ; d&rsquo;une paup\u00e9risation des m\u00e9tiers (en particulier sanitaires, mais aussi de profession agricole, artisanale, lib\u00e9rale, atomis\u00e9es en autoentrepreneurs et autre free-lance&#8230;) ; d&rsquo;un naufrage de l&rsquo;\u00e9cole, de la baisse des effectifs partout, qui fait qu&rsquo;on ne tient plus le r\u00e9galien ; de la rupture d&rsquo;\u00e9galit\u00e9 r\u00e9publicaine entre les territoires (on accepte sans y opposer d&rsquo;am\u00e9nagement du territoire, les cimeti\u00e8res ruraux et urbains, avec une in\u00e9galit\u00e9 d&rsquo;acc\u00e8s aux services de premi\u00e8re n\u00e9cessit\u00e9) ; m\u00eame la citoyennet\u00e9 n&rsquo;est plus garante de la plus simple \u00e9galit\u00e9, puisqu&rsquo;en p\u00e9riode de ch\u00f4mage de masse, les jeunes n&rsquo;ont toujours pas droit \u00e0 leur s\u00e9curit\u00e9 \u00e9conomique (pas de RSA), repoussant ainsi la majorit\u00e9 citoyenne \u00e0 26 ans et occasionnant \u00e0 mon sens la plus grande des discriminations (ce qui d&rsquo;ailleurs m&rsquo;a toujours paru ill\u00e9gal, sans qu&rsquo;aucun syndicat ou parti politique ne s&rsquo;en soit jamais pr\u00e9occup\u00e9)<\/p>\n<p>Zemmour a de beaux jours devant lui puisqu\u2019\u00e0 droite, comme \u00e0 gauche, le lib\u00e9ralisme ne se discute pas, et c&rsquo;est un angle mort des Insoumis qui esp\u00e8rent toujours une alliance avec le PS dont est anciennement issu M\u00e9lenchon. <\/p>\n<p>Finalement opposer un Ruffin de gauche, \u00e0 l&rsquo;\u00e9lectorat zemmourien de droite ce serait peut-\u00eatre un bon moyen d&rsquo;atomiser les candidatures de la gauche frelat\u00e9e de Mme Hidalgo, et des monomaniaques atterr\u00e9s dont l&rsquo;unique pens\u00e9e est le s\u00e9curitarisme. On pourrait alors gagner face \u00e0 Macron&#8230; En fait, Paul Jorion doit avoir raison, m\u00eame si j&rsquo;ai toujours un petit faible pour No\u00ebl Mam\u00e8re&#8230;<\/p>\n","protected":false},"excerpt":{"rendered":"<p><img loading=\"lazy\" decoding=\"async\" src=\"https:\/\/www.pauljorion.com\/blog\/wp-content\/uploads\/Effondrement-150x150.png\" alt=\"\" width=\"150\" height=\"150\" class=\"alignleft size-thumbnail wp-image-125411\" \/>Ah la la ! la Zemmourisation des esprits en France, \u00e0 laquelle fait r\u00e9f\u00e9rence Paul Jorion, de quoi est-elle le nom ?<\/p>\n<p>\u00c0 mon avis elle se cristallise en r\u00e9action du glissement op\u00e9r\u00e9 par les politiques, d&rsquo;une gestion orient\u00e9e initialement vers les gens et les int\u00e9r\u00eats nationaux [&hellip;]<\/p>\n","protected":false},"author":1,"featured_media":0,"comment_status":"open","ping_status":"closed","sticky":false,"template":"","format":"standard","meta":{"footnotes":""},"categories":[4454,17],"tags":[4067,4785,8058],"class_list":["post-128304","post","type-post","status-publish","format-standard","hentry","category-france","category-politique","tag-eric-zemmour","tag-francois-ruffin","tag-zemmourisation"],"_links":{"self":[{"href":"https:\/\/www.pauljorion.com\/blog\/wp-json\/wp\/v2\/posts\/128304","targetHints":{"allow":["GET"]}}],"collection":[{"href":"https:\/\/www.pauljorion.com\/blog\/wp-json\/wp\/v2\/posts"}],"about":[{"href":"https:\/\/www.pauljorion.com\/blog\/wp-json\/wp\/v2\/types\/post"}],"author":[{"embeddable":true,"href":"https:\/\/www.pauljorion.com\/blog\/wp-json\/wp\/v2\/users\/1"}],"replies":[{"embeddable":true,"href":"https:\/\/www.pauljorion.com\/blog\/wp-json\/wp\/v2\/comments?post=128304"}],"version-history":[{"count":2,"href":"https:\/\/www.pauljorion.com\/blog\/wp-json\/wp\/v2\/posts\/128304\/revisions"}],"predecessor-version":[{"id":128306,"href":"https:\/\/www.pauljorion.com\/blog\/wp-json\/wp\/v2\/posts\/128304\/revisions\/128306"}],"wp:attachment":[{"href":"https:\/\/www.pauljorion.com\/blog\/wp-json\/wp\/v2\/media?parent=128304"}],"wp:term":[{"taxonomy":"category","embeddable":true,"href":"https:\/\/www.pauljorion.com\/blog\/wp-json\/wp\/v2\/categories?post=128304"},{"taxonomy":"post_tag","embeddable":true,"href":"https:\/\/www.pauljorion.com\/blog\/wp-json\/wp\/v2\/tags?post=128304"}],"curies":[{"name":"wp","href":"https:\/\/api.w.org\/{rel}","templated":true}]}}