{"id":129022,"date":"2021-08-05T08:35:40","date_gmt":"2021-08-05T06:35:40","guid":{"rendered":"https:\/\/www.pauljorion.com\/blog\/?p=129022"},"modified":"2021-08-05T08:35:40","modified_gmt":"2021-08-05T06:35:40","slug":"le-passe-sanitaire-rehabilite-la-vision-du-bien-commun-par-kim-gordon-bates","status":"publish","type":"post","link":"https:\/\/www.pauljorion.com\/blog\/2021\/08\/05\/le-passe-sanitaire-rehabilite-la-vision-du-bien-commun-par-kim-gordon-bates\/","title":{"rendered":"<b>Le passe sanitaire r\u00e9habilite la vision du \u00ab&nbsp;bien commun&nbsp;\u00bb<\/b>, par  Kim Gordon-Bates"},"content":{"rendered":"<p><img loading=\"lazy\" decoding=\"async\" src=\"https:\/\/www.pauljorion.com\/blog\/wp-content\/uploads\/Classe-150x150.png\" alt=\"\" width=\"150\" height=\"150\" class=\"alignleft size-thumbnail wp-image-126752\" \/>Je suis en d\u00e9saccord avec ceux qui s\u2019opposent au passe sanitaire obligatoire tant il me semble \u00eatre une reprise opportuniste fa\u00e7onn\u00e9e non selon l&rsquo;urgence m\u00e9dicale pr\u00e9sente mais par une consid\u00e9ration bassement politicienne, commune \u00e0 presque toute la gauche en France &#8211; et effet, il est assez pittoresque et r\u00e9v\u00e9lateur qu&rsquo;au Royaume Uni, la gauche demande des mesures plus fermes et contraignantes du gouvernement Johnson (qu&rsquo;on n&rsquo;aime mais alors vraiment pas du tout) alors qu&rsquo;en France cette m\u00eame gauche (et \u00e9colos) s&rsquo;insurge contre de telles mesures au nom de la \u00ab\u00a0libert\u00e9 individuelle\u00a0\u00bb. Il me semble que face \u00e0 Macron (!), et peut \u00eatre depuis quelque temps, la gauche fran\u00e7aise (et les \u00e9colos !) ont perdu d\u2019esprit (sinon de vue) la notion de \u00ab bien commun \u00bb. Certes dans le pass\u00e9, la gauche, stalinienne notamment, mettait en avant ce concept pour r\u00e9primer les libert\u00e9s individuelles au nom du Parti car l\u2019int\u00e9r\u00eat de classe primait sur l\u2019individu. C\u2019\u00e9tait notamment une \u00e9poque o\u00f9 le PC et d\u2019autres formations \u00e0 gauche estimaient que le f\u00e9minisme et l\u2019\u00e9cologie pour ne citer que ces deux consid\u00e9rations-l\u00e0 n\u2019\u00e9taient que des consid\u00e9rations \u00ab petites-bourgeoises \u00bb et se r\u00e9gleraient naturellement avec la \u00ab dictature du prol\u00e9tariat&nbsp;\u00bb. Bon, on a vu ce que cela a donn\u00e9 \u2013 et ce n\u2019\u00e9tait en fin de compte pas si diff\u00e9rent de la vision fasciste qui remplace \u00ab classe&nbsp;\u00bb par \u00ab race&nbsp;\u00bb ou \u00ab nation&nbsp;\u00bb.<br \/>\n<!--more--><\/p>\n<p>Cette vision extr\u00eame du \u00ab bien commun \u00bb  a \u00e9t\u00e9 h\u00e9rit\u00e9e par la Chine d\u2019aujourd\u2019hui. Une vision d\u00e9coulant d\u2019un pass\u00e9 communiste mais aux relents actuels totalement facho. Ainsi, le \u00ab\u00a0cr\u00e9dit social\u00a0\u00bb \u00e0 la chinoise, qui d\u00e9pend d&rsquo;une surveillance quasiment intime de tout individu et de son \u00ab\u00a0classement\u00a0\u00bb \u00e0 l&rsquo;aune du Parti est une excroissance ou plut\u00f4t un pilier d&rsquo;un certain fascisme moderne. J&rsquo;ose n\u00e9anmoins arguer que l&rsquo;imposition du passe sanitaire de Macron n&rsquo;a rien \u00e0 voir avec ces chinoiseries-l\u00e0. Par contre, le concept de \u00ab bien commun \u00bb qui est normalement une vision humaniste de la gauche (et des \u00e9colos non fachos) a \u00e9t\u00e9 plut\u00f4t malmen\u00e9e ces derniers temps : soit par opposition opportuniste \u00e0 Macron, soit parce que la gauche est devenue totalement individualiste, on veut sa libert\u00e9 individuelle au d\u00e9triment des autres, au d\u00e9triment du \u00ab bien commun \u00bb. Or lorsqu\u2019il y a une crise aigu\u00eb, il est normal que dans des cas et des conditions bien pr\u00e9cises et pour une dur\u00e9e limit\u00e9e (le temps de la crise aigu\u00eb), certaines libert\u00e9s fondamentales, individuelles, soient mises en veilleuse afin de pr\u00e9server la communaut\u00e9. Une situation de pand\u00e9mie tombe dans ce cas de figure d\u2019autant que j\u2019estime que cette situation n\u2019exige pas qu\u2019on d\u00e9roge \u00e0 de r\u00e9elles libert\u00e9s mais simplement qu\u2019on adapte son comportement et qu\u2019on se plie \u00e0 certaines exigences administratives afin de r\u00e9soudre un probl\u00e8me essentiellement m\u00e9dical et sanitaire (avec certes, un volet social selon les in\u00e9galit\u00e9s). <\/p>\n<p>Un virus se fiche des \u00ab\u00a0libert\u00e9s individuelles\u00a0\u00bb ; une pand\u00e9mie se combat avant tout avec des mesures m\u00e9dicales et sanitaires et nous voulons tous que cette saloperie se termine. La premi\u00e8re urgence, vous en conviendrez j&rsquo;esp\u00e8re, est de sauver ou de prot\u00e9ger des vies humaines ; s&rsquo;il y a choix entre la vie et les \u00ab\u00a0libert\u00e9s\u00a0\u00bb, nous sommes oblig\u00e9s de donner priorit\u00e9 \u00e0 la vie d&rsquo;autant que je ne crois pas un instant que lesdites \u00ab\u00a0libert\u00e9s\u00a0\u00bb soient actuellement menac\u00e9es. Un virus se propage et contamine, son profil g\u00e9n\u00e9tique va muter ( = accidents de reproduction) en proportionnalit\u00e9 directe avec sa masse effective: plus il y a de virus, plus il y a de (mal)chance que des variants \u00ab\u00a0r\u00e9ussis\u00a0\u00bb (du point de vue du virus) apparaissent et compliquent la donne. De m\u00eame, la seule fa\u00e7on de constituer une immunit\u00e9 collective est de faire en sorte qu&rsquo;une grande majorit\u00e9 de la population (70%, 80%, plus ?) soit effectivement vaccin\u00e9e. Cela parce qu\u2019aucun vaccin ne prot\u00e8ge \u00e0 100% et que m\u00eame vaccin\u00e9, un individu peut \u00ab\u00a0porter\u00a0\u00bb la saloperie. Comme dans le pass\u00e9, nous avons tous \u00e9t\u00e9 oblig\u00e9s de nous faire vacciner contre le polio, la tuberculose, la dipht\u00e9rie, la rub\u00e9ole&#8230; sans un certificat de vaccin officiel, il n&rsquo;y avait nulle scolarit\u00e9. Ceux d&rsquo;entre nous qui avons travaill\u00e9 en Afrique, en Asie, dans le Pacific&#8230; avions l&rsquo;obligation d&rsquo;\u00eatre vaccin\u00e9s contre la fi\u00e8vre jaune et parfois le chol\u00e9ra (bien que ce vaccin-l\u00e0 soit des moins efficaces et assez lourd \u00e0 absorber, de moins l&rsquo;\u00e9tait de mon temps) sans quoi on n&rsquo;entrait pas dans les pays concern\u00e9s (et donc pas dans ses bars, restaurant, cin\u00e9mas&#8230;) ; j&rsquo;ai ainsi 40 ans de passes sanitaires obligatoires &#8211; j&rsquo;ajoute que le fait de me faire vacciner dans ces conditions \u00e9tait plut\u00f4t une tr\u00e8s bonne chose n\u2019ayant aucune envie d\u2019attraper la fi\u00e8vre jaune, le chol\u00e9ra, quelques h\u00e9patites etc. La notion de certificats de vaccinations obligatoires n&rsquo;est donc pas nouvelle du tout, qu&rsquo;on appelle cela certificats, passes et m\u00eame pass&#8230; Et cela a permis d&rsquo;enrayer consid\u00e9rablement voire an\u00e9antir certaines terribles maladies (la variole notamment).  <\/p>\n<p>Ainsi, je pense que vaccin anti-Covid doit \u00eatre obligatoire (sauf pour raisons m\u00e9dicales av\u00e9r\u00e9es) pour arriver \u00e0 constituer une barri\u00e8re infranchissable (ou le plus possible) pour la transmission du virus. Afin de sauver des vies humaines, d\u00e9sengorger les services de r\u00e9animation, voire revenir \u00e0 une certaine normalit\u00e9. D\u00e8s lors que le vaccin est obligatoire, il faut bien une forme de contr\u00f4le ; en effet, c&rsquo;est tr\u00e8s certainement malheureux, mais vu l&rsquo;enjeu, on ne peut prendre la parole des gens comme argent comptant. Il faut donc des passes et si le vaccin est obligatoire, les passes doivent l&rsquo;\u00eatre aussi\u2026 quid erat demonstrandum.  <\/p>\n<p>D\u2019autant que les \u00ab\u00a0libert\u00e9s\u00a0\u00bb des Fran\u00e7ais ne sont pas affect\u00e9es s\u00e9rieusement, du moins pas par l\u2019imposition des \u00ab\u00a0passes\u00a0\u00bb. D&rsquo;abord parce que la personne qui ne veut pas se faire vacciner dans l&rsquo;\u00e9tat actuel des choses, peut toujours aller, il me semble, au cin\u00e9ma, restaurants, concerts si il ou elle est muni(e) d&rsquo;un PCR n\u00e9gatif r\u00e9cent. Nous avons en France de quoi nous prot\u00e9ger d\u2019une quelconque d\u00e9rive \u00e0 la chinoise, nous avons le CNIL \u2013 institution de la plus haute importance par les temps qui courent \u2013, nous avons le Conseil constitutionnel, les tribunaux et m\u00eame les \u00e9lections (boud\u00e9es par 60 % des Fran\u00e7ais !). Mais nous avons aussi le devoir de r\u00e9habiliter la vision du \u00ab bien commun \u00bb pour que notre soci\u00e9t\u00e9 ne tombe pas dans le travers de l\u2018ultra-individualisme lib\u00e9ral. Il s\u2019agit de faire la part des choses et d\u2019\u00eatre civiquement responsables. En effet, on ne peut pas reconna\u00eetre la \u00ab\u00a0libert\u00e9\u00a0\u00bb de mettre la sant\u00e9 ou la vie d&rsquo;autrui en danger. <\/p>\n","protected":false},"excerpt":{"rendered":"<p><img loading=\"lazy\" decoding=\"async\" src=\"https:\/\/www.pauljorion.com\/blog\/wp-content\/uploads\/Classe-150x150.png\" alt=\"\" width=\"150\" height=\"150\" class=\"alignleft size-thumbnail wp-image-126752\" \/>Je suis en d\u00e9saccord avec ceux qui s\u2019opposent au passe sanitaire obligatoire tant il me semble \u00eatre une reprise opportuniste fa\u00e7onn\u00e9e non selon l&rsquo;urgence m\u00e9dicale pr\u00e9sente mais par une consid\u00e9ration bassement politicienne, commune \u00e0 presque toute la gauche en France &#8211; et effet, il est assez pittoresque [&hellip;]<\/p>\n","protected":false},"author":1,"featured_media":0,"comment_status":"open","ping_status":"closed","sticky":false,"template":"","format":"standard","meta":{"footnotes":""},"categories":[6301],"tags":[7019,7072,7102,8258],"class_list":["post-129022","post","type-post","status-publish","format-standard","hentry","category-epidemiologie","tag-coronavirus","tag-covid-19","tag-pandemie","tag-passe-sanitaire"],"_links":{"self":[{"href":"https:\/\/www.pauljorion.com\/blog\/wp-json\/wp\/v2\/posts\/129022","targetHints":{"allow":["GET"]}}],"collection":[{"href":"https:\/\/www.pauljorion.com\/blog\/wp-json\/wp\/v2\/posts"}],"about":[{"href":"https:\/\/www.pauljorion.com\/blog\/wp-json\/wp\/v2\/types\/post"}],"author":[{"embeddable":true,"href":"https:\/\/www.pauljorion.com\/blog\/wp-json\/wp\/v2\/users\/1"}],"replies":[{"embeddable":true,"href":"https:\/\/www.pauljorion.com\/blog\/wp-json\/wp\/v2\/comments?post=129022"}],"version-history":[{"count":2,"href":"https:\/\/www.pauljorion.com\/blog\/wp-json\/wp\/v2\/posts\/129022\/revisions"}],"predecessor-version":[{"id":129024,"href":"https:\/\/www.pauljorion.com\/blog\/wp-json\/wp\/v2\/posts\/129022\/revisions\/129024"}],"wp:attachment":[{"href":"https:\/\/www.pauljorion.com\/blog\/wp-json\/wp\/v2\/media?parent=129022"}],"wp:term":[{"taxonomy":"category","embeddable":true,"href":"https:\/\/www.pauljorion.com\/blog\/wp-json\/wp\/v2\/categories?post=129022"},{"taxonomy":"post_tag","embeddable":true,"href":"https:\/\/www.pauljorion.com\/blog\/wp-json\/wp\/v2\/tags?post=129022"}],"curies":[{"name":"wp","href":"https:\/\/api.w.org\/{rel}","templated":true}]}}