{"id":129081,"date":"2021-08-08T17:40:03","date_gmt":"2021-08-08T15:40:03","guid":{"rendered":"https:\/\/www.pauljorion.com\/blog\/?p=129081"},"modified":"2021-08-08T17:42:01","modified_gmt":"2021-08-08T15:42:01","slug":"veille-effondrement-1-les-consequences-du-rechauffement-climatique-en-belgique","status":"publish","type":"post","link":"https:\/\/www.pauljorion.com\/blog\/2021\/08\/08\/veille-effondrement-1-les-consequences-du-rechauffement-climatique-en-belgique\/","title":{"rendered":"Veille effondrement #1 &#8211; <b>Les cons\u00e9quences du r\u00e9chauffement climatique en Belgique<\/b>"},"content":{"rendered":"<p>rtbf &#8211; <a href=\"https:\/\/www.rtbf.be\/info\/belgique\/detail_des-precipitations-extremes-de-longues-periodes-de-canicules-les-consequences-du-rechauffement-climatique-en-belgique?id=10819019\" rel=\"noopener\" target=\"_blank\">Des pr\u00e9cipitations extr\u00eames, de longues p\u00e9riodes de canicules\u2026 Les cons\u00e9quences du r\u00e9chauffement climatique en Belgique<\/a>, le 8 ao\u00fbt 2021<\/p>\n","protected":false},"excerpt":{"rendered":"<p>rtbf &#8211; <a href=\"https:\/\/www.rtbf.be\/info\/belgique\/detail_des-precipitations-extremes-de-longues-periodes-de-canicules-les-consequences-du-rechauffement-climatique-en-belgique?id=10819019\" rel=\"noopener\" target=\"_blank\">Des pr\u00e9cipitations extr\u00eames, de longues p\u00e9riodes de canicules\u2026 Les cons\u00e9quences du r\u00e9chauffement climatique en Belgique<\/a>, le 8 ao\u00fbt 2021<\/p>\n","protected":false},"author":1,"featured_media":0,"comment_status":"open","ping_status":"closed","sticky":false,"template":"","format":"standard","meta":{"footnotes":""},"categories":[8268],"tags":[499,172],"class_list":["post-129081","post","type-post","status-publish","format-standard","hentry","category-veille-effondrement","tag-belgique","tag-rechauffement-climatique"],"_links":{"self":[{"href":"https:\/\/www.pauljorion.com\/blog\/wp-json\/wp\/v2\/posts\/129081","targetHints":{"allow":["GET"]}}],"collection":[{"href":"https:\/\/www.pauljorion.com\/blog\/wp-json\/wp\/v2\/posts"}],"about":[{"href":"https:\/\/www.pauljorion.com\/blog\/wp-json\/wp\/v2\/types\/post"}],"author":[{"embeddable":true,"href":"https:\/\/www.pauljorion.com\/blog\/wp-json\/wp\/v2\/users\/1"}],"replies":[{"embeddable":true,"href":"https:\/\/www.pauljorion.com\/blog\/wp-json\/wp\/v2\/comments?post=129081"}],"version-history":[{"count":1,"href":"https:\/\/www.pauljorion.com\/blog\/wp-json\/wp\/v2\/posts\/129081\/revisions"}],"predecessor-version":[{"id":129082,"href":"https:\/\/www.pauljorion.com\/blog\/wp-json\/wp\/v2\/posts\/129081\/revisions\/129082"}],"wp:attachment":[{"href":"https:\/\/www.pauljorion.com\/blog\/wp-json\/wp\/v2\/media?parent=129081"}],"wp:term":[{"taxonomy":"category","embeddable":true,"href":"https:\/\/www.pauljorion.com\/blog\/wp-json\/wp\/v2\/categories?post=129081"},{"taxonomy":"post_tag","embeddable":true,"href":"https:\/\/www.pauljorion.com\/blog\/wp-json\/wp\/v2\/tags?post=129081"}],"curies":[{"name":"wp","href":"https:\/\/api.w.org\/{rel}","templated":true}]}}