{"id":129689,"date":"2021-09-12T11:37:10","date_gmt":"2021-09-12T09:37:10","guid":{"rendered":"https:\/\/www.pauljorion.com\/blog\/?p=129689"},"modified":"2021-09-12T11:37:10","modified_gmt":"2021-09-12T09:37:10","slug":"covid-19-asseyez-vous-dabord-confortablement-si-vous-avez-manifeste-hier","status":"publish","type":"post","link":"https:\/\/www.pauljorion.com\/blog\/2021\/09\/12\/covid-19-asseyez-vous-dabord-confortablement-si-vous-avez-manifeste-hier\/","title":{"rendered":"Covid-19 : <b>Asseyez-vous d&rsquo;abord confortablement si vous avez manifest\u00e9 hier<\/b>"},"content":{"rendered":"<p>La pand\u00e9mie est en r\u00e9cession en France et aux \u00c9tats-Unis, mais davantage en France. Pour les commentateurs am\u00e9ricains, aucun myst\u00e8re : les Fran\u00e7ais ne sont heureusement pour eux pas des individualistes forcen\u00e9s, ils savent ce qu&rsquo;est l&rsquo;int\u00e9r\u00eat g\u00e9n\u00e9ral et ont accept\u00e9 de bon gr\u00e9 le passe sanitaire qui assure &#8211; du moins en ce moment &#8211; leur salut : le retour \u00e0 une vie quotidienne quasi normale.  <\/p>\n<p><img loading=\"lazy\" decoding=\"async\" src=\"https:\/\/www.pauljorion.com\/blog\/wp-content\/uploads\/US-12-9-21.png\" alt=\"\" width=\"721\" height=\"466\" class=\"aligncenter size-full wp-image-129690\" srcset=\"https:\/\/www.pauljorion.com\/blog\/wp-content\/uploads\/US-12-9-21.png 721w, https:\/\/www.pauljorion.com\/blog\/wp-content\/uploads\/US-12-9-21-300x194.png 300w\" sizes=\"auto, (max-width: 721px) 100vw, 721px\" \/><\/p>\n<p><img loading=\"lazy\" decoding=\"async\" src=\"https:\/\/www.pauljorion.com\/blog\/wp-content\/uploads\/F-12-9-21.png\" alt=\"\" width=\"728\" height=\"431\" class=\"aligncenter size-full wp-image-129691\" srcset=\"https:\/\/www.pauljorion.com\/blog\/wp-content\/uploads\/F-12-9-21.png 728w, https:\/\/www.pauljorion.com\/blog\/wp-content\/uploads\/F-12-9-21-300x178.png 300w\" sizes=\"auto, (max-width: 728px) 100vw, 728px\" \/><\/p>\n","protected":false},"excerpt":{"rendered":"<p>La pand\u00e9mie est en r\u00e9cession en France et aux \u00c9tats-Unis, mais davantage en France. Pour les commentateurs am\u00e9ricains, aucun myst\u00e8re : les Fran\u00e7ais ne sont heureusement pour eux pas des individualistes forcen\u00e9s, ils savent ce qu&rsquo;est l&rsquo;int\u00e9r\u00eat g\u00e9n\u00e9ral et ont accept\u00e9 de bon gr\u00e9 le passe sanitaire qui assure &#8211; du moins en ce moment [&hellip;]<\/p>\n","protected":false},"author":1,"featured_media":0,"comment_status":"open","ping_status":"closed","sticky":false,"template":"","format":"standard","meta":{"footnotes":""},"categories":[6301],"tags":[7019,7072,7102,8258],"class_list":["post-129689","post","type-post","status-publish","format-standard","hentry","category-epidemiologie","tag-coronavirus","tag-covid-19","tag-pandemie","tag-passe-sanitaire"],"_links":{"self":[{"href":"https:\/\/www.pauljorion.com\/blog\/wp-json\/wp\/v2\/posts\/129689","targetHints":{"allow":["GET"]}}],"collection":[{"href":"https:\/\/www.pauljorion.com\/blog\/wp-json\/wp\/v2\/posts"}],"about":[{"href":"https:\/\/www.pauljorion.com\/blog\/wp-json\/wp\/v2\/types\/post"}],"author":[{"embeddable":true,"href":"https:\/\/www.pauljorion.com\/blog\/wp-json\/wp\/v2\/users\/1"}],"replies":[{"embeddable":true,"href":"https:\/\/www.pauljorion.com\/blog\/wp-json\/wp\/v2\/comments?post=129689"}],"version-history":[{"count":1,"href":"https:\/\/www.pauljorion.com\/blog\/wp-json\/wp\/v2\/posts\/129689\/revisions"}],"predecessor-version":[{"id":129692,"href":"https:\/\/www.pauljorion.com\/blog\/wp-json\/wp\/v2\/posts\/129689\/revisions\/129692"}],"wp:attachment":[{"href":"https:\/\/www.pauljorion.com\/blog\/wp-json\/wp\/v2\/media?parent=129689"}],"wp:term":[{"taxonomy":"category","embeddable":true,"href":"https:\/\/www.pauljorion.com\/blog\/wp-json\/wp\/v2\/categories?post=129689"},{"taxonomy":"post_tag","embeddable":true,"href":"https:\/\/www.pauljorion.com\/blog\/wp-json\/wp\/v2\/tags?post=129689"}],"curies":[{"name":"wp","href":"https:\/\/api.w.org\/{rel}","templated":true}]}}