{"id":129761,"date":"2021-09-19T17:13:50","date_gmt":"2021-09-19T15:13:50","guid":{"rendered":"https:\/\/www.pauljorion.com\/blog\/?p=129761"},"modified":"2021-09-19T17:25:56","modified_gmt":"2021-09-19T15:25:56","slug":"julos-beaucarne-27-juin-1936-18-septembre-2021-par-guy-leboutte","status":"publish","type":"post","link":"https:\/\/www.pauljorion.com\/blog\/2021\/09\/19\/julos-beaucarne-27-juin-1936-18-septembre-2021-par-guy-leboutte\/","title":{"rendered":"<b>Julos Beaucarne, 27 juin 1936 &#8211; 18 septembre 2021<\/b>, par Guy Leboutte"},"content":{"rendered":"<p>\u00c9galement sur son propre blog : <a href=\"http:\/\/Julos Beaucarne, 27 juin 1936 - 18 septembre 2021\" rel=\"noopener\" target=\"_blank\">Condroz belge<\/a>.<\/p>\n<p><iframe loading=\"lazy\" title=\"YouTube video player\" src=\"https:\/\/www.youtube.com\/embed\/8uHQY5CjB3c\" width=\"700\" height=\"450\" class=\"aligncenter\" frameborder=\"0\" allowfullscreen=\"allowfullscreen\"><span style=\"display: inline-block; width: 0px; overflow: hidden; line-height: 0;\" data-mce-type=\"bookmark\" class=\"mce_SELRES_start\">\ufeff<\/span><\/iframe><\/p>\n<p>Cinquante-cinq ans d&rsquo;albums, une vie de po\u00e9sie et d&rsquo;engagement, en fran\u00e7ais et quelquefois en wallon. Pendant longtemps, le contrat avec sa soci\u00e9t\u00e9 de disques lui imposait un opus chaque ann\u00e9e, et chaque ann\u00e9e il se produisait durant un mois \u00e0 Paris, o\u00f9 il avait trouv\u00e9 un public aussi. Son pull arc-en-ciel, il l&rsquo;a port\u00e9 pendant au moins vingt-cinq ans, et je l&rsquo;ai entendu r\u00e9pondre un jour \u00e0 une dame \u00e9tonn\u00e9e qu&rsquo;il en \u00e9tait \u00e0 son septi\u00e8me : c&rsquo;est simple, il s&rsquo;en faisait faire un nouveau \u00e0 l&rsquo;identique, quand le dernier commen\u00e7ait \u00e0 rendre l&rsquo;\u00e2me.<\/p>\n<p>Sa lettre \u00e0 Kissinger \u00e9voque la fin de Victor Jara, <a href=\"https:\/\/www.pauljorion.com\/blog\/2021\/09\/11\/le-11-septembre-1973\/\" rel=\"noopener\" target=\"_blank\">r\u00e9cemment rappel\u00e9e sur le blog de Paul Jorion<\/a>, apr\u00e8s le coup d&rsquo;\u00c9tat d&rsquo;Augusto Pinochet en 1973.<\/p>\n<p>Une autre de ses lettres a fait le tour du monde, sous le titre \u00ab\u00a0Lettre ouverte de Julos Beaucarne\u00a0\u00bb (reprise entre autres par <a href=\"https:\/\/www.youtube.com\/watch?v=RkFaBBRCAs0\" target=\"_blank\" rel=\"noopener\">Claude Nougaro<\/a>), \u00e9crite deux ans plus tard quand <em>un homme devenu fou<\/em>, un immigr\u00e9 h\u00e9berg\u00e9 par la famille, a tu\u00e9 son \u00e9pouse \u00e2g\u00e9e de 33 ans de neuf coups de couteau. Ce texte devrait appartenir aux anthologies du droit p\u00e9nal et de la chronique judiciaire.<\/p>\n<p><iframe loading=\"lazy\" title=\"YouTube video player\" src=\"https:\/\/www.youtube.com\/embed\/NG3g-cniIVs\" width=\"700\" height=\"450\" class=\"aligncenter\" frameborder=\"0\" allowfullscreen=\"allowfullscreen\"><\/iframe><\/p>\n<p>Une de ses anciennes chansons, moiti\u00e9 fran\u00e7ais moiti\u00e9 wallon, trouve un \u00e9cho aujourd&rsquo;hui en cette p\u00e9riode d&rsquo;apr\u00e8s inondations. \u00ab\u00a0Les sinistr\u00e9s\u00a0\u00bb s&rsquo;en prend aux profiteurs d&rsquo;apr\u00e8s-guerre, qui r\u00e9coltent de l&rsquo;argent sous le refrain \u00ab\u00a0<em>C&rsquo;est ni pour nous, c&rsquo;est pour les sinistr\u00e9s<\/em>\u00ab\u00a0. Pour le moment, l&rsquo;histoire ne semble pas se r\u00e9p\u00e9ter.<\/p>\n<p>Julos \u00e9tait \u00e9colo avant l&rsquo;heure et se disait anarchiste. Avec lui, le local est un chemin vers l&rsquo;universel (\u00ab\u00a0<em>Mon terroir c&rsquo;est les galaxies\u00a0\u00bb <\/em>) , et l&rsquo;enracinement une porte ouverte aux peuples du monde.<\/p>\n<p><iframe loading=\"lazy\" title=\"YouTube video player\" src=\"https:\/\/www.youtube.com\/embed\/m-eLwKYN0jY\" width=\"700\" height=\"450\" class=\"aligncenter\" frameborder=\"0\" allowfullscreen=\"allowfullscreen\"><\/iframe><\/p>\n<p>Aussi, tout Wallon qu&rsquo;il f\u00fbt et se r\u00e9clam\u00e2t, Julos \u00e9tait un jouissif et gourmand d\u00e9fenseur de la langue fran\u00e7aise.<\/p>\n<p><iframe loading=\"lazy\" title=\"YouTube video player\" src=\"https:\/\/www.youtube.com\/embed\/Y4LN681qk-Y\" width=\"700\" height=\"450\" class=\"aligncenter\" frameborder=\"0\" allowfullscreen=\"allowfullscreen\"><\/iframe> <\/p>\n","protected":false},"excerpt":{"rendered":"<p>\u00c9galement sur son propre blog : <a href=\"http:\/\/Julos Beaucarne, 27 juin 1936 - 18 septembre 2021\" rel=\"noopener\" target=\"_blank\">Condroz belge<\/a>.<\/p>\n<p><iframe loading=\"lazy\" title=\"YouTube video player\" src=\"https:\/\/www.youtube.com\/embed\/8uHQY5CjB3c\" width=\"700\" height=\"450\" class=\"aligncenter\" frameborder=\"0\" allowfullscreen=\"allowfullscreen\"><span style=\"display: inline-block; width: 0px; overflow: hidden; line-height: 0;\" data-mce-type=\"bookmark\" class=\"mce_SELRES_start\">\ufeff<\/span><\/iframe><\/p>\n<p>Cinquante-cinq ans d&rsquo;albums, une vie de po\u00e9sie et d&rsquo;engagement, en fran\u00e7ais et quelquefois en wallon. Pendant [&hellip;]<\/p>\n","protected":false},"author":1,"featured_media":0,"comment_status":"open","ping_status":"closed","sticky":false,"template":"","format":"standard","meta":{"footnotes":""},"categories":[6482],"tags":[8348],"class_list":["post-129761","post","type-post","status-publish","format-standard","hentry","category-musique","tag-julos-beaucarne"],"_links":{"self":[{"href":"https:\/\/www.pauljorion.com\/blog\/wp-json\/wp\/v2\/posts\/129761","targetHints":{"allow":["GET"]}}],"collection":[{"href":"https:\/\/www.pauljorion.com\/blog\/wp-json\/wp\/v2\/posts"}],"about":[{"href":"https:\/\/www.pauljorion.com\/blog\/wp-json\/wp\/v2\/types\/post"}],"author":[{"embeddable":true,"href":"https:\/\/www.pauljorion.com\/blog\/wp-json\/wp\/v2\/users\/1"}],"replies":[{"embeddable":true,"href":"https:\/\/www.pauljorion.com\/blog\/wp-json\/wp\/v2\/comments?post=129761"}],"version-history":[{"count":6,"href":"https:\/\/www.pauljorion.com\/blog\/wp-json\/wp\/v2\/posts\/129761\/revisions"}],"predecessor-version":[{"id":129767,"href":"https:\/\/www.pauljorion.com\/blog\/wp-json\/wp\/v2\/posts\/129761\/revisions\/129767"}],"wp:attachment":[{"href":"https:\/\/www.pauljorion.com\/blog\/wp-json\/wp\/v2\/media?parent=129761"}],"wp:term":[{"taxonomy":"category","embeddable":true,"href":"https:\/\/www.pauljorion.com\/blog\/wp-json\/wp\/v2\/categories?post=129761"},{"taxonomy":"post_tag","embeddable":true,"href":"https:\/\/www.pauljorion.com\/blog\/wp-json\/wp\/v2\/tags?post=129761"}],"curies":[{"name":"wp","href":"https:\/\/api.w.org\/{rel}","templated":true}]}}