{"id":129936,"date":"2021-09-28T20:14:54","date_gmt":"2021-09-28T18:14:54","guid":{"rendered":"https:\/\/www.pauljorion.com\/blog\/?p=129936"},"modified":"2021-09-28T20:14:54","modified_gmt":"2021-09-28T18:14:54","slug":"election-presidentielle-en-france-2022-sondage-harris","status":"publish","type":"post","link":"https:\/\/www.pauljorion.com\/blog\/2021\/09\/28\/election-presidentielle-en-france-2022-sondage-harris\/","title":{"rendered":"<b>\u00c9lection pr\u00e9sidentielle en France 2022 &#8211; Sondage Harris<\/b>"},"content":{"rendered":"<p>Le sondage Challenges-Harris du 28 septembre. J&rsquo;ai agr\u00e9g\u00e9 les chiffres. Le d\u00e9bat M\u00e9lenchon-Zemmour leur a clairement \u00e9t\u00e9 b\u00e9n\u00e9fique ; par rapport au sondage Odoxa du 23 septembre : M\u00e9lenchon + 5%, Zemmour + 3,5%.<\/p>\n<p><strong>23 &#8211; 26% &#8211; Emmanuel Macron\u2028<br \/>\n16% &#8211; Marine Le Pen<br \/>\n\u202814% &#8211; Xavier Bertrand<br \/>\n13 &#8211; 14% &#8211; \u00c9ric Zemmour\u2028<br \/>\n13% &#8211; Jean-Luc M\u00e9lenchon\u2028<br \/>\n12% &#8211; Val\u00e9rie P\u00e9cresse<br \/>\n\u20288% &#8211; Michel Barnier<br \/>\n\u20287% &#8211; Anne Hidalgo<br \/>\n6% &#8211; Yannick Jadot<br \/>\n\u20282 &#8211; 3% &#8211; Nicolas Dupont-Aignan<br \/>\n\u20282% &#8211; Arnaud Montebourg<br \/>\n\u20281 &#8211; 2% &#8211; Fabien Roussel\u2028<br \/>\n1% &#8211; Nathalie Artaud\u2028<br \/>\n1% &#8211; Philippe Poutou<br \/>\n1% &#8211; Florian Philippot<\/strong><\/p>\n","protected":false},"excerpt":{"rendered":"<p>Le sondage Challenges-Harris du 28 septembre. J&rsquo;ai agr\u00e9g\u00e9 les chiffres. Le d\u00e9bat M\u00e9lenchon-Zemmour leur a clairement \u00e9t\u00e9 b\u00e9n\u00e9fique ; par rapport au sondage Odoxa du 23 septembre : M\u00e9lenchon + 5%, Zemmour + 3,5%.<\/p>\n<p><strong>23 &#8211; 26% &#8211; Emmanuel Macron\u2028<br \/> 16% &#8211; Marine Le Pen<br \/> \u202814% &#8211; Xavier Bertrand<br \/> 13 &#8211; 14% [&hellip;]<\/strong><\/p>\n","protected":false},"author":1,"featured_media":0,"comment_status":"open","ping_status":"closed","sticky":false,"template":"","format":"standard","meta":{"footnotes":""},"categories":[4454,17],"tags":[1760],"class_list":["post-129936","post","type-post","status-publish","format-standard","hentry","category-france","category-politique","tag-election-presidentielle-francaise"],"_links":{"self":[{"href":"https:\/\/www.pauljorion.com\/blog\/wp-json\/wp\/v2\/posts\/129936","targetHints":{"allow":["GET"]}}],"collection":[{"href":"https:\/\/www.pauljorion.com\/blog\/wp-json\/wp\/v2\/posts"}],"about":[{"href":"https:\/\/www.pauljorion.com\/blog\/wp-json\/wp\/v2\/types\/post"}],"author":[{"embeddable":true,"href":"https:\/\/www.pauljorion.com\/blog\/wp-json\/wp\/v2\/users\/1"}],"replies":[{"embeddable":true,"href":"https:\/\/www.pauljorion.com\/blog\/wp-json\/wp\/v2\/comments?post=129936"}],"version-history":[{"count":1,"href":"https:\/\/www.pauljorion.com\/blog\/wp-json\/wp\/v2\/posts\/129936\/revisions"}],"predecessor-version":[{"id":129937,"href":"https:\/\/www.pauljorion.com\/blog\/wp-json\/wp\/v2\/posts\/129936\/revisions\/129937"}],"wp:attachment":[{"href":"https:\/\/www.pauljorion.com\/blog\/wp-json\/wp\/v2\/media?parent=129936"}],"wp:term":[{"taxonomy":"category","embeddable":true,"href":"https:\/\/www.pauljorion.com\/blog\/wp-json\/wp\/v2\/categories?post=129936"},{"taxonomy":"post_tag","embeddable":true,"href":"https:\/\/www.pauljorion.com\/blog\/wp-json\/wp\/v2\/tags?post=129936"}],"curies":[{"name":"wp","href":"https:\/\/api.w.org\/{rel}","templated":true}]}}