{"id":130313,"date":"2021-10-30T18:26:46","date_gmt":"2021-10-30T16:26:46","guid":{"rendered":"https:\/\/www.pauljorion.com\/blog\/?p=130313"},"modified":"2021-10-30T18:35:56","modified_gmt":"2021-10-30T16:35:56","slug":"sur-la-fin-de-vie-par-bruno-grall","status":"publish","type":"post","link":"https:\/\/www.pauljorion.com\/blog\/2021\/10\/30\/sur-la-fin-de-vie-par-bruno-grall\/","title":{"rendered":"<b>Sur la fin de vie<\/b>, par Bruno Grall"},"content":{"rendered":"<p><figure id=\"attachment_130314\" aria-describedby=\"caption-attachment-130314\" style=\"width: 225px\" class=\"wp-caption alignleft\"><img loading=\"lazy\" decoding=\"async\" src=\"https:\/\/www.pauljorion.com\/blog\/wp-content\/uploads\/Tokyo-Jesus-225x300.jpeg\" alt=\"\" width=\"225\" height=\"300\" class=\"size-medium wp-image-130314\" srcset=\"https:\/\/www.pauljorion.com\/blog\/wp-content\/uploads\/Tokyo-Jesus-225x300.jpeg 225w, https:\/\/www.pauljorion.com\/blog\/wp-content\/uploads\/Tokyo-Jesus-768x1024.jpeg 768w, https:\/\/www.pauljorion.com\/blog\/wp-content\/uploads\/Tokyo-Jesus-1152x1536.jpeg 1152w, https:\/\/www.pauljorion.com\/blog\/wp-content\/uploads\/Tokyo-Jesus-1536x2048.jpeg 1536w, https:\/\/www.pauljorion.com\/blog\/wp-content\/uploads\/Tokyo-Jesus-scaled.jpeg 1920w\" sizes=\"auto, (max-width: 225px) 100vw, 225px\" \/><figcaption id=\"caption-attachment-130314\" class=\"wp-caption-text\"><em>Vanit\u00e9<\/em> par Tokyo Jesus. Collection P.J.<\/figcaption><\/figure>Avec les feuilles qui tombent, nous allons fleurir les derni\u00e8res demeures de nos proches. Nous ne pensons pas beaucoup \u00e0 la mort, nous en parlons peu, elle fait partie du refoul\u00e9, et n&rsquo;est associ\u00e9e qu&rsquo;\u00e0 la peine et la souffrance.<\/p>\n<p>Mais elle fait partie int\u00e9grante de la vie. Pour Montaigne, vivre c&rsquo;est apprendre \u00e0 mourir et philosopher, en accepter l&rsquo;id\u00e9e. Mais elle fait partie du refoul\u00e9.<\/p>\n<p>Car on meurt mal en France; les soins palliatifs manquent cruellement de personnel et de ressource, et la loi Clayes Leonetti, en ne proposant qu&rsquo;une s\u00e9dation longue et profonde, reste d&rsquo;une insuffisance et d&rsquo;une hypocrisie sans nom !<\/p>\n<p>Nombre de pays ont \u00e9volu\u00e9 sur la question : La Suisse, la Belgique, la Hollande, m\u00eame la catholique Espagne, et l&rsquo;Italie ont abord\u00e9 le sujet.<\/p>\n<p>Le 8 avril dernier, dans le cade d&rsquo;une niche parlementaire, quelques d\u00e9put\u00e9s ont d\u00e9pos\u00e9 un projet de loi allant dans le sens d&rsquo;une lib\u00e9ration de la loi.<\/p>\n<p>Mais en d\u00e9posant quelques 4 000 amendements au texte, une bande de 4 d\u00e9put\u00e9s (comme Monsieur Paul Jorion, j&rsquo;en tairai les noms) ont interdit le d\u00e9bat et le vote que la question m\u00e9ritait. Alors que selon un sondage IPSOS, 96% des Fran\u00e7ais sont favorables \u00e0 une \u00e9volution des lois sur la question.<\/p>\n<p>En juin de cette ann\u00e9e Monsieur Alain Coq, souffrant d&rsquo;une maladie tellement orpheline qu&rsquo;elle n&rsquo;a pas de nom, a demand\u00e9 \u00e0 Mr E. Macron la possibilit\u00e9 d&rsquo;une injection l\u00e9tale. Mr Macron a refus\u00e9, pr\u00e9textant ne pas \u00eatre au-dessus des lois \u2013 je ne sais plus quel philosophe des Lumi\u00e8res disait :<\/p>\n<p>\u00ab\u00a0Les lois sont faites pour les hommes, pas les hommes pour les lois.\u00a0\u00bb C&rsquo;est l&rsquo;ADMD qui a financ\u00e9 son dernier voyage en Suisse.<\/p>\n<p>En Belgique, la mort m\u00e9dicalement assist\u00e9e (je n&rsquo;aime pas le terme &lsquo;euthanasie&rsquo;, que je r\u00e9serve aux animaux) est consid\u00e9r\u00e9e comme un soin, quand des souffrances physiques ou psychiques sont r\u00e9fractaires \u00e0 toute th\u00e9rapeutique. A ce titre, ce soin, en France resterait encadr\u00e9 par l&rsquo;article L 1111-4 du code de la sant\u00e9 publique, et la fin consid\u00e9r\u00e9e comme mort naturelle *.<\/p>\n<p>Ce serait donc une loi de :<\/p>\n<p>1\u00b0 Libert\u00e9 : en\u00a0 application de l&rsquo;article de loi susnomm\u00e9.<br \/>\n2\u00b0 Egalit\u00e9 : nombre de gens qui ont l&rsquo;argent ou l&rsquo;entregent n\u00e9cessaires peuvent b\u00e9n\u00e9ficier d&rsquo;une mort digne. (&#8230;\/&#8230;)<\/p>\n<p>Maintenant je m&rsquo;interroge sur l&rsquo;expression de la d\u00e9mocratie en France. La majorit\u00e9 en faveur du projet de loi de M. Olivier Falorni \u00e9tait acquise \u00e0 l\u2019assembl\u00e9e, comme dans l&rsquo;opinion de la population fran\u00e7aise.<\/p>\n<p>Est-ce le poids du lobby m\u00e9dico-pharmaceutique ?<\/p>\n<p>Les r\u00e9ticences du corps m\u00e9dical ; perte de la toute-puissance du m\u00e9decin, ou simple aveu d&rsquo;impuissance ?<\/p>\n<p>L&rsquo;id\u00e9e de mauvais usage d&rsquo;une telle loi n&rsquo;est pas un argument valable car il y a plus d&rsquo;abus dans l&rsquo;autre sens.<\/p>\n<blockquote><p>\u00ab\u00a0La mort n&rsquo;est rien pour nous, nous ne sommes rien pour la mort\u00a0\u00bb &#8211; Epicure.<\/p><\/blockquote>\n<p>J&rsquo;aimerais terminer en reprenant un extrait de l&rsquo;<em>Adona\u00efs<\/em> de Percy Bysshe Shelley (1792-1822) :<\/p>\n<blockquote><p>Peace, peace! he is not dead, he doth not sleep<br \/>\nHe hath awakened from the dream of life<br \/>\n&lsquo;Tis we, who lost in stormy visions, keep<br \/>\nWith phantoms an unprofitable strife,<br \/>\nAnd in mad trance, strike with our spirit&rsquo;s knife<br \/>\nInvulnerable nothings. \u2014 We decay<br \/>\nLike corpses in a charnel; fear and grief<br \/>\nConvulse us and consume us day by day,<br \/>\nAnd cold hopes swarm like worms within our living clay.<\/p>\n<p>The One remains, the many change and pass;<br \/>\nHeaven&rsquo;s light forever shines, Earth&rsquo;s shadows fly;<br \/>\nLife, like a dome of many-coloured glass,<br \/>\nStains the white radiance of Eternity,<br \/>\nUntil Death tramples it to fragments. \u2014 Die,<br \/>\nIf thou wouldst be with that which thou dost seek!<br \/>\nFollow where all is fled!<\/p><\/blockquote>\n<p>P.J. Ma traduction :<\/p>\n<blockquote><p>Paix ! Paix ! Il n&rsquo;est ni mort, ni ne dort :<br \/>\nIl a \u00e9merg\u00e9 du songe de la vie.<br \/>\nC&rsquo;est nous qui, d\u00e9sorient\u00e9s au sein de temp\u00e9tueuses visions,<br \/>\nMenons un vain combat contre les fant\u00f4mes,<br \/>\nEt plong\u00e9s dans une transe insens\u00e9e, frappons de la dague de notre esprit<br \/>\nD&rsquo;invuln\u00e9rables n\u00e9ants. &#8211; Nous qui pourrissons<br \/>\nTels les cadavres d\u2019un charnier ; la peur et le regret<br \/>\nNous convulsent et nous consument jour apr\u00e8s jour,<br \/>\nEt de froids espoirs, pareils aux vers, grouillent dans notre glaise vivante.<\/p>\n<p>L&rsquo;Unique demeure, la multitude change et passe ;<br \/>\nLa lumi\u00e8re des cieux resplendit \u00e0 jamais, les ombres de la Terre, elles, s&rsquo;envolent ;<br \/>\nLa vie, d\u00f4me de verre multicolore,<br \/>\nVicie le rayonnement p\u00e2le de l&rsquo;\u00c9ternit\u00e9,<br \/>\nJusqu&rsquo;\u00e0 ce que la Mort la r\u00e9duise \u00e0 n\u00e9ant. &#8211; Meurs<br \/>\nSi tu veux \u00eatre avec ce que tu cherches !<br \/>\nPoursuis-la, l\u00e0 o\u00f9 tout s\u2019est enfui !<\/p><\/blockquote>\n<p>Mick Jagger pronon\u00e7a le m\u00eame extrait en hommage \u00e0 Brian Jones, \u00e0 Hyde Park le 5 juillet 1969. <\/p>\n<p><iframe loading=\"lazy\" width=\"700\" height=\"450\" class=\"aligncenter\" src=\"https:\/\/www.youtube.com\/embed\/hDHzVkfASb4\" title=\"YouTube video player\" frameborder=\"0\" allow=\"accelerometer; autoplay; clipboard-write; encrypted-media; gyroscope; picture-in-picture\" allowfullscreen><\/iframe><\/p>\n<p>* mort naturelle, je pense \u00e0 la chanson de Georges Brassens <em>Bonhomme<\/em>.<\/p>\n<p><iframe loading=\"lazy\" width=\"700\" height=\"450\" class=\"aligncenter\" src=\"https:\/\/www.youtube.com\/embed\/Dp8j9xDO6yo\" title=\"YouTube video player\" frameborder=\"0\" allow=\"accelerometer; autoplay; clipboard-write; encrypted-media; gyroscope; picture-in-picture\" allowfullscreen><\/iframe><\/p>\n","protected":false},"excerpt":{"rendered":"<p>Avec les feuilles qui tombent, nous allons fleurir les derni\u00e8res demeures de nos proches. Nous ne pensons pas beaucoup \u00e0 la mort, nous en parlons peu, elle fait partie du refoul\u00e9, et n&rsquo;est associ\u00e9e qu&rsquo;\u00e0 la peine et la souffrance.<\/p>\n<p>Mais elle fait partie int\u00e9grante de la vie. Pour Montaigne, vivre c&rsquo;est apprendre \u00e0 mourir [&hellip;]<\/p>\n","protected":false},"author":1,"featured_media":0,"comment_status":"open","ping_status":"closed","sticky":false,"template":"","format":"standard","meta":{"footnotes":""},"categories":[6],"tags":[5909,8416,8415,5545,3320,8414,8417],"class_list":["post-130313","post","type-post","status-publish","format-standard","hentry","category-questions-essentielles","tag-brian-jones","tag-euthanasie","tag-fin-de-vie","tag-la-mort","tag-mick-jagger","tag-percy-bysshe-shelley","tag-tokyo-jesus"],"_links":{"self":[{"href":"https:\/\/www.pauljorion.com\/blog\/wp-json\/wp\/v2\/posts\/130313","targetHints":{"allow":["GET"]}}],"collection":[{"href":"https:\/\/www.pauljorion.com\/blog\/wp-json\/wp\/v2\/posts"}],"about":[{"href":"https:\/\/www.pauljorion.com\/blog\/wp-json\/wp\/v2\/types\/post"}],"author":[{"embeddable":true,"href":"https:\/\/www.pauljorion.com\/blog\/wp-json\/wp\/v2\/users\/1"}],"replies":[{"embeddable":true,"href":"https:\/\/www.pauljorion.com\/blog\/wp-json\/wp\/v2\/comments?post=130313"}],"version-history":[{"count":9,"href":"https:\/\/www.pauljorion.com\/blog\/wp-json\/wp\/v2\/posts\/130313\/revisions"}],"predecessor-version":[{"id":130323,"href":"https:\/\/www.pauljorion.com\/blog\/wp-json\/wp\/v2\/posts\/130313\/revisions\/130323"}],"wp:attachment":[{"href":"https:\/\/www.pauljorion.com\/blog\/wp-json\/wp\/v2\/media?parent=130313"}],"wp:term":[{"taxonomy":"category","embeddable":true,"href":"https:\/\/www.pauljorion.com\/blog\/wp-json\/wp\/v2\/categories?post=130313"},{"taxonomy":"post_tag","embeddable":true,"href":"https:\/\/www.pauljorion.com\/blog\/wp-json\/wp\/v2\/tags?post=130313"}],"curies":[{"name":"wp","href":"https:\/\/api.w.org\/{rel}","templated":true}]}}