{"id":131212,"date":"2022-01-10T08:42:10","date_gmt":"2022-01-10T07:42:10","guid":{"rendered":"https:\/\/www.pauljorion.com\/blog\/?p=131212"},"modified":"2022-01-10T08:42:10","modified_gmt":"2022-01-10T07:42:10","slug":"quand-leducation-nationale-fait-semblant-par-pakacontakt","status":"publish","type":"post","link":"https:\/\/www.pauljorion.com\/blog\/2022\/01\/10\/quand-leducation-nationale-fait-semblant-par-pakacontakt\/","title":{"rendered":"<b>Quand l&rsquo;\u00c9ducation Nationale fait semblant<\/b>, par Pakacontakt"},"content":{"rendered":"<p><img loading=\"lazy\" decoding=\"async\" src=\"https:\/\/www.pauljorion.com\/blog\/wp-content\/uploads\/Classe-vignette-150x150.png\" alt=\"\" width=\"150\" height=\"150\" class=\"alignleft size-thumbnail wp-image-126753\" \/>J&rsquo;ai eu dans ma classe une \u00e9l\u00e8ve cas contact lundi (elle toussait et \u00e9tait fatigu\u00e9e ; des parents qui se contrefichent des risques de contaminations pour les autres). Mardi, fi\u00e8vre et absente ; mercredi soir, on apprend qu&rsquo;elle est positive ; embouteillage dans les pharmacies pour les tests des autres \u00e9l\u00e8ves cas contact (pour certains, pas possible avant vendredi matin). Pour moi, l&rsquo;EN consid\u00e8re que je ne suis pas cas contact, et donc que je n&rsquo;ai pas \u00e0 me tester, parce que si par malheur je suis positif, il leur faut fermer la classe vu qu&rsquo;ils n&rsquo;ont plus de rempla\u00e7ant&#8230;<\/p>\n<p>Depuis, une autre \u00e9l\u00e8ve cas contact de son p\u00e8re positif depuis jeudi dernier va revenir lundi en classe (il lui a suffi de faire un test en pharmacie vendredi alors que le virus n&rsquo;a pas encore incub\u00e9 chez elle, puis \u00ab\u00a0deux autotests \u00e0 la maison avec attestation sur l&rsquo;honneur\u00a0\u00bb (famille anti-tout si vous voyez ce que je veux dire&#8230;), autant dire qu&rsquo;elle va nous ramener une seconde fois le virus (si les parents le d\u00e9clarent, ce qui n&rsquo;est pas s\u00fbr du tout).<br \/>\n<!--more--><br \/>\nBref, un protocole qui n&rsquo;a de sanitaire que le nom, il est juste l\u00e0 pour \u00ab\u00a0faire semblant\u00a0\u00bb, son objectif r\u00e9el \u00e9tant de tout faire pour ne pas fermer (demander un test \u00e0 J0, c&rsquo;est-\u00e0-dire un moment o\u00f9 l&rsquo;on sait que l&rsquo;\u00e9l\u00e8ve n&rsquo;est pas positif ; puis autoriser les enfants qui sont cas contact quotidien en famille \u00e0 revenir \u00e0 J0 \u00e9galement).<\/p>\n<p>Du vraiment n&rsquo;importe quoi !<\/p>\n<p>Jeudi gr\u00e8ve, l&rsquo;ensemble des coll\u00e8gues de mon \u00e9cole le fera (pour l&rsquo;une ce sera sans doute la premi\u00e8re fois). je pense (je l&rsquo;esp\u00e8re en tout cas) qu&rsquo;elle sera tr\u00e8s massive.<\/p>\n<p>Bonne journ\u00e9e.<\/p>\n","protected":false},"excerpt":{"rendered":"<p><img loading=\"lazy\" decoding=\"async\" src=\"https:\/\/www.pauljorion.com\/blog\/wp-content\/uploads\/Classe-vignette-150x150.png\" alt=\"\" width=\"150\" height=\"150\" class=\"alignleft size-thumbnail wp-image-126753\" \/>J&rsquo;ai eu dans ma classe une \u00e9l\u00e8ve cas contact lundi (elle toussait et \u00e9tait fatigu\u00e9e ; des parents qui se contrefichent des risques de contaminations pour les autres). Mardi, fi\u00e8vre et absente ; mercredi soir, on apprend qu&rsquo;elle est positive ; embouteillage dans les pharmacies pour les [&hellip;]<\/p>\n","protected":false},"author":1,"featured_media":0,"comment_status":"open","ping_status":"closed","sticky":false,"template":"","format":"standard","meta":{"footnotes":""},"categories":[2095,6301,833],"tags":[7019,7072,7581,7102],"class_list":["post-131212","post","type-post","status-publish","format-standard","hentry","category-education","category-epidemiologie","category-la-vie-de-tous-les-jours","tag-coronavirus","tag-covid-19","tag-education-nationale","tag-pandemie"],"_links":{"self":[{"href":"https:\/\/www.pauljorion.com\/blog\/wp-json\/wp\/v2\/posts\/131212","targetHints":{"allow":["GET"]}}],"collection":[{"href":"https:\/\/www.pauljorion.com\/blog\/wp-json\/wp\/v2\/posts"}],"about":[{"href":"https:\/\/www.pauljorion.com\/blog\/wp-json\/wp\/v2\/types\/post"}],"author":[{"embeddable":true,"href":"https:\/\/www.pauljorion.com\/blog\/wp-json\/wp\/v2\/users\/1"}],"replies":[{"embeddable":true,"href":"https:\/\/www.pauljorion.com\/blog\/wp-json\/wp\/v2\/comments?post=131212"}],"version-history":[{"count":2,"href":"https:\/\/www.pauljorion.com\/blog\/wp-json\/wp\/v2\/posts\/131212\/revisions"}],"predecessor-version":[{"id":131214,"href":"https:\/\/www.pauljorion.com\/blog\/wp-json\/wp\/v2\/posts\/131212\/revisions\/131214"}],"wp:attachment":[{"href":"https:\/\/www.pauljorion.com\/blog\/wp-json\/wp\/v2\/media?parent=131212"}],"wp:term":[{"taxonomy":"category","embeddable":true,"href":"https:\/\/www.pauljorion.com\/blog\/wp-json\/wp\/v2\/categories?post=131212"},{"taxonomy":"post_tag","embeddable":true,"href":"https:\/\/www.pauljorion.com\/blog\/wp-json\/wp\/v2\/tags?post=131212"}],"curies":[{"name":"wp","href":"https:\/\/api.w.org\/{rel}","templated":true}]}}