{"id":131269,"date":"2022-01-16T13:24:46","date_gmt":"2022-01-16T12:24:46","guid":{"rendered":"https:\/\/www.pauljorion.com\/blog\/?p=131269"},"modified":"2022-01-16T13:24:46","modified_gmt":"2022-01-16T12:24:46","slug":"casse-toi-sale-pauvre-par-chantal-montellier","status":"publish","type":"post","link":"https:\/\/www.pauljorion.com\/blog\/2022\/01\/16\/casse-toi-sale-pauvre-par-chantal-montellier\/","title":{"rendered":"<b>\u00ab\u00a0Casse-toi, sale pauvre&nbsp;!\u00a0\u00bb<\/b>, par Chantal Montellier"},"content":{"rendered":"<p><img loading=\"lazy\" decoding=\"async\" class=\"aligncenter size-full wp-image-131270\" src=\"https:\/\/www.pauljorion.com\/blog\/wp-content\/uploads\/Van-Gogh-pauvres.png\" alt=\"\" width=\"525\" height=\"664\" \/>L&rsquo;Express : <strong><a href=\"https:\/\/www.lexpress.fr\/actualite\/societe\/fait-divers\/une-famille-pauvre-expulsee-du-musee-d-orsay-a-cause-de-leur-mauvaise-odeur_1214864.html\" target=\"_blank\" rel=\"noopener\">Une famille pauvre expuls\u00e9e du mus\u00e9e d&rsquo;Orsay \u00e0 cause de leur \u00ab\u00a0mauvaise odeur\u00a0\u00bb<\/a><\/strong>, le 29 janvier 2013<\/p>\n<blockquote><p><strong>Parce que leur odeur d\u00e9rangeait&#8230; Une famille pauvre, qui visitait le mus\u00e9e d&rsquo;Orsay samedi en compagnie d&rsquo;un b\u00e9n\u00e9vole d&rsquo;ATD-Quart Monde, a \u00e9t\u00e9 somm\u00e9e de quitter les lieux apr\u00e8s que d&rsquo;autres visiteurs se soient plaints de l'\u00a0\u00bbodeur\u00a0\u00bb, a-t-on appris ce mardi aupr\u00e8s de l&rsquo;association de lutte contre l&rsquo;exclusion.<\/strong><\/p><\/blockquote>\n","protected":false},"excerpt":{"rendered":"<p><img loading=\"lazy\" decoding=\"async\" class=\"aligncenter size-full wp-image-131270\" src=\"https:\/\/www.pauljorion.com\/blog\/wp-content\/uploads\/Van-Gogh-pauvres.png\" alt=\"\" width=\"525\" height=\"664\" \/>L&rsquo;Express : <strong><a href=\"https:\/\/www.lexpress.fr\/actualite\/societe\/fait-divers\/une-famille-pauvre-expulsee-du-musee-d-orsay-a-cause-de-leur-mauvaise-odeur_1214864.html\" target=\"_blank\" rel=\"noopener\">Une famille pauvre expuls\u00e9e du mus\u00e9e d&rsquo;Orsay \u00e0 cause de leur \u00ab\u00a0mauvaise odeur\u00a0\u00bb<\/a><\/strong>, le 29 janvier 2013<\/p>\n<blockquote>\n<p><strong>Parce que leur odeur d\u00e9rangeait&#8230; Une famille pauvre, qui visitait le mus\u00e9e d&rsquo;Orsay samedi en compagnie d&rsquo;un b\u00e9n\u00e9vole d&rsquo;ATD-Quart Monde, a \u00e9t\u00e9 somm\u00e9e de quitter [&hellip;]<\/strong><\/p>\n<\/blockquote>\n","protected":false},"author":1,"featured_media":0,"comment_status":"open","ping_status":"closed","sticky":false,"template":"","format":"standard","meta":{"footnotes":""},"categories":[833],"tags":[],"class_list":["post-131269","post","type-post","status-publish","format-standard","hentry","category-la-vie-de-tous-les-jours"],"_links":{"self":[{"href":"https:\/\/www.pauljorion.com\/blog\/wp-json\/wp\/v2\/posts\/131269","targetHints":{"allow":["GET"]}}],"collection":[{"href":"https:\/\/www.pauljorion.com\/blog\/wp-json\/wp\/v2\/posts"}],"about":[{"href":"https:\/\/www.pauljorion.com\/blog\/wp-json\/wp\/v2\/types\/post"}],"author":[{"embeddable":true,"href":"https:\/\/www.pauljorion.com\/blog\/wp-json\/wp\/v2\/users\/1"}],"replies":[{"embeddable":true,"href":"https:\/\/www.pauljorion.com\/blog\/wp-json\/wp\/v2\/comments?post=131269"}],"version-history":[{"count":1,"href":"https:\/\/www.pauljorion.com\/blog\/wp-json\/wp\/v2\/posts\/131269\/revisions"}],"predecessor-version":[{"id":131271,"href":"https:\/\/www.pauljorion.com\/blog\/wp-json\/wp\/v2\/posts\/131269\/revisions\/131271"}],"wp:attachment":[{"href":"https:\/\/www.pauljorion.com\/blog\/wp-json\/wp\/v2\/media?parent=131269"}],"wp:term":[{"taxonomy":"category","embeddable":true,"href":"https:\/\/www.pauljorion.com\/blog\/wp-json\/wp\/v2\/categories?post=131269"},{"taxonomy":"post_tag","embeddable":true,"href":"https:\/\/www.pauljorion.com\/blog\/wp-json\/wp\/v2\/tags?post=131269"}],"curies":[{"name":"wp","href":"https:\/\/api.w.org\/{rel}","templated":true}]}}