{"id":132334,"date":"2022-04-25T15:57:39","date_gmt":"2022-04-25T13:57:39","guid":{"rendered":"https:\/\/www.pauljorion.com\/blog\/?p=132334"},"modified":"2022-04-25T15:57:39","modified_gmt":"2022-04-25T13:57:39","slug":"prochaine-etape-naturellement-les-legislatives-par-alexis-toulet","status":"publish","type":"post","link":"https:\/\/www.pauljorion.com\/blog\/2022\/04\/25\/prochaine-etape-naturellement-les-legislatives-par-alexis-toulet\/","title":{"rendered":"<b>Prochaine \u00e9tape naturellement, les L\u00e9gislatives<\/b>, par Alexis Toulet"},"content":{"rendered":"<p><img loading=\"lazy\" decoding=\"async\" src=\"https:\/\/www.pauljorion.com\/blog\/wp-content\/uploads\/Marianne-162x300.png\" alt=\"\" width=\"162\" height=\"300\" class=\"alignleft size-medium wp-image-130754\" srcset=\"https:\/\/www.pauljorion.com\/blog\/wp-content\/uploads\/Marianne-162x300.png 162w, https:\/\/www.pauljorion.com\/blog\/wp-content\/uploads\/Marianne.png 230w\" sizes=\"auto, (max-width: 162px) 100vw, 162px\" \/>Une mani\u00e8re d&rsquo;analyser la situation politique du pays est de constater l&rsquo;existence de trois blocs assez nettement d\u00e9finis :<br \/>\n&#8211; Centre lib\u00e9ral \/ europ\u00e9iste = LREM + partie de LR + partie de EELV et PS<br \/>\n&#8211; Droite souverainiste \/ identitaire = RN + Reconqu\u00eate + DLF + partie de LR<br \/>\n&#8211; Gauche anticapitaliste \/ \u00e9cologiste = FI + PCF + partie de EELV et PS<\/p>\n<p>Au premier tour de la pr\u00e9sidentielle, ces blocs totalisaient peu ou prou 1 \/ 3 de l&rsquo;\u00e9lectorat chacun (un peu moins pour la Gauche, un peu plus pour la Droite) suivant la mani\u00e8re dont on r\u00e9partit l&rsquo;\u00e9lectorat \u00ab\u00a0\u00e0 cheval\u00a0\u00bb entre deux blocs des partis LR, EELV et PS, et suivant la mani\u00e8re dont on compte l&rsquo;\u00e9lectorat de Jean Lassalle.<br \/>\n<!--more--><br \/>\nLes l\u00e9gislatives sont ouvertes. Vu la segmentation g\u00e9ographique assez nette de ces trois \u00e9lectorats, vu la r\u00e8gle qui permet \u00e0 tous les candidats ayant obtenu 12,5% des inscrits au premier tour de se maintenir au second, il est pensable si chacun des blocs est uni (assur\u00e9 d&rsquo;avance pour le Centre, sujet \u00e0 caution pour Gauche comme pour Droite)&#8230; que le Parlement se retrouve aussi s\u00e9par\u00e9 en trois parties.<\/p>\n<p>Ces parties n&rsquo;auraient pas besoin d&rsquo;\u00eatre strictement \u00e9gales pour priver le Centre de la majorit\u00e9 absolue&#8230; et donc forcer le pr\u00e9sident r\u00e9\u00e9lu \u00e0 s&rsquo;appuyer sur deux blocs \u00e0 la fois ==&gt; Soit une coalition Centre \/ Gauche, soit une coalition Centre \/ Droite. Le premier ministre serait&#8230; difficile \u00e0 trouver \ud83d\ude42 Ca ne pourrait pas \u00eatre l&rsquo;un des politiciens lib\u00e9raux-europ\u00e9ens que Macron pr\u00e9f\u00e9rerait sans doute s&rsquo;il avait le choix, \u00e7a ne pourrait pas \u00eatre non plus un M\u00e9lenchon ni une Le Pen. Il faudrait une personnalit\u00e9 interm\u00e9diaire, acceptable \u00e0 la fois pour le Centre et pour l&rsquo;un des deux autres blocs. Un mouton \u00e0 cinq pattes&#8230; (Jadot dans un cas, Ciotti dans l&rsquo;autre ?)<\/p>\n<p>A mon sens, c&rsquo;est tout l&rsquo;enjeu de ces l\u00e9gislatives :<br \/>\n&#8211; Majorit\u00e9 pr\u00e9sidentielle avec LREM + ralli\u00e9s LR, EELV, PS &#8211; bref, pas de changement par rapport \u00e0 l&rsquo;existant<\/p>\n<p>&#8211; Coalition obligatoire avec personnalit\u00e9 interm\u00e9diaire \u00e0 Matignon et politique \u00ab\u00a0interm\u00e9diaire\u00a0\u00bb s&rsquo;appuyant sur deux jambes plut\u00f4t qu&rsquo;une seule parmi les trois de la politique fran\u00e7aise actuelle<\/p>\n<p>Evidemment, le choix entre strat\u00e9gie Centre \/ Gauche et Centre \/ Droite resterait au pr\u00e9sident.<\/p>\n","protected":false},"excerpt":{"rendered":"<p><img loading=\"lazy\" decoding=\"async\" src=\"https:\/\/www.pauljorion.com\/blog\/wp-content\/uploads\/Marianne-162x300.png\" alt=\"\" width=\"162\" height=\"300\" class=\"alignleft size-medium wp-image-130754\" srcset=\"https:\/\/www.pauljorion.com\/blog\/wp-content\/uploads\/Marianne-162x300.png 162w, https:\/\/www.pauljorion.com\/blog\/wp-content\/uploads\/Marianne.png 230w\" sizes=\"auto, (max-width: 162px) 100vw, 162px\" \/>Une mani\u00e8re d&rsquo;analyser la situation politique du pays est de constater l&rsquo;existence de trois blocs assez nettement d\u00e9finis :<br \/> &#8211; Centre lib\u00e9ral \/ europ\u00e9iste = LREM + partie de LR + partie de EELV et PS<br \/> &#8211; Droite souverainiste \/ identitaire = RN + Reconqu\u00eate [&hellip;]<\/p>\n","protected":false},"author":1,"featured_media":0,"comment_status":"open","ping_status":"closed","sticky":false,"template":"","format":"standard","meta":{"footnotes":""},"categories":[4454],"tags":[1760],"class_list":["post-132334","post","type-post","status-publish","format-standard","hentry","category-france","tag-election-presidentielle-francaise"],"_links":{"self":[{"href":"https:\/\/www.pauljorion.com\/blog\/wp-json\/wp\/v2\/posts\/132334","targetHints":{"allow":["GET"]}}],"collection":[{"href":"https:\/\/www.pauljorion.com\/blog\/wp-json\/wp\/v2\/posts"}],"about":[{"href":"https:\/\/www.pauljorion.com\/blog\/wp-json\/wp\/v2\/types\/post"}],"author":[{"embeddable":true,"href":"https:\/\/www.pauljorion.com\/blog\/wp-json\/wp\/v2\/users\/1"}],"replies":[{"embeddable":true,"href":"https:\/\/www.pauljorion.com\/blog\/wp-json\/wp\/v2\/comments?post=132334"}],"version-history":[{"count":2,"href":"https:\/\/www.pauljorion.com\/blog\/wp-json\/wp\/v2\/posts\/132334\/revisions"}],"predecessor-version":[{"id":132336,"href":"https:\/\/www.pauljorion.com\/blog\/wp-json\/wp\/v2\/posts\/132334\/revisions\/132336"}],"wp:attachment":[{"href":"https:\/\/www.pauljorion.com\/blog\/wp-json\/wp\/v2\/media?parent=132334"}],"wp:term":[{"taxonomy":"category","embeddable":true,"href":"https:\/\/www.pauljorion.com\/blog\/wp-json\/wp\/v2\/categories?post=132334"},{"taxonomy":"post_tag","embeddable":true,"href":"https:\/\/www.pauljorion.com\/blog\/wp-json\/wp\/v2\/tags?post=132334"}],"curies":[{"name":"wp","href":"https:\/\/api.w.org\/{rel}","templated":true}]}}