{"id":132471,"date":"2022-05-08T21:27:41","date_gmt":"2022-05-08T19:27:41","guid":{"rendered":"https:\/\/www.pauljorion.com\/blog\/?p=132471"},"modified":"2022-05-08T21:28:12","modified_gmt":"2022-05-08T19:28:12","slug":"ukraine-question-diabolique-a-propos-du-9-mai","status":"publish","type":"post","link":"https:\/\/www.pauljorion.com\/blog\/2022\/05\/08\/ukraine-question-diabolique-a-propos-du-9-mai\/","title":{"rendered":"<b>Ukraine : question diabolique \u00e0 propos du 9 mai<\/b>"},"content":{"rendered":"<p><img loading=\"lazy\" decoding=\"async\" src=\"https:\/\/www.pauljorion.com\/blog\/wp-content\/uploads\/Dulle-Griet-150x150.png\" alt=\"\" width=\"150\" height=\"150\" class=\"alignleft size-thumbnail wp-image-131459\" \/>Le fameux <a href=\"https:\/\/fr.wikipedia.org\/wiki\/R%C3%A9giment_Azov#Invasion_de_l'Ukraine_par_la_Russie_en_2022\" target=\"_blank\" rel=\"noopener\">r\u00e9giment Azov<\/a> est retranch\u00e9 \u00e0 Marioupol dont il constitue la derni\u00e8re force de d\u00e9fense ukrainienne.<\/p>\n<p>L&rsquo;origine du r\u00e9giment dans une milice paramilitaire nazie est consid\u00e9r\u00e9 du c\u00f4t\u00e9 des nations regroup\u00e9es au sein de l&rsquo;OTAN (et sympathisantes) comme anecdotique. Du c\u00f4t\u00e9 russe, l&rsquo;origine du r\u00e9giment dans une milice paramilitaire nazie est consid\u00e9r\u00e9 comme r\u00e9v\u00e9latrice de la nature m\u00eame du r\u00e9gime ukrainien actuel.<\/p>\n<p>Si demain 9 mai, \u00e0 l&rsquo;occasion du fameux d\u00e9fil\u00e9 militaire pr\u00e9vu \u00e0 Moscou, la Russie faisait tomber une bombe nucl\u00e9aire tactique sur l&rsquo;usine m\u00e9tallurgique Azovstal o\u00f9 le r\u00e9giment Azov est retranch\u00e9, comment r\u00e9agiraient les nations membres de l&rsquo;OTAN ?<\/p>\n","protected":false},"excerpt":{"rendered":"<p><img loading=\"lazy\" decoding=\"async\" src=\"https:\/\/www.pauljorion.com\/blog\/wp-content\/uploads\/Dulle-Griet-150x150.png\" alt=\"\" width=\"150\" height=\"150\" class=\"alignleft size-thumbnail wp-image-131459\" \/>Le fameux <a href=\"https:\/\/fr.wikipedia.org\/wiki\/R%C3%A9giment_Azov#Invasion_de_l'Ukraine_par_la_Russie_en_2022\" target=\"_blank\" rel=\"noopener\">r\u00e9giment Azov<\/a> est retranch\u00e9 \u00e0 Marioupol dont il constitue la derni\u00e8re force de d\u00e9fense ukrainienne.<\/p>\n<p>L&rsquo;origine du r\u00e9giment dans une milice paramilitaire nazie est consid\u00e9r\u00e9 du c\u00f4t\u00e9 des nations regroup\u00e9es au sein de l&rsquo;OTAN (et sympathisantes) comme anecdotique. Du c\u00f4t\u00e9 russe, l&rsquo;origine [&hellip;]<\/p>\n","protected":false},"author":1,"featured_media":0,"comment_status":"open","ping_status":"closed","sticky":false,"template":"","format":"standard","meta":{"footnotes":""},"categories":[5132,6647],"tags":[8686,69,3217],"class_list":["post-132471","post","type-post","status-publish","format-standard","hentry","category-russie","category-ukraine","tag-regiment-azov","tag-russie","tag-ukraine"],"_links":{"self":[{"href":"https:\/\/www.pauljorion.com\/blog\/wp-json\/wp\/v2\/posts\/132471","targetHints":{"allow":["GET"]}}],"collection":[{"href":"https:\/\/www.pauljorion.com\/blog\/wp-json\/wp\/v2\/posts"}],"about":[{"href":"https:\/\/www.pauljorion.com\/blog\/wp-json\/wp\/v2\/types\/post"}],"author":[{"embeddable":true,"href":"https:\/\/www.pauljorion.com\/blog\/wp-json\/wp\/v2\/users\/1"}],"replies":[{"embeddable":true,"href":"https:\/\/www.pauljorion.com\/blog\/wp-json\/wp\/v2\/comments?post=132471"}],"version-history":[{"count":3,"href":"https:\/\/www.pauljorion.com\/blog\/wp-json\/wp\/v2\/posts\/132471\/revisions"}],"predecessor-version":[{"id":132474,"href":"https:\/\/www.pauljorion.com\/blog\/wp-json\/wp\/v2\/posts\/132471\/revisions\/132474"}],"wp:attachment":[{"href":"https:\/\/www.pauljorion.com\/blog\/wp-json\/wp\/v2\/media?parent=132471"}],"wp:term":[{"taxonomy":"category","embeddable":true,"href":"https:\/\/www.pauljorion.com\/blog\/wp-json\/wp\/v2\/categories?post=132471"},{"taxonomy":"post_tag","embeddable":true,"href":"https:\/\/www.pauljorion.com\/blog\/wp-json\/wp\/v2\/tags?post=132471"}],"curies":[{"name":"wp","href":"https:\/\/api.w.org\/{rel}","templated":true}]}}