{"id":133398,"date":"2022-08-01T12:30:45","date_gmt":"2022-08-01T10:30:45","guid":{"rendered":"https:\/\/www.pauljorion.com\/blog\/?p=133398"},"modified":"2022-08-01T12:32:24","modified_gmt":"2022-08-01T10:32:24","slug":"ecologie-et-socialisme-ou-barbarie-par-cedric-chevalier","status":"publish","type":"post","link":"https:\/\/www.pauljorion.com\/blog\/2022\/08\/01\/ecologie-et-socialisme-ou-barbarie-par-cedric-chevalier\/","title":{"rendered":"<b>\u00c9cologie et socialisme&#8230; ou barbarie<\/b>, par C\u00e9dric Chevalier"},"content":{"rendered":"<p><img loading=\"lazy\" decoding=\"async\" src=\"https:\/\/www.pauljorion.com\/blog\/wp-content\/uploads\/800px-Alexandria_Ocasio-Cortez_Official_Portrait-150x150.jpg\" alt=\"\" width=\"150\" height=\"150\" class=\"alignleft size-thumbnail wp-image-109046\" \/>Un article tr\u00e8s int\u00e9ressant du Guardian documente la hausse de la violence politique aux USA :<\/p>\n<p><a href=\"https:\/\/www.theguardian.com\/us-news\/2022\/jul\/31\/us-political-violence-threats-against-lawmakers\" target=\"_blank\" rel=\"noopener\" data-saferedirecturl=\"https:\/\/www.google.com\/url?q=https:\/\/www.theguardian.com\/us-news\/2022\/jul\/31\/us-political-violence-threats-against-lawmakers&amp;source=gmail&amp;ust=1659424203195000&amp;usg=AOvVaw2Qo-Bo-wmvLk4jwDgLHerg\">US faces new era of political violence as threats against lawmakers rise | House of Representatives | The Guardian<\/a><\/p>\n<p>On \u00e9voque :<br \/>\n&#8211; des menaces de l&rsquo;extr\u00eame droite contre les \u00e9lues de couleur de gauche<br \/>\n&#8211; des menaces des R\u00e9publicains extr\u00e9mistes contre leurs confr\u00e8res mod\u00e9r\u00e9s<br \/>\n&#8211; des leaders politiques R\u00e9publicains qui couvrent leurs coll\u00e8gues agressifs et n&rsquo;utilisent pas leur aura pour inviter leurs \u00e9lecteurs \u00e0 la mod\u00e9ration- etc.<br \/>\n<!--more--><br \/>\nTout cela n&rsquo;est pas sans analogie avec les pratiques des Nazis allemands dans la d\u00e9mocratie de la r\u00e9publique de Weimar durant les ann\u00e9es 1920-1930, et de leurs coll\u00e8gues fascistes en Italie durant la m\u00eame p\u00e9riode. Une valeur cardinale du fascisme est \u00ab\u00a0la strat\u00e9gie du fait accompli\u00a0\u00bb et la v\u00e9n\u00e9ration de la \u00ab\u00a0force brute\u00a0\u00bb. L&rsquo;usage de la violence individuelle et collective dans la pens\u00e9e, le discours et les actes fait partie de la bo\u00eete \u00e0 outil de la pens\u00e9e extr\u00e9miste. Les ennemis des fascistes doivent \u00eatre \u00e9limin\u00e9s par la force, physiquement si n\u00e9cessaire.<\/p>\n<p>La tendance fasciste aux Etats-Unis est \u00e9vidente depuis au moins l&rsquo;\u00e9mergence de Donald Trump.<\/p>\n<p>Et \u00e0 nouveau, il n&rsquo;est pas du tout \u00e9tonnant de trouver Alexandria Ocasio-Cortez, femme, jeune, issue d&rsquo;une minorit\u00e9 ethnique, \u00e9cologiste, socialiste, d\u00e9mocrate, progressiste, comme une des cibles principales de la haine politique, puisqu&rsquo;\u00e0 mon sens, elle incarne pr\u00e9cis\u00e9ment l&rsquo;antidote \u00e0 cette tendance fasciste, exactement comme Franklin Delano Roosevelt, modulo les termes de comparaison historiques.<\/p>\n<p>Chez nous, en Belgique, le ministre Philippe Henry (Ecolo) est menac\u00e9 de mort et sous protection polici\u00e8re parce qu&rsquo;il porte une r\u00e9forme de la fiscalit\u00e9 automobile qui va dans le sens de l&rsquo;environnement et du social. Certains leaders populistes, de droite comme de gauche, ont men\u00e9 des attaques ad hominem et populistes contre lui en raison de cette proposition politique. Bien que certains condamnent aujourd&rsquo;hui les menaces, le mal est fait.<\/p>\n<p>On se souvient \u00e9galement des attaques qu&rsquo;avait subies Greta Thunberg lorsqu&rsquo;elle a \u00e9merg\u00e9, \u00e9galement constitutives de menaces de mort.<\/p>\n<p>Dans le monde, les activistes environnementaux sont devenus la premi\u00e8re cible des assassinats politiques ces derni\u00e8res ann\u00e9es.<\/p>\n<p>Parall\u00e8lement, on ne peut non plus n\u00e9gliger la tendance \u00e0 la radicalisation au sein de certains groupes d&rsquo;activistes \u00e9cologistes, qui discutent de plus en plus ouvertement de \u00ab\u00a0la d\u00e9sob\u00e9issance civile\u00a0\u00bb, voire du \u00ab\u00a0sabotage des installations fossiles\u00a0\u00bb, voire de \u00ab\u00a0la violence\u00a0\u00bb comme moyens d&rsquo;action l\u00e9gitimes. Si les formes les plus extr\u00eames de cette r\u00e9flexion restent vraisemblablement minoritaires et contraires aux valeurs humanistes de la gauche \u00e9cologique, le seul fait que cette discussion existe t\u00e9moigne que certains activistes pensent avoir \u00e9puis\u00e9 toutes les voies d&rsquo;action d\u00e9mocratiques et non violentes pour pr\u00e9server les conditions d&rsquo;habitabilit\u00e9 sur Terre, leurs propres conditions d&rsquo;existence. Cette impasse ressentie est directement li\u00e9e \u00e0 la capacit\u00e9 effective des forces politiques r\u00e9actionnaires \u00e0 emp\u00eacher toute r\u00e9forme \u00e9cologique et sociale d&rsquo;envergure, comme sous Donald Trump, Jair Bolsonaro, Boris Johnson, Emmanuel Macron, Victor Orban, etc. Face \u00e0 cette \u00ab\u00a0violence\u00a0\u00bb du syst\u00e8me, les activistes se sentent de plus en plus fond\u00e9s \u00e0 revendiquer un usage de la force comme l\u00e9gitime d\u00e9fense.<\/p>\n<p>On sait que les plus grands th\u00e9oriciens de l&rsquo;Etat et de la d\u00e9mocratie but\u00e8rent tous sur cette question fondamentale : dans le contrat social qui lie l&rsquo;Etat et le citoyen, quand le citoyen est-il autoris\u00e9 \u00e0 se r\u00e9volter, par la force si n\u00e9cessaire ? Mais l&rsquo;usage de cette exception est justifi\u00e9 de mani\u00e8re bien diff\u00e9rente par les activistes et les fascistes.<\/p>\n<p>Plus que jamais donc, les forces politiques de l&rsquo;\u00e9cologie et de la justice sociale sont confront\u00e9es aux forces r\u00e9actionnaires de l&rsquo;\u00e9con\u00e9gationnisme, du n\u00e9olib\u00e9ralisme et du nouveau fascisme.<\/p>\n<p>Il existe un continuum bien document\u00e9 entre la haine ordinaire sur les r\u00e9seaux sociaux et dans les d\u00e9bats familiaux (qui ne conna\u00eet un oncle ou un ami r\u00e9actionnaire ?), les appels concrets \u00e0 la violence sur des cibles identifi\u00e9es, le passage \u00e0 l&rsquo;acte, et puis l&rsquo;instauration de r\u00e9gimes dictatoriaux qui d\u00e9mant\u00e8lent les institutions de la d\u00e9mocratie et \u00e9liminent leurs opposants.<\/p>\n<p>Alors que les constantes de la Biosph\u00e8re s&rsquo;effondrent et que l&rsquo;Ecocide mondial fait rage, jamais les c\u00e9l\u00e8bres phrases \u00ab\u00a0\u00e9cologie ou barbarie\u00a0\u00bb ou \u00ab\u00a0socialisme ou barbarie\u00a0\u00bb, n&rsquo;ont \u00e9t\u00e9 plus exactes.<\/p>\n<p>Si les d\u00e9mocrates de gauche et \u00e9cologistes ne parviennent pas \u00e0 juguler la b\u00eate immonde rapidement, en d\u00e9fendant la temp\u00e9rance et le dialogue d\u00e9mocratique, cette b\u00eate immonde pourrait bient\u00f4t les d\u00e9vorer sauvagement, comme il y a un si\u00e8cle.<\/p>\n","protected":false},"excerpt":{"rendered":"<p><img loading=\"lazy\" decoding=\"async\" src=\"https:\/\/www.pauljorion.com\/blog\/wp-content\/uploads\/800px-Alexandria_Ocasio-Cortez_Official_Portrait-150x150.jpg\" alt=\"\" width=\"150\" height=\"150\" class=\"alignleft size-thumbnail wp-image-109046\" \/>Un article tr\u00e8s int\u00e9ressant du Guardian documente la hausse de la violence politique aux USA :<\/p>\n<p><a href=\"https:\/\/www.theguardian.com\/us-news\/2022\/jul\/31\/us-political-violence-threats-against-lawmakers\" target=\"_blank\" rel=\"noopener\" data-saferedirecturl=\"https:\/\/www.google.com\/url?q=https:\/\/www.theguardian.com\/us-news\/2022\/jul\/31\/us-political-violence-threats-against-lawmakers&amp;source=gmail&amp;ust=1659424203195000&amp;usg=AOvVaw2Qo-Bo-wmvLk4jwDgLHerg\">US faces new era of political violence as threats against lawmakers rise | House of Representatives | The Guardian<\/a><\/p>\n<p>On \u00e9voque :<br \/> &#8211; des menaces de [&hellip;]<\/p>\n","protected":false},"author":1,"featured_media":0,"comment_status":"open","ping_status":"closed","sticky":false,"template":"","format":"standard","meta":{"footnotes":""},"categories":[4494,6093],"tags":[5972,2626],"class_list":["post-133398","post","type-post","status-publish","format-standard","hentry","category-environnement","category-fascisme","tag-alexandria-ocasio-cortez","tag-fascisme"],"_links":{"self":[{"href":"https:\/\/www.pauljorion.com\/blog\/wp-json\/wp\/v2\/posts\/133398","targetHints":{"allow":["GET"]}}],"collection":[{"href":"https:\/\/www.pauljorion.com\/blog\/wp-json\/wp\/v2\/posts"}],"about":[{"href":"https:\/\/www.pauljorion.com\/blog\/wp-json\/wp\/v2\/types\/post"}],"author":[{"embeddable":true,"href":"https:\/\/www.pauljorion.com\/blog\/wp-json\/wp\/v2\/users\/1"}],"replies":[{"embeddable":true,"href":"https:\/\/www.pauljorion.com\/blog\/wp-json\/wp\/v2\/comments?post=133398"}],"version-history":[{"count":2,"href":"https:\/\/www.pauljorion.com\/blog\/wp-json\/wp\/v2\/posts\/133398\/revisions"}],"predecessor-version":[{"id":133400,"href":"https:\/\/www.pauljorion.com\/blog\/wp-json\/wp\/v2\/posts\/133398\/revisions\/133400"}],"wp:attachment":[{"href":"https:\/\/www.pauljorion.com\/blog\/wp-json\/wp\/v2\/media?parent=133398"}],"wp:term":[{"taxonomy":"category","embeddable":true,"href":"https:\/\/www.pauljorion.com\/blog\/wp-json\/wp\/v2\/categories?post=133398"},{"taxonomy":"post_tag","embeddable":true,"href":"https:\/\/www.pauljorion.com\/blog\/wp-json\/wp\/v2\/tags?post=133398"}],"curies":[{"name":"wp","href":"https:\/\/api.w.org\/{rel}","templated":true}]}}