{"id":134077,"date":"2022-09-27T16:55:41","date_gmt":"2022-09-27T14:55:41","guid":{"rendered":"https:\/\/www.pauljorion.com\/blog\/?p=134077"},"modified":"2022-09-27T16:55:41","modified_gmt":"2022-09-27T14:55:41","slug":"elections-en-italie-par-valerio-sale","status":"publish","type":"post","link":"https:\/\/www.pauljorion.com\/blog\/2022\/09\/27\/elections-en-italie-par-valerio-sale\/","title":{"rendered":"<b>\u00c9lections en Italie<\/b>, par Valerio Sale"},"content":{"rendered":"<p><img loading=\"lazy\" decoding=\"async\" src=\"https:\/\/www.pauljorion.com\/blog\/wp-content\/uploads\/Azzuro-2022-09-27-a\u0300-16.54.01-150x150.png\" alt=\"\" width=\"150\" height=\"150\" class=\"alignleft size-thumbnail wp-image-134078\" \/>Dans chaque famille italienne, il y a le souvenir d&rsquo;un grand-p\u00e8re fasciste ou d&rsquo;un autre, partisan de la r\u00e9sistance. Pour les premiers, le fascisme a \u00e9galement fait de bonnes choses, pour les seconds, le fascisme \u00e9tait le mal absolu. C&rsquo;est ainsi que des g\u00e9n\u00e9rations d&rsquo;Italiens ont grandi apr\u00e8s 1945. La moiti\u00e9 condamne sans appel le fascisme (les lois raciales, la violence, la guerre), l&rsquo;autre moiti\u00e9 est indulgente envers Mussolini (il a aussi fait de bonnes choses). La racine du parti de Giorgia Meloni est form\u00e9e de ce substrat culturel de la soci\u00e9t\u00e9 italienne. Fratelli d&rsquo;Italia est plein de fascistes. Cependant, le fascisme ne sera pas ressuscit\u00e9. Au lieu de cela, l&rsquo;Italie de Fratelli d&rsquo;Italia rejoindra les souverainistes europ\u00e9ens notamment  de Pologne, de Hongrie, les Le Pen et Zemmour, le trumpisme americain. Mais il est tr\u00e8s possible que, dans cette future \u00ab\u00a0alliance d&rsquo;Armageddon\u00a0\u00bb, elle repr\u00e9sente l&rsquo;aile mod\u00e9r\u00e9e. Parce que l&rsquo;exp\u00e9rience italienne est et restera unique. Pour une raison qui est plus anthropologique que politique. Comme le disait Vittorio Emanuele le premier roi de l&rsquo;unification de l&rsquo;Italie : \u00ab\u00a0L&rsquo;Italie est faite, il faut maintenant faire les Italiens\u00a0\u00bb. L&rsquo;identit\u00e9 nationale est rest\u00e9e inachev\u00e9e au fil des si\u00e8cles. Depuis l&rsquo;\u00e9poque de Dante Alighieri jusqu&rsquo;\u00e0 l&rsquo;unification de l&rsquo;Italie en 1860 et jusqu\u2019\u00e0 pr\u00e9sent le pays est rest\u00e9 politiquement divis\u00e9 par une myriade d&rsquo;int\u00e9r\u00eats particuliers (sociaux, \u00e9conomiques r\u00e9gionaux, provinciaux, footballistiques, etc.). <\/p>\n<p>C\u2019est l\u2019expression du g\u00e9nie et de l&rsquo;indiscipline du peuple. Richesse et mis\u00e8re de la nation. Mais quelle nation exactement ? Les nombreuses nations diff\u00e9rentes repr\u00e9sent\u00e9es par les int\u00e9r\u00eats d\u00e9crits, soit une identit\u00e9 nationale inachev\u00e9. Depuis la naissance de la R\u00e9publique en 1946, 67 gouvernements se sont succ\u00e9d\u00e9s jusqu\u2019\u00e0 pr\u00e9sent.<\/p>\n<p>La coalition de droite qui a remport\u00e9 les \u00e9lections du 25 septembre est repr\u00e9sent\u00e9e par des partis aux orientations politiques tr\u00e8s diff\u00e9rentes en mati\u00e8re \u00e9conomique, mais aussi en mati\u00e8re de politiques sociales. Une fois encore, les int\u00e9r\u00eats repr\u00e9sentant les diff\u00e9rents partis de droite m\u00e8neront \u00e0 un affrontement qui divisera la coalition. Ils se diviseront aussi durement dans la division du pouvoir. Et l&rsquo;Italie reviendra \u00e0 la normale.<\/p>\n","protected":false},"excerpt":{"rendered":"<p><img loading=\"lazy\" decoding=\"async\" src=\"https:\/\/www.pauljorion.com\/blog\/wp-content\/uploads\/Azzuro-2022-09-27-a\u0300-16.54.01-150x150.png\" alt=\"\" width=\"150\" height=\"150\" class=\"alignleft size-thumbnail wp-image-134078\" \/>Dans chaque famille italienne, il y a le souvenir d&rsquo;un grand-p\u00e8re fasciste ou d&rsquo;un autre, partisan de la r\u00e9sistance. Pour les premiers, le fascisme a \u00e9galement fait de bonnes choses, pour les seconds, le fascisme \u00e9tait le mal absolu. C&rsquo;est ainsi que des g\u00e9n\u00e9rations d&rsquo;Italiens ont grandi [&hellip;]<\/p>\n","protected":false},"author":1,"featured_media":0,"comment_status":"open","ping_status":"closed","sticky":false,"template":"","format":"standard","meta":{"footnotes":""},"categories":[6093,5381],"tags":[2626,8912,78],"class_list":["post-134077","post","type-post","status-publish","format-standard","hentry","category-fascisme","category-italie","tag-fascisme","tag-giorgia-meloni","tag-italie"],"_links":{"self":[{"href":"https:\/\/www.pauljorion.com\/blog\/wp-json\/wp\/v2\/posts\/134077","targetHints":{"allow":["GET"]}}],"collection":[{"href":"https:\/\/www.pauljorion.com\/blog\/wp-json\/wp\/v2\/posts"}],"about":[{"href":"https:\/\/www.pauljorion.com\/blog\/wp-json\/wp\/v2\/types\/post"}],"author":[{"embeddable":true,"href":"https:\/\/www.pauljorion.com\/blog\/wp-json\/wp\/v2\/users\/1"}],"replies":[{"embeddable":true,"href":"https:\/\/www.pauljorion.com\/blog\/wp-json\/wp\/v2\/comments?post=134077"}],"version-history":[{"count":1,"href":"https:\/\/www.pauljorion.com\/blog\/wp-json\/wp\/v2\/posts\/134077\/revisions"}],"predecessor-version":[{"id":134079,"href":"https:\/\/www.pauljorion.com\/blog\/wp-json\/wp\/v2\/posts\/134077\/revisions\/134079"}],"wp:attachment":[{"href":"https:\/\/www.pauljorion.com\/blog\/wp-json\/wp\/v2\/media?parent=134077"}],"wp:term":[{"taxonomy":"category","embeddable":true,"href":"https:\/\/www.pauljorion.com\/blog\/wp-json\/wp\/v2\/categories?post=134077"},{"taxonomy":"post_tag","embeddable":true,"href":"https:\/\/www.pauljorion.com\/blog\/wp-json\/wp\/v2\/tags?post=134077"}],"curies":[{"name":"wp","href":"https:\/\/api.w.org\/{rel}","templated":true}]}}