{"id":135155,"date":"2023-01-31T21:42:19","date_gmt":"2023-01-31T20:42:19","guid":{"rendered":"https:\/\/www.pauljorion.com\/blog\/?p=135155"},"modified":"2023-01-31T21:42:19","modified_gmt":"2023-01-31T20:42:19","slug":"repenser-les-retraites-le-23-janvier-2023-retranscription","status":"publish","type":"post","link":"https:\/\/www.pauljorion.com\/blog\/2023\/01\/31\/repenser-les-retraites-le-23-janvier-2023-retranscription\/","title":{"rendered":"<b>Repenser les retraites<\/b>, le 23 janvier 2023 &#8211; Retranscription"},"content":{"rendered":"<blockquote><p><em>Retranscription de <b><a href=\"https:\/\/www.pauljorion.com\/blog\/2023\/01\/23\/video-repenser-les-retraites\/\" target=\"_blank\" rel=\"noopener\">Repenser les retraites<\/a><\/b>, le 23 janvier 2023<\/em><\/p><\/blockquote>\n<p class=\"p1\">Bonjour, nous sommes le lundi 23 janvier 2023 et vous \u00eates nombreux et c&rsquo;est tr\u00e8s aimable de votre part, \u00e0 m&rsquo;avoir fait remarquer que \u00e7a fait un moment que je ne fais plus de vid\u00e9o.<\/p>\n<p class=\"p1\">Je crois que je n&rsquo;en ai pas fait depuis le d\u00e9but de l&rsquo;ann\u00e9e ou peut-\u00eatre une, et je me suis pos\u00e9 la question pourquoi je ne fais plus de vid\u00e9os ?<\/p>\n<p class=\"p1\">Il y a manifestement chez moi moins d&rsquo;envie de faire des vid\u00e9os.<\/p>\n<p><iframe loading=\"lazy\" title=\"YouTube video player\" src=\"https:\/\/www.youtube.com\/embed\/5Ug870aC-wo\" width=\"700\" height=\"450\" frameborder=\"0\" allowfullscreen=\"allowfullscreen\"><\/iframe><\/p>\n<p class=\"p1\">Et il y a deux raisons.<\/p>\n<p class=\"p1\">La premi\u00e8re, c&rsquo;est que depuis pratiquement que je fais des vid\u00e9os, je vis en r\u00e9alit\u00e9 seul.<\/p>\n<p class=\"p1\">Et je me suis pos\u00e9 la question l&rsquo;autre jour : est-ce que je n&rsquo;ai pas fait \u00e9norm\u00e9ment de vid\u00e9os\u00a0 parce que j&rsquo;avais envie de parler \u00e0 quelqu&rsquo;un. Et en particulier, de vous parler \u00e0 vous. Et que \u00e7a me faisait plaisir, peut-\u00eatre, d&rsquo;entendre le son de ma propre voix que je n&rsquo;avais pas l&rsquo;occasion d&rsquo;entendre, et n&rsquo;entendant aucune autre voix autour de moi.<\/p>\n<p class=\"p1\">Depuis un certain temps, j&rsquo;ai le bonheur de ne plus vivre seul et j&rsquo;ai l&rsquo;occasion de multiples fois dans la journ\u00e9e de parler.<\/p>\n<p class=\"p1\">C&rsquo;est peut \u00eatre une des raisons, mais il y en a une autre : le fait que ces temps derniers, j&rsquo;aurais d\u00fb parler surtout des retraites en France m&rsquo;a peut \u00eatre aiguill\u00e9 vers une autre explication.<\/p>\n<p class=\"p1\">Cette autre explication est la suivante : c&rsquo;est le fait que j&rsquo;ai gliss\u00e9 dans mon humeur, dans la mani\u00e8re dont je parle quand je parle, d&rsquo;un mode qu&rsquo;on pourrait appeler celui de l&rsquo;indignation, de la r\u00e9bellion, \u00e0 celui, il faut bien l&rsquo;appeler par son nom, de la consternation.<\/p>\n<p class=\"p1\">Pensant \u00e0 \u00e7a, j&rsquo;ai pens\u00e9 \u00e0 M. Dennis Meadows. La plupart des gens, enfin les francophones, prononcent en g\u00e9n\u00e9ral mal son nom : ils l&rsquo;appellent Monsieur M\u00eedows, ne connaissant pas le mot \u00ab\u00a0meadows \u00ab\u00a0qui est le mot anglais pour une prairie et qui donc est un mot dont on sait comment il faut le prononcer.<\/p>\n<p class=\"p1\">M. Meadows et son \u00e9pouse ont publi\u00e9 avec d&rsquo;autres personnes en 72 un rapport appel\u00e9 \u00ab\u00a0Rapport de Rome\u00a0\u00bb, le \u00ab\u00a0Rapport sur la fin de la croissance\u00a0\u00bb, \u00e7a a divers noms. Et il nous alertait il y a un peu plus d&rsquo;un demi-si\u00e8cle sur ce qui allait se passer et c&rsquo;\u00e9tait un grand cri d&rsquo;alarme.<\/p>\n<p class=\"p1\">Dans les milieux intellectuels on a beaucoup parl\u00e9 de ce rapport l\u00e0, on a continu\u00e9 d&rsquo;en parler.<\/p>\n<p class=\"p1\">Et du c\u00f4t\u00e9 du politique, on a fait\u2026 Vous connaissez le geste [P.J. fait un bras d&rsquo;honneur], le geste, en disant : \u00ab\u00a0Ce n&rsquo;est pas notre affaire. Pourquoi ? Parce que nous, on veut \u00eatre \u00e9lu la prochaine fois. On ne veut pas parler de choses qui f\u00e2chent les gens et surtout pas que \u00e7a irait mal. Et donc on n&rsquo;en a pas parl\u00e9.\u00a0\u00bb<\/p>\n<p class=\"p1\">Et donc, pendant un demi-si\u00e8cle, M. Meadows a parl\u00e9 de son rapport et quand il en parle maintenant, il en parle sur un ton d\u00e9sabus\u00e9 en disant : \u00ab\u00a0Un demi-si\u00e8cle d&rsquo;avoir piss\u00e9 dans un violon et \u00e7a n&rsquo;a pas donn\u00e9 grand chose.\u00a0\u00bb<\/p>\n<p class=\"p1\">Alors pourquoi est ce que je parle de lui?<\/p>\n<p class=\"p1\">Parce que quand on a reparl\u00e9 r\u00e9cemment des retraites en France, je me suis souvenu qu&rsquo;en 2012, j&rsquo;avais expliqu\u00e9 d&rsquo;une certaine mani\u00e8re, \u00e0 ma fa\u00e7on, comment il fallait r\u00e9soudre ce type de probl\u00e8me.<\/p>\n<p class=\"p1\">Et 2012, \u00e7a fait quand m\u00eame? Oui, \u00e7a va bient\u00f4t faire onze ans.<\/p>\n<p class=\"p1\">Il y a eu une toute petite satisfaction, c&rsquo;est qu&rsquo;une de mes id\u00e9es \u00e9mises \u00e0 cette \u00e9poque l\u00e0 &#8211; j&rsquo;en parlais essentiellement dans mes chroniques que je publiais dans Le Monde, dans Le Monde-\u00c9conomie &#8211;\u00a0une id\u00e9e que j&rsquo;ai lanc\u00e9e en 2012, c&rsquo;est la taxe qu&rsquo;on a appel\u00e9 \u00ab\u00a0taxe-robot\u00a0\u00bb, que j&rsquo;ai appel\u00e9e, moi, \u00ab\u00a0taxe Sismondi\u00a0\u00bb, parce que \u00e7a reprenait une id\u00e9e du philosophe et \u00e9conomiste suisse du d\u00e9but du XIX<span class=\"s1\">\u1d49<\/span> si\u00e8cle, Sismonde de Sismondi, que toute personne remplac\u00e9e par une machine puisse b\u00e9n\u00e9ficier \u00e0 vie d&rsquo;une rente puis\u00e9e sur la richesse qui sera cr\u00e9\u00e9e par cette machine le rempla\u00e7ant.<\/p>\n<p class=\"p1\">Voil\u00e0, c&rsquo;est une id\u00e9e qui a \u00e9t\u00e9 reprise : elle a \u00e9t\u00e9 reprise en Belgique partiellement. Elle a \u00e9t\u00e9 reprise surtout en France et les gens la connaissent parce qu&rsquo;elle a \u00e9t\u00e9 reprise par monsieur Beno\u00eet Hamon. Qui en a parl\u00e9 longuement.<\/p>\n<p class=\"p1\">Il n&rsquo;a pas r\u00e9ussi : M. Hollande a \u00e9t\u00e9 \u00e9lu \u00e0 cette \u00e9poque. Et en fait, il y a toute une s\u00e9rie de mesures politiques que j&rsquo;ai propos\u00e9es \u00e0 l&rsquo;\u00e9poque de la campagne \u00e9lectorale qui allait conduire \u00e0 l&rsquo;\u00e9lection de M. Hollande.<\/p>\n<p class=\"p1\">Donc \u00e7a ne date pas d&rsquo;hier.<\/p>\n<p class=\"p1\">Et quand je vois la mani\u00e8re dont d&rsquo;une part le gouvernement, d&rsquo;autre part les manifestants, discutent &#8211; v\u00e9h\u00e9mentement parfois &#8211; de la question des retraites, je m&rsquo;aper\u00e7ois que tout ce que j&rsquo;ai dit, en particulier il y a plus de dix ans, tout \u00e7a est absolument ignor\u00e9.<\/p>\n<p class=\"p1\">J&rsquo;ai cru honn\u00eatement, j&rsquo;ai cru \u00e0 l&rsquo;\u00e9poque dont\u00a0on parle &#8211;\u00a0on me faisait beaucoup parler parce que j&rsquo;avais pr\u00e9vu effectivement &#8211; pas en jouant aux d\u00e9s, pas en lisant dans le marc de caf\u00e9, en \u00e9crivant un livre de 250 pages, j&rsquo;avais expliqu\u00e9 pourquoi il y aurait une crise caus\u00e9e par les <i>subprimes<\/i>\u00a0et \u00e7a s&rsquo;est pass\u00e9 comme \u00e7a.<\/p>\n<p class=\"p1\">Donc on m&rsquo;a beaucoup \u00e9cout\u00e9, on m&rsquo;a fait venir la radio, \u00e0 la t\u00e9l\u00e9, on m&rsquo;a donn\u00e9 des chroniques dans les journaux, etc. et j&rsquo;ai dit ce qu&rsquo;il fallait faire.<\/p>\n<p class=\"p1\">Il y a beaucoup de gens qui ont dit \u00ab\u00a0C&rsquo;est formidable, c&rsquo;est splendide !\u00a0\u00bb, etc. Mais l\u00e0 aussi, m\u00eame sensation &#8211; avec le recul &#8211; que M. Meadows, de pisser dans un violon : \u00e7a n&rsquo;a fait aucune diff\u00e9rence.<\/p>\n<p class=\"p1\">Et donc, quand je parle de consternation, c&rsquo;est la mani\u00e8re dont les deux parties &#8211; je dis bien les deux parties &#8211; dans la question des retraites : le gouvernement d&rsquo;une part, et les manifestants de l&rsquo;autre, dans la mani\u00e8re dont le probl\u00e8me est tellement mal pos\u00e9 par les uns et par les autres, qu&rsquo;au moment o\u00f9 je dois en parler, je pousse un profond soupir en me disant\u00a0 : \u00ab\u00a0\u00c0 quoi bon en reparler une fois de plus ?\u00a0\u00bb<\/p>\n<p class=\"p1\">Mais je vais le faire aujourd&rsquo;hui parce que c&rsquo;est le d\u00e9but de l\u2019ann\u00e9e. Il fait beau.<\/p>\n<p class=\"p1\">Le probl\u00e8me n&rsquo;est pas dans les retraites par r\u00e9partition : c\u2019est une tr\u00e8s bonne id\u00e9e.<\/p>\n<p class=\"p1\">L&rsquo;alternative \u00e0 \u00e7a, c&rsquo;est par capitalisation, c\u2019est-\u00e0-dire que les plus riches vont cotiser et auront une tr\u00e8s belle retraite et que les pauvres ne pourront pas cotiser et ils n&rsquo;auront pas de retraite du tout.<\/p>\n<p class=\"p1\">Donc \u00e7a c&rsquo;est un tr\u00e8s mauvais syst\u00e8me, par capitalisation.<\/p>\n<p class=\"p1\">C&rsquo;est ce qu&rsquo;on essaye de nous refourguer parce qu&rsquo;essentiellement on comprend mal le probl\u00e8me par r\u00e9partition.<\/p>\n<p class=\"p1\">Il faut rester dans le sch\u00e9ma o\u00f9 ceux qui travaillent, cotisent et qu&rsquo;on utilise essentiellement pour r\u00e9mun\u00e9rer ceux qui ont cess\u00e9 de travailler sous la forme d&rsquo;une pension de retraite, ces sommes pour les donner aux autres, voil\u00e0.<\/p>\n<p class=\"p1\">Alors, le syst\u00e8me voudrait donc que les gens travaillent\u00a0tant qu&rsquo;ils ont la possibilit\u00e9 de travailler, pour cotiser et pour qu&rsquo;on paye ceux qui sont d\u00e9j\u00e0 partis.<\/p>\n<p class=\"p1\">Alors la situation est compliqu\u00e9e.<\/p>\n<p class=\"p1\">Il y a des m\u00e9tiers \u00e9puisants.<\/p>\n<p class=\"p1\">Quand je parle de ces questions, il y a des gens qui, sur mon blog, disent : \u00ab\u00a0J&rsquo;ai travaill\u00e9 toute ma vie, c&rsquo;\u00e9tait un calvaire. \u00c7a ne s&rsquo;arr\u00eatera pas une minute trop t\u00f4t !\u00a0\u00bb<\/p>\n<p class=\"p1\">Et le probl\u00e8me essentiel au d\u00e9part, c&rsquo;est celui l\u00e0 : pourquoi est-ce que des gens doivent vivre une vie de travail qui soit un calvaire ?<\/p>\n<p class=\"p1\">Pourquoi est ce qu&rsquo;on ne s&rsquo;arrange pas pour que le travail qu&rsquo;il faut faire, que ce soit autre chose qu&rsquo;un calvaire pour la plupart des gens ?<\/p>\n<p class=\"p1\">\u00c7a, c&rsquo;est un probl\u00e8me qu&rsquo;il faut r\u00e9soudre de son c\u00f4t\u00e9, ce n&rsquo;est pas imm\u00e9diatement la question des retraites.<\/p>\n<p class=\"p1\">Alors il y a des gens qui demanderaient en fait \u00e0 pouvoir s&rsquo;arr\u00eater tout de suite.<\/p>\n<p class=\"p1\">En fait, ils voudraient que le travail qu&rsquo;ils ont commenc\u00e9 et qui est un calvaire, que \u00e7a s&rsquo;arr\u00eate tout de suite.<\/p>\n<p class=\"p1\">Mais alors ils se raccrochent \u00e0 l&rsquo;id\u00e9e que \u00e7a s&rsquo;arr\u00eatera un jour.<\/p>\n<p class=\"p1\">Et quand on leur dit : \u00ab\u00a0On a fait les calculs et il faudrait que vous arr\u00eatiez deux ans plus tard que ce que vous avez pr\u00e9vu\u00a0\u00bb, alors l\u00e0, ils tombent dans une d\u00e9pression profonde.<\/p>\n<p class=\"p1\">Bon, par ailleurs, je suis psychanalyste, et j&rsquo;ai souvent fait la remarque : ce n&rsquo;est pas n\u00e9cessairement bon pour la sant\u00e9 de s&rsquo;arr\u00eater comme \u00e7a tout d&rsquo;un coup, m\u00eame si on a le sentiment d&rsquo;un tr\u00e8s tr\u00e8s grand soulagement du jour au lendemain. Dans les semaines qui suivent, dans les mois qui suivent, on peut s&rsquo;apercevoir que le fait d&rsquo;appara\u00eetre comme inutile aux yeux de la soci\u00e9t\u00e9, que \u00e7a peut vous donner un tr\u00e8s tr\u00e8s mauvais coup au moral.<\/p>\n<p class=\"p1\">Et qu&rsquo;est ce qu&rsquo;on fait alors?<\/p>\n<p class=\"p1\">On donne aux gens des pilules qu&rsquo;on appelle antid\u00e9presseurs et on les fait vivre, survivre, dans un esprit plus ou moins zombie, on leur fait vivre la retraite qu&rsquo;ils avaient tant anticip\u00e9e.<\/p>\n<p class=\"p1\">Alors, quel est le probl\u00e8me du c\u00f4t\u00e9 du gouvernement ? \u00a0C&rsquo;est que ces gouvernements de droite &#8211; et m\u00eame parfois quand ils sont de centre-gauche &#8211; leur probl\u00e8me, c&rsquo;est qu&rsquo;ils consid\u00e8rent les gens comme des cons et que ce n&rsquo;est m\u00eame pas la peine de leur expliquer clairement comment il faudrait faire.<\/p>\n<p class=\"p1\">Donc pas de p\u00e9dagogie, pas d&rsquo;effort didactique d&rsquo;expliquer pourquoi c&rsquo;est comme ceci et pas autrement : \u00ab\u00a0Nous, on est tr\u00e8s malins. Eux ils sont compl\u00e8tement cons. Ce n&rsquo;est pas la peine m\u00eame de tenter de leur expliquer. Si on leur expliquait, il faudrait arriver quand m\u00eame \u00e0 la m\u00eame conclusion que quand les gens vivent plus longtemps, il faut qu&rsquo;ils travaillent plus longtemps et que c&rsquo;est \u00e7a la solution.\u00a0\u00bb<\/p>\n<p class=\"p1\">Mais du c\u00f4t\u00e9 des manifestants, l\u00e0, malheureusement, qu&rsquo;est ce qu&rsquo;on voit ?<\/p>\n<p class=\"p1\">On voit des nourrissons en train de glapir en disant \u00ab\u00a0Maman, maman, j&rsquo;ai besoin de lait\u00a0\u00bb, etc., c\u2019&rsquo;est assez confondant comme spectacle.<\/p>\n<p class=\"p1\">Et peut-\u00eatre encore plus quand on m&rsquo;envoie gentiment une vid\u00e9o. Voil\u00e0, il y a quelqu&rsquo;un qui dit : \u00ab\u00a0Je ne suis pas all\u00e9 \u00e0 la manif, mais il y a quelqu&rsquo;un qui a pris la manif\u00a0\u00bb, etc. Et qu&rsquo;est ce que je vois ? Je vois essentiellement les gens d\u00e9filant \u00e0 Paris derri\u00e8re quatre grands drapeaux. Et je fais remarquer \u00e0 mon correspondant : \u00ab\u00a0C&rsquo;est quoi ? Vous avez vu les quatre grands drapeaux derri\u00e8re lesquels ces gens d\u00e9filent ?\u00a0\u00bb<\/p>\n<p class=\"p1\">Oui, ce sont quatre grands drapeaux de &#8230; l&rsquo;Union sovi\u00e9tique !<\/p>\n<p class=\"p1\">Alors, si la gauche n&rsquo;a rien \u00e0 offrir de mieux effectivement que de ressusciter l&rsquo;Union sovi\u00e9tique, il y a un probl\u00e8me de ce c\u00f4t\u00e9-l\u00e0.<\/p>\n<p class=\"p1\">Et ce n&rsquo;est pas simplement la petite vid\u00e9o qu&rsquo;on m&rsquo;a envoy\u00e9e, on m&rsquo;a envoy\u00e9 un truc aussi pris par un drone &#8211; je l&rsquo;ai relay\u00e9 sur mon blog &#8211;\u00a0mais essentiellement, qu&rsquo;est-ce qu&rsquo;on voit quand on voit ce drone par-dessus les manifestants ? De grands drapeaux de l&rsquo;Union sovi\u00e9tique !<\/p>\n<p class=\"p1\">Alors ?<\/p>\n<p class=\"p1\">Et du c\u00f4t\u00e9 des manifestants ou de ceux qui les repr\u00e9sentent,\u00a0aucune compr\u00e9hension apparemment de ce probl\u00e8me du fait que quand les gens vivent plus longtemps, il faudrait qu&rsquo;ils travaillent davantage, etc.<\/p>\n<p class=\"p1\">Vous me direz, et vous aurez raison, qu&rsquo;on n&rsquo;aime pas les vieux dans notre soci\u00e9t\u00e9 et que de toute fa\u00e7on on pousse les gens \u00e0 \u00eatre \u00e0 la pr\u00e9-retraite ou en semi-retraite ou en quasi retraite bien longtemps de toute mani\u00e8re, avant ces 60, 62, 64, 66, etc. mais les situations sont extr\u00eamement diff\u00e9rentes : il faudrait donner davantage la possibilit\u00e9 aux gens de moduler ce qu&rsquo;ils font.<\/p>\n<p class=\"p1\">Alors on le fait : moi, j&rsquo;ai pris ma retraite en France \u00e0 75 ans et on m&rsquo;a permis de le faire.<\/p>\n<p class=\"p1\">J&rsquo;ai continu\u00e9 \u00e0 cotiser.<\/p>\n<p class=\"p1\">Et puis bon, j&rsquo;ai une retraite un peu plus \u00e9lev\u00e9e du fait que j&rsquo;ai continu\u00e9 \u00e0 cotiser entre l&rsquo;\u00e2ge de 60 ans et de 75 ans, on me permet de le faire.<\/p>\n<p class=\"p1\">On tient compte aussi un petit peu de la p\u00e9nibilit\u00e9.<\/p>\n<p class=\"p1\">Mais voil\u00e0 : quelle est la chose dont on ne tient pas compte ?<\/p>\n<p class=\"p1\">On ne tient pas compte du fait que &#8211; ou bien on fait comme M. Bismarck \u00e0 l&rsquo;\u00e9poque, quand il a invent\u00e9 le syst\u00e8me &#8211; on s&rsquo;arrange pour mettre l&rsquo;\u00e2ge de la retraite\u00a0\u00e0 l&rsquo;\u00e2ge moyen o\u00f9 les gens disparaissent de toute mani\u00e8re et le syst\u00e8me fonctionne bien.<\/p>\n<p class=\"p1\">Nous vivons dans un monde o\u00f9 les gens peuvent \u00eatre fatigu\u00e9s avant d&rsquo;avoir atteint vraiment la limite de pouvoir travailler physiquement.<\/p>\n<p class=\"p1\">Moi j&rsquo;ai \u00e9t\u00e9 p\u00eacheur en mer \u00e0 une \u00e9poque et je le sais bien que psychanalyste et p\u00eacheur en mer, on n&rsquo;est pas fatigu\u00e9 de la m\u00eame mani\u00e8re et au m\u00eame moment. Ne me rappelez pas \u00e7a : je suis absolument au courant.<\/p>\n<p class=\"p1\">Et si j&rsquo;avais accept\u00e9, comme on me l&rsquo;a propos\u00e9 \u00e0 une \u00e9poque, en 73, de devenir p\u00eacheur professionnel, je suis s\u00fbr que j&rsquo;aurais pris ma retraite longtemps avant les 75 ans que j&rsquo;ai pu me permettre de faire, maintenant, dans la vie que j&rsquo;ai men\u00e9e par la suite.<\/p>\n<p class=\"p1\">Et alors ?<\/p>\n<p class=\"p1\">Si on veut que les gens ne s&rsquo;\u00e9puisent pas, que les gens puissent b\u00e9n\u00e9ficier quand m\u00eame d&rsquo;une p\u00e9riode pendant laquelle ils ne travaillent pas pour du travail r\u00e9mun\u00e9r\u00e9, il faut faire rentrer de l&rsquo;argent d&rsquo;ailleurs, par ailleurs, etc. pour pouvoir financer \u00e7a. Alors il y a d&rsquo;excellentes id\u00e9es :<\/p>\n<p class=\"p1\">Monsieur Stiglitz, Prix Nobel d&rsquo;\u00e9conomie et voil\u00e0, j&rsquo;ai eu le plaisir que ce monsieur accepte d&rsquo;avoir une conversation assez longue avec moi. Je l&rsquo;appr\u00e9cie beaucoup.<\/p>\n<p class=\"p1\">Monsieur Stiglitz a rappel\u00e9 hier que la premi\u00e8re chose qu&rsquo;il faudrait faire, c&rsquo;est prendre l&rsquo;argent o\u00f9 il y en a beaucoup trop en ce moment, c&rsquo;est-\u00e0-dire non seulement taxer les hauts revenus \u00e0 un niveau \u00e9lev\u00e9 et en plus un imp\u00f4t sur le capital d\u00e9j\u00e0 accumul\u00e9 : sur les grandes fortunes en tant que telles, pas seulement sur les nouvelles r\u00e9mun\u00e9rations.<\/p>\n<p class=\"p1\">\u00c7a, c&rsquo;est la premi\u00e8re mani\u00e8re dont on pourrait trouver l&rsquo;argent suppl\u00e9mentaire qui ferait que les gens n&rsquo;arrivent pas simplement \u00e0 l&rsquo;\u00e2ge de la retraite, \u00e0 l&rsquo;\u00e2ge o\u00f9 ils vont mourir de toute mani\u00e8re d&rsquo;\u00e9puisement d&rsquo;une mani\u00e8re ou d&rsquo;une autre, de vieillesse et ainsi de suite.<\/p>\n<p class=\"p1\">La seconde m\u00e9thode, c&rsquo;est celle que je pr\u00f4ne depuis 2012 : c&rsquo;est cette \u00ab\u00a0taxe- robot\u00a0\u00bb, cette \u00ab\u00a0taxe Sismondi\u00a0\u00bb.<\/p>\n<p class=\"p1\">\u00c7a n&rsquo;a jamais d\u00e9rang\u00e9 personne que les gens qui travaillent, les travailleurs, les travailleuses, les employ\u00e9s, les employ\u00e9es, etc., qu&rsquo;ils soient soumis \u00e0 l&rsquo;imp\u00f4t.<\/p>\n<p class=\"p1\">Je ne connais aucun patron qui s&rsquo;est \u00e9lev\u00e9 contre le fait que les travailleurs, travailleuses, employ\u00e9s, employ\u00e9es, doivent payer des imp\u00f4ts.<\/p>\n<p class=\"p1\">Jamais vu \u00e7a.<\/p>\n<p class=\"p1\">Quand on leur dit aux m\u00eames patrons qu&rsquo;il faudrait que les robots, les logiciels, les algorithmes et les machines qui auront remplac\u00e9 ces ouvriers et ces ouvri\u00e8res, ces travailleurs, ces travailleuses, que ceux-l\u00e0 paient un imp\u00f4t, alors l\u00e0 : \u00ab\u00a0Aaargh !\u00a0\u00bb, c&rsquo;est la crise cardiaque aussit\u00f4t\u00a0\u00bb.<\/p>\n<p class=\"p1\">Pourquoi est-ce que l\u00e0 leur indignation atteint des sommets ?<\/p>\n<p class=\"p1\">Eh bien parce que les patrons, depuis le XIX<span class=\"s1\">\u1d49<\/span> si\u00e8cle ou m\u00eame la fin du XVIII<span class=\"s1\">\u1d49<\/span>, ils n&rsquo;ont r\u00eav\u00e9 que d&rsquo;une seule chose : c\u2019est que ces travailleurs et travailleuses aillent au diable ! qu&rsquo;on s&rsquo;en d\u00e9barrasse une fois pour toutes et qu&rsquo;il n&rsquo;y ait plus que des machines. Parce que les machines ne se plaignent pas : elles travaillent la nuit, elles travaillent sans se plaindre et surtout il ne faut pas, il ne faut pas qu&rsquo;on les impose :\u00a0\u00ab\u00a0C&rsquo;est notre r\u00eave \u00e0 nous les patrons qu&rsquo;un jour, tous ces gens qui font des manifestations, qui font parfois des r\u00e9volutions,\u00a0que ces gens-l\u00e0 n&rsquo;aient plus de boulot, qu&rsquo;on les ait remplac\u00e9s par des machines !\u00a0\u00bb<\/p>\n<p class=\"p1\">Mais moi, je dis le moyen num\u00e9ro deux apr\u00e8s les imp\u00f4ts sur les grandes fortunes, \u00e0 la fois sur les nouvelles rentr\u00e9es et sur le capital d\u00e9j\u00e0 accumul\u00e9,\u00a0 quand on vous dit \u00ab\u00a0Monsieur Untel, il fait 350<span class=\"s1\">\u202f<\/span>000\u00a0\u20ac de plus \u00e0 la minute !\u00a0\u00bb, ce monsieur n&rsquo;a pas besoin de ces 350<span class=\"s1\">\u202f<\/span>000\u00a0\u20ac de plus \u00e0 la minute ! Et si on lui enlevait un petit peu de ceux qui se sont accumul\u00e9s, \u00e7a ne lui ferait vraiment pas beaucoup de tort.<\/p>\n<p class=\"p1\">Qu&rsquo;est ce qu&rsquo;il fait avec \u00e7a?<\/p>\n<p class=\"p1\">Essentiellement, il fait des matches, il fait des concours, \u00e0 acheter des cro\u00fbtes beaucoup plus cher que ses contemporains, que ses amis, que ses rivaux. Et les autres font pareil. On n&rsquo;a pas besoin de \u00e7a.<\/p>\n<p class=\"p1\">Alors ce sont des gens vraiment tr\u00e8s gentils parce que de temps en temps, ils mettent un peu d&rsquo;argent en philanthropie. Ce sont des m\u00e9c\u00e8nes pour des choses int\u00e9ressantes aussi.<\/p>\n<p class=\"p1\">Il ne faudrait pas leur laisser \u00e0 eux, je dirais, simplement la seule d\u00e9cision d&rsquo;aider les gens d&rsquo;une mani\u00e8re ou d&rsquo;une autre.<\/p>\n<p class=\"p1\">Non, Il faudrait que le syst\u00e8me puisse le faire.<\/p>\n<p class=\"p1\">Ce qui me permet d&rsquo;insister sur le fait qu&rsquo;on pourrait permettre aux gens d&rsquo;arr\u00eater de travailler \u00e0 des \u00e2ges d\u00e9cents et en leur permettant de faire des transitions vers la retraite pour qu&rsquo;ils ne soient pas simplement pass\u00e9s de l&rsquo;\u00e9tat de personnes qui subissent un calvaire en travaillant, \u00e0 personnes qui sont au fond de la d\u00e9pression parce que tout \u00e0 coup, on n&rsquo;a plus besoin d&rsquo;eux du tout et on le leur fait sentir.<\/p>\n<p class=\"p1\">Il faudrait int\u00e9grer \u00e7a dans un cadre plus g\u00e9n\u00e9ral, comme celui de lutter contre la sp\u00e9culation qui permet \u00e0 ces gens qui ont d\u00e9j\u00e0 beaucoup d&rsquo;argent d&rsquo;en gagner encore davantage, de la gratuit\u00e9 pour l&rsquo;indispensable, qui ferait que les gens ne se l\u00e8veraient pas tous les matins en se disant : \u00ab\u00a0Comment est-ce que je vais pouvoir trouver l\u00e0 dans la journ\u00e9e l&rsquo;argent dont j&rsquo;ai besoin pour bouffer et pour nourrir mes enfants et pour dormir ce soir\u00a0\u00bb, etc.<\/p>\n<p class=\"p1\">Un certain nombre de ces propositions que j&rsquo;ai faites donc en 2012.<\/p>\n<p class=\"p1\">Et \u00e0 l&rsquo;\u00e9poque, quand j&rsquo;ai lanc\u00e9 pour la premi\u00e8re fois, au moment o\u00f9 se pr\u00e9cisaient les \u00e9lections pr\u00e9sidentielles qui allaient mener en France, M. Hollande au pouvoir, un certain nombre de choses que l&rsquo;on peut faire : casser la machine \u00e0 concentrer la richesse, interdire la sp\u00e9culation, je viens de le dire : la gratuit\u00e9 sur l&rsquo;indispensable. Un certain nombre de choses de cet ordre l\u00e0, qu&rsquo;il faudrait faire une fois pour toutes.<\/p>\n<p class=\"p1\">La difficult\u00e9, mes amis, c&rsquo;est que &#8211; et c&rsquo;est l&rsquo;un d&rsquo;entre vous qui l&rsquo;a fait remarquer r\u00e9cemment &#8211; quand on a des \u00e9lections pr\u00e9sidentielles et l\u00e9gislatives en France r\u00e9cemment &#8211; pas un seul parti, ni \u00e0 droite, ni m\u00eame \u00e0 gauche, ne reprend \u00e7a.<\/p>\n<p class=\"p1\">Il y a des choses qui ressemblent vaguement, il y a des partis qui se sont inspir\u00e9s &#8211; je ne vous apprends rien &#8211; des partis qui se sont inspir\u00e9s, plus ou moins de choses que j&rsquo;ai dites au fil des ann\u00e9es, mais rien de coh\u00e9rent : pas une image int\u00e9gr\u00e9e de ce qu&rsquo;il faudrait faire, pas une image int\u00e9gr\u00e9e du travail et du calvaire qu&rsquo;il peut repr\u00e9senter pour certains, de la p\u00e9nibilit\u00e9.<\/p>\n<p class=\"p1\">Pas de r\u00e9flexion ! Une r\u00e9flexion disons peut-\u00eatre du c\u00f4t\u00e9 des gouvernements, mais alors l\u00e0, on ne prend m\u00eame pas la peine d&rsquo;en parler aux gens en se disant qu&rsquo;ils sont trop stupides pour comprendre.<\/p>\n<p class=\"p1\">Malheureusement du c\u00f4t\u00e9 des gens qui protestent, parfois des manifestations du fait qu&rsquo;on veut juste \u00eatre un nourrisson qui glapit et attendre que le gouvernement nous donne la becqu\u00e9e, comme des oisillons dans un nid qui attendent qu&rsquo;on leur mettent des trucs.<\/p>\n<p class=\"p1\">Non, il faut aussi se battre pour des choses en ayant r\u00e9fl\u00e9chi \u00e0 un cadre g\u00e9n\u00e9ral, \u00e0 essayer de r\u00e9int\u00e9grer dans de v\u00e9ritables programmes et pas simplement des listes de petits machins ici et l\u00e0 : une r\u00e9flexion int\u00e9gr\u00e9e sur ce que serait une soci\u00e9t\u00e9 viable, pour nous : pour les femmes, les enfants, les hommes, une soci\u00e9t\u00e9 qui serait viable et qui permettrait &#8211; parce qu&rsquo;il ne faut pas oublier \u00e7a bien entendu &#8211; que dans le cadre g\u00e9n\u00e9ral, on n&rsquo;est pas en train de foutre en l&rsquo;air enti\u00e8rement la plan\u00e8te, mais ce qui va apporter une solution au probl\u00e8me et ce sera la solution par l&rsquo;extinction de l&rsquo;humanit\u00e9.<\/p>\n<p class=\"p1\">Et ce n&rsquo;est pas comme \u00e7a qu&rsquo;il faut faire.<\/p>\n<p class=\"p1\">Je ne vous parle m\u00eame pas des guerres qui menacent et que &#8211; de jour en jour en r\u00e9alit\u00e9 &#8211; la menace monte autour de nous.<\/p>\n<p class=\"p1\">Allez, passez quand m\u00eame une bonne semaine, si vous le pouvez. \u00c0 bient\u00f4t !<\/p>\n","protected":false},"excerpt":{"rendered":"<blockquote>\n<p><em>Retranscription de <b><a href=\"https:\/\/www.pauljorion.com\/blog\/2023\/01\/23\/video-repenser-les-retraites\/\" target=\"_blank\" rel=\"noopener\">Repenser les retraites<\/a><\/b>, le 23 janvier 2023<\/em><\/p>\n<\/blockquote>\n<p class=\"p1\">Bonjour, nous sommes le lundi 23 janvier 2023 et vous \u00eates nombreux et c&rsquo;est tr\u00e8s aimable de votre part, \u00e0 m&rsquo;avoir fait remarquer que \u00e7a fait un moment que je ne fais plus de vid\u00e9o.<\/p>\n<p class=\"p1\">Je crois que je n&rsquo;en ai [&hellip;]<\/p>\n","protected":false},"author":1,"featured_media":0,"comment_status":"open","ping_status":"closed","sticky":false,"template":"","format":"standard","meta":{"footnotes":""},"categories":[9058,102],"tags":[311,9083,365,8647,689,6334,5029],"class_list":["post-135155","post","type-post","status-publish","format-standard","hentry","category-retraites","category-travail","tag-france","tag-impots-sur-les-grosses-fortunes","tag-joseph-stiglitz","tag-retraite-par-repartition","tag-retraites","tag-taxe-robot","tag-taxe-sismondi"],"_links":{"self":[{"href":"https:\/\/www.pauljorion.com\/blog\/wp-json\/wp\/v2\/posts\/135155","targetHints":{"allow":["GET"]}}],"collection":[{"href":"https:\/\/www.pauljorion.com\/blog\/wp-json\/wp\/v2\/posts"}],"about":[{"href":"https:\/\/www.pauljorion.com\/blog\/wp-json\/wp\/v2\/types\/post"}],"author":[{"embeddable":true,"href":"https:\/\/www.pauljorion.com\/blog\/wp-json\/wp\/v2\/users\/1"}],"replies":[{"embeddable":true,"href":"https:\/\/www.pauljorion.com\/blog\/wp-json\/wp\/v2\/comments?post=135155"}],"version-history":[{"count":1,"href":"https:\/\/www.pauljorion.com\/blog\/wp-json\/wp\/v2\/posts\/135155\/revisions"}],"predecessor-version":[{"id":135156,"href":"https:\/\/www.pauljorion.com\/blog\/wp-json\/wp\/v2\/posts\/135155\/revisions\/135156"}],"wp:attachment":[{"href":"https:\/\/www.pauljorion.com\/blog\/wp-json\/wp\/v2\/media?parent=135155"}],"wp:term":[{"taxonomy":"category","embeddable":true,"href":"https:\/\/www.pauljorion.com\/blog\/wp-json\/wp\/v2\/categories?post=135155"},{"taxonomy":"post_tag","embeddable":true,"href":"https:\/\/www.pauljorion.com\/blog\/wp-json\/wp\/v2\/tags?post=135155"}],"curies":[{"name":"wp","href":"https:\/\/api.w.org\/{rel}","templated":true}]}}