{"id":135484,"date":"2023-03-09T16:04:48","date_gmt":"2023-03-09T15:04:48","guid":{"rendered":"https:\/\/www.pauljorion.com\/blog\/?p=135484"},"modified":"2023-03-09T16:04:48","modified_gmt":"2023-03-09T15:04:48","slug":"la-pensee-conspirationniste-pour-combler-un-ou-plusieurs-blancs-dans-lexplication-officielle","status":"publish","type":"post","link":"https:\/\/www.pauljorion.com\/blog\/2023\/03\/09\/la-pensee-conspirationniste-pour-combler-un-ou-plusieurs-blancs-dans-lexplication-officielle\/","title":{"rendered":"<b>La pens\u00e9e conspirationniste pour combler un ou plusieurs blancs dans l&rsquo;explication officielle<\/b>"},"content":{"rendered":"<p><img loading=\"lazy\" decoding=\"async\" class=\"alignleft size-medium wp-image-38599\" src=\"https:\/\/www.pauljorion.com\/blog\/wp-content\/uploads\/P\u00eacheurs-dHouat-Cv-1-204x300.png\" alt=\"\" width=\"204\" height=\"300\" srcset=\"https:\/\/www.pauljorion.com\/blog\/wp-content\/uploads\/P\u00eacheurs-dHouat-Cv-1-204x300.png 204w, https:\/\/www.pauljorion.com\/blog\/wp-content\/uploads\/P\u00eacheurs-dHouat-Cv-1.png 448w\" sizes=\"auto, (max-width: 204px) 100vw, 204px\" \/><\/p>\n<blockquote><p><em>Il y a quelques mois, j&rsquo;ai mis \u00e0 votre disposition <a href=\"https:\/\/www.pauljorion.com\/blog\/wp-content\/uploads\/ANT-Pecheur-e%CC%81conomie.pdf\" target=\"_blank\" rel=\"noopener\">\u00ab Le p\u00eacheur rencontre l\u2019\u00e9conomie \u00bb<\/a>, un rapport r\u00e9dig\u00e9 en 1989 pour la Direction du Patrimoine Ethnologique. <\/em><\/p>\n<p><em>J&rsquo;en extrais une r\u00e9flexion (pages 65-69) sur les raisonnements conspirationnistes quand je les ai vus appara\u00eetre chez les p\u00eacheurs-artisans bretons dans les ann\u00e9es 1970. Comme je l&rsquo;indique en titre, ce type de raisonnement intervenait essentiellement quand l&rsquo;explication officielle \u00e9tait syst\u00e9matiquement battue en br\u00eache par les faits. Il s&rsquo;agissait ici de la formation des prix et l&rsquo;explication officielle \u00e9tait la pr\u00e9tendue \u00ab\u00a0loi de l&rsquo;offre et de la demande\u00a0\u00bb.<\/em><\/p><\/blockquote>\n<p class=\"p1\">En certaines occasions, le p\u00eacheur n&rsquo;h\u00e9sitera pas \u00e0 souligner la possibilit\u00e9 pour le vendeur, c&rsquo;est-\u00e0-dire pour lui-m\u00eame, d&rsquo;obtenir par son astuce un meilleur prix \u00e0 la vente : disposition personnelle \u00e0 vendre mieux certains jours que certains autres, \u00e0 vendre mieux que ne le font ses<i> <\/i>concurrents, \u00e0 vendre mieux que certains de ses membres d&rsquo;\u00e9quipage \u00e0 qui la vente est occasionnellement confi\u00e9e, etc.<\/p>\n<p class=\"p1\">Une telle \u00ab\u00a0ouverture\u00a0\u00bb possible sur le \u00ab\u00a0bon coup\u00a0\u00bb est con\u00e7ue comme offerte \u00e0 quiconque fait preuve d&rsquo;un certain talent \u00e0 subvertir \u00e0 titre personnel ce qui demeure cependant une <i>loi<\/i> et dont le domaine d&rsquo;application est celui des comportements id\u00e9aux. Et ceci, de la m\u00eame mani\u00e8re qu&rsquo;un contribuable astucieux pourra contourner les lois qui r\u00e8glent le syst\u00e8me des imp\u00f4ts, pendant que la R\u00e9alit\u00e9-Objective a \u00ab\u00a0l&rsquo;attention occup\u00e9e ailleurs\u00a0\u00bb. Et c&rsquo;est parce qu&rsquo;un tel talent \u2014 dont on sait personnellement la d\u00e9lib\u00e9ration et les qualit\u00e9s qu&rsquo;il requiert &#8211; est n\u00e9cessairement mal partag\u00e9, que la <b>loi de l&rsquo;offre et de la demande <\/b>demeure inentam\u00e9e comme description <b>globale <\/b>sinon du monde tel qu&rsquo;il est, du moins du monde tel qu&rsquo;il pourrait \u00eatre.<\/p>\n<p class=\"p1\">Ce que l&rsquo;analyste observe ici, c&rsquo;est la reconnaissance par le p\u00eacheur de <b>perspectives de lecture <\/b>autonomes dans l\u2019\u00e9conomique : pour ce dernier en effet, l&rsquo;explication d&rsquo;un <b>fait <\/b>peut \u00eatre produite dans la perspective de lecture qui parait la plus \u00e9clairante en situation, sans qu&rsquo;il soit n\u00e9cessaire que cette explication demeure coh\u00e9rente lorsqu&rsquo;elle est lue dans d&rsquo;autres perspectives de lecture possibles et convenant mieux en d&rsquo;autres circonstances. Autrement dit, et pour recourir au langage de la physique, le p\u00eacheur ne con\u00e7oit pas comme n\u00e9cessaire (il n\u2019en ressent pas le besoin) qu&rsquo;il existe des <b>r\u00e8gles <\/b><strong>de correspondance<\/strong> permettant de traduire les ph\u00e9nom\u00e8nes tels qu&rsquo;ils se pr\u00e9sentent \u00e0 l&rsquo;observateur dans une perspective de lecture, en ph\u00e9nom\u00e8nes d&rsquo;un autre ordre, lisibles dans une autre perspective.<\/p>\n<p class=\"p1\">Plus sp\u00e9cialement, l&rsquo;incoh\u00e9rence n&rsquo;est pas per\u00e7ue d&rsquo;une conception qui suppose, d&rsquo;une part, que la <i>communaut\u00e9<\/i> des p\u00eacheurs est jug\u00e9e sans influence dans la formation des prix et, d&rsquo;autre part, que le <i>p\u00eacheur individuel<\/i> est jug\u00e9, lui, susceptible d&rsquo;exercer une influence r\u00e9elle sur ces m\u00eames prix. Cette incoh\u00e9rence n&rsquo;est pas reconnue : elle est jug\u00e9e seulement apparente, comme un simple paradoxe, curieux en effet, mais sans cons\u00e9quence.<\/p>\n<p class=\"p1\">En fait, la facilit\u00e9 du p\u00eacheur \u00e0 passer d&rsquo;une perspective de lecture de la r\u00e9alit\u00e9 \u00e9conomique \u00e0 une autre, sans relever les incoh\u00e9rences qui apparaissent \u00e0 l&rsquo;occasion de leur confrontation, r\u00e9v\u00e8le l&rsquo;affinit\u00e9 r\u00e9elle qui existe entre la conception qu&rsquo;il se fait du r\u00f4le que doit jouer une mod\u00e9lisation et celle qui sous-tend aussi la th\u00e9orie marginaliste. Pour toutes deux en effet, la mod\u00e9lisation ne vise pas \u00e0 d\u00e9gager les traits d&rsquo;un monde <i>id\u00e9alis\u00e9<\/i> au sens de \u00ab\u00a0stylis\u00e9\u00a0\u00bb pour sa compr\u00e9hension plus ais\u00e9e, mais \u00e0 d\u00e9crire un monde <i>id\u00e9al<\/i> au sens o\u00f9 chacun y respecterait la m\u00eame <em>norme<\/em> <i>juridico-\u00e9thique,<\/i> pour l&rsquo;\u00e9conomiste, que les agents \u00e9conomiques individuels soient \u00ab\u00a0rationnels\u00a0\u00bb et que les entreprises \u00ab\u00a0respectent les lois du march\u00e9\u00a0\u00bb, et pour le p\u00eacheur, que les confr\u00e8res soient des hommes \u00ab\u00a0valables\u00a0\u00bb et les mareyeurs, des partenaires commerciaux \u00ab\u00a0r\u00e9glos\u00a0\u00bb.<\/p>\n<p class=\"p1\">C&rsquo;est pourquoi il n&rsquo;y a pas \u00e0 proprement parler pour le p\u00eacheur d&rsquo;incoh\u00e9rence dans <i>ses <\/i>explications lorsqu&rsquo;il invoque parall\u00e8lement deux perspectives logiquement inconciliables, mais simplement la mobilisation de deux <i>perspectives de lecture<\/i>, l\u00e9gitimes chacune \u00e0 sa mani\u00e8re. Ainsi, le monde o\u00f9 l&rsquo;on r\u00e9ussit sa vente par habilet\u00e9 personnelle est bien le monde <em>tel qu&rsquo;il est<\/em>, alors que celui o\u00f9 les prix sont r\u00e9gul\u00e9s par la confrontation nue de l&rsquo;offre et de la demande &#8211; quelles que soient les qualit\u00e9s personnelles des agents \u00e9conomiques impliqu\u00e9s &#8211; est bien le monde <em>tel qu&rsquo;il pourrait \u00eatre<\/em>&#8230; si seulement chacun avait \u00e0 c\u0153ur de se montrer droit et raisonnable.<\/p>\n<p class=\"p1\">Le monde id\u00e9al dont parlent les \u00e9conomistes est bien en effet aux yeux du p\u00eacheur celui de la Raison et de l&rsquo;Harmonie triomphantes ; celui, au contraire, o\u00f9 l&rsquo;on \u00e9voque ses propres exploits, est celui de la \u00ab\u00a0triste\u00a0\u00bb r\u00e9alit\u00e9 (par opposition \u00e0 la R\u00e9alit\u00e9 \u00ab Objective\u00a0\u00bb) : celui d&rsquo;un monde fait de justes mais h\u00e9l\u00e0s aussi de coquins, de malins mais aussi d&rsquo;imb\u00e9ciles, o\u00f9 tous les confr\u00e8res ne sont pas \u00ab\u00a0valables\u00a0\u00bb, ni tous les marchands, \u00ab\u00a0r\u00e9glos\u00a0\u00bb. Le monde de le r\u00e9alit\u00e9 \u00ab\u00a0vraie\u00a0\u00bb, est non seulement celui o\u00f9 l&rsquo;espoir du \u00ab\u00a0bon coup\u00a0\u00bb peut se voir mat\u00e9rialis\u00e9 ou bien d\u00e9\u00e7u <i>en d\u00e9pit<\/i> des<i> <\/i>implications logiques des \u00ab\u00a0bons principes\u00a0\u00bb, mais aussi celui o\u00f9 chaque \u00ab\u00a0coup\u00a0\u00bb peut \u00eatre <i>jug\u00e9<\/i> \u00e0 la fois en termes g\u00e9n\u00e9raux d&rsquo;efficacit\u00e9 et en termes sp\u00e9cifiques de qualit\u00e9s physiques, intellectuelles, morales ou m\u00eame du \u00ab\u00a0pot\u00a0\u00bb de la personne singuli\u00e8re qui le tente (cf. Paul Jorion,\u00a0<em>Les p\u00eacheurs de Houat<\/em>, 1983, chapitre 3, \u00ab\u00a0Bons et mauvais p\u00eacheurs\u00a0\u00bb : 72-85).<\/p>\n<p class=\"p1\">On comprend d\u00e8s lors mieux pourquoi les deux discours, celui du \u00ab\u00a0coup\u00a0\u00bb individuel et celui du mod\u00e8le \u00e9conomique peuvent \u00eatre tenus en alternance ou m\u00eame parall\u00e8lement dans la m\u00eame conversation. Mais on peut aussi comprendre pourquoi le premier correspond davantage \u00e0 un discours tenu \u00e0 titre <i>priv\u00e9<\/i> et orient\u00e9 vers la singularit\u00e9 des comportements individuels soumis au jugement moral, alors que le second correspond plut\u00f4t \u00e0 un discours <i>public<\/i>, orient\u00e9 vers les \u00ab\u00a0consid\u00e9rations g\u00e9n\u00e9rales\u00a0\u00bb, et qui permet, diplomatiquement, de passer sous silence les qualit\u00e9s et les d\u00e9fauts des uns et des autres.<\/p>\n<p class=\"p1\">Bien que, comme je viens de la dire, le p\u00eacheur ne consid\u00e8re pas pr\u00e9occupant le fait qu&rsquo;il manipule selon l&rsquo;occasion des mod\u00e9lisations distinctes et \u00e9ventuellement contradictoires, les occasions se pr\u00e9sentent cependant o\u00f9 il est n\u00e9cessaire pour lui de confronter en vue de l&rsquo;action, le monde \u00ab\u00a0tel qu&rsquo;il est\u00a0\u00bb et le monde \u00ab\u00a0tel qu&rsquo;il pourrait \u00eatre\u00a0\u00bb, c&rsquo;est-\u00e0-dire, une repr\u00e9sentation \u00ab\u00a0priv\u00e9e\u00a0\u00bb de la triste r\u00e9alit\u00e9 et une repr\u00e9sentation \u00ab\u00a0publique\u00a0\u00bb du monde id\u00e9al.<\/p>\n<p class=\"p1\">Ceci vaut en particulier pour les discussions <i>publiques<\/i> mais cependant orient\u00e9es vers l&rsquo;action qui se d\u00e9roulent au sein des organisations professionnelles. L&rsquo;impossibilit\u00e9 <i>logique<\/i> (ou \u00ab\u00a0\u00e9pist\u00e9mologique\u00a0\u00bb) de concilier mod\u00e8les descriptifs et mod\u00e8les normatifs trop distants se traduit alors par l&rsquo;introduction artificielle de mod\u00e9lisations \u00ab\u00a0interm\u00e9diaires\u00a0\u00bb qui s&rsquo;efforcent vainement de jouer le r\u00f4le de <i>r\u00e8gles de correspondance<\/i> impossibles entre perspectives de lecture distinctes.<\/p>\n<p class=\"p1\">La solution improvis\u00e9e est classique en la circonstance et, faute de parvenir \u00e0 la conceptualisation, pr\u00e9sente toutes les caract\u00e9ristiques d&rsquo;une explication \u00ab\u00a0par d\u00e9faut\u00a0\u00bb : dans l&rsquo;impossibilit\u00e9 de d\u00e9crire avec quelque certitude un m\u00e9canisme explicatif, un autre m\u00e9canisme inexpliqu\u00e9 celui-ci (de type <i>black-box<\/i>) est propos\u00e9 \u00e0 sa place. Et comment mieux rendre compte d&rsquo;un m\u00e9canisme inconnu sinon imaginer que <em>sa nature inconnue est telle du fait d&rsquo;une volont\u00e9 d\u00e9lib\u00e9r\u00e9e de secret entretenue par ses manipulateurs<\/em> : \u00e0 savoir un groupe de conspirateurs d\u00e9termin\u00e9s, unis contre vous.<\/p>\n<p class=\"p1\">Autrement dit, la partie inexplicable d&rsquo;un m\u00e9canisme postul\u00e9 pour remplir un blanc dans l&rsquo;explication, cache en r\u00e9alit\u00e9 les man\u0153uvres faites dans l&rsquo;ombre par des individus d\u00e9cid\u00e9s \u00e0 vous nuire ; soit ce que l&rsquo;on appelle \u00ab\u00a0th\u00e8se du complot\u00a0\u00bb lorsque les adversaires suppos\u00e9s sont puissants et \u00ab\u00a0recherche du bouc- \u00e9missaire\u00a0\u00bb lorsqu&rsquo;ils sont au contraire impuissants.<\/p>\n<p class=\"p1\">Le discours tenu est en cons\u00e9quence celui de la m\u00e9fiance envers quiconque peut \u00eatre soup\u00e7onn\u00e9 avec un minimum de vraisemblance de chercher \u00e0 nuire &#8211; m\u00e9fiance justifi\u00e9e a priori par le fait que l&rsquo;adversaire ne se cacherait pas s&rsquo;il n&rsquo;avait pr\u00e9cis\u00e9ment quelque chose \u00e0 cacher : discours \u00ab\u00a0parano\u00efde\u00a0\u00bb comme s&rsquo;expriment les psychiatres, et qui contribue au repliement sur soi-m\u00eame. C&rsquo;est \u00ab\u00a0la faute\u00a0\u00bb, au choix et selon l&rsquo;occasion, \u00e0 ceux qui p\u00e8chent \u00e0 l&rsquo;aide de filets p\u00e9lagiques (voir, sur la \u00ab\u00a0guerre du p\u00e9lagique\u00a0\u00bb entre Houatais et Turballais, Genevi\u00e8ve Delbos &amp; Paul Jorion,\u00a0<em>La transmission des savoirs<\/em>, 1984 : 267-277), aux mareyeurs, aux Espagnols, aux scientifiques, aux bureaucrates ou bien encore \u00e0 la CEE.<\/p>\n<p class=\"p1\">Les circonstances m\u00eames de l&rsquo;apparition de ces \u00ab\u00a0explications par d\u00e9faut\u00a0\u00bb d\u00e9signent cependant les conditions n\u00e9cessaires \u00e0 leur \u00e9closion : <em>l&rsquo;\u00e9cart consid\u00e9rable per\u00e7u, \u00e0 l&rsquo;occasion de leur confrontation, entre le monde tel qu&rsquo;il est v\u00e9cu, et tel qu&rsquo;il est repr\u00e9sent\u00e9 dans les mod\u00e9lisations normatives<\/em>.<\/p>\n<p class=\"p1\">Le repliement sur soi, la m\u00e9fiance envers l&rsquo;entourage, constituent autant de handicaps pour une profession, et autant d&rsquo;obstacles au dialogue socialement n\u00e9cessaire avec \u00ab\u00a0les autres\u00a0\u00bb, autres p\u00eacheurs, partenaires commerciaux, administratifs, scientifiques, etc. Cette r\u00e9alit\u00e9 souligne qu&rsquo;il n&rsquo;est pas indiff\u00e9rent que les mod\u00e9lisations propos\u00e9es aux p\u00eacheurs soient ad\u00e9quates ou inad\u00e9quates, qu&rsquo;il ne s&rsquo;agit pas l\u00e0 d&rsquo;un simple \u00ab\u00a0jeu de l&rsquo;esprit\u00a0\u00bb, puisque c&rsquo;est l&rsquo;\u00e9cart occasionnellement per\u00e7u entre le monde et l&rsquo;une de <i>ses <\/i>repr\u00e9sentations possibles qui engendre l&rsquo;explication par d\u00e9faut la plus banale dans sa simplicit\u00e9 : celle qui conduit \u00e0 postuler contre soi-m\u00eame le complot des forts ou, pourquoi pas, des faibles.<\/p>\n","protected":false},"excerpt":{"rendered":"<p><img loading=\"lazy\" decoding=\"async\" class=\"alignleft size-medium wp-image-38599\" src=\"https:\/\/www.pauljorion.com\/blog\/wp-content\/uploads\/P\u00eacheurs-dHouat-Cv-1-204x300.png\" alt=\"\" width=\"204\" height=\"300\" srcset=\"https:\/\/www.pauljorion.com\/blog\/wp-content\/uploads\/P\u00eacheurs-dHouat-Cv-1-204x300.png 204w, https:\/\/www.pauljorion.com\/blog\/wp-content\/uploads\/P\u00eacheurs-dHouat-Cv-1.png 448w\" sizes=\"auto, (max-width: 204px) 100vw, 204px\" \/><\/p>\n<blockquote>\n<p><em>Il y a quelques mois, j&rsquo;ai mis \u00e0 votre disposition <a href=\"https:\/\/www.pauljorion.com\/blog\/wp-content\/uploads\/ANT-Pecheur-e%CC%81conomie.pdf\" target=\"_blank\" rel=\"noopener\">\u00ab Le p\u00eacheur rencontre l\u2019\u00e9conomie \u00bb<\/a>, un rapport r\u00e9dig\u00e9 en 1989 pour la Direction du Patrimoine Ethnologique. <\/em><\/p>\n<p><em>J&rsquo;en extrais une r\u00e9flexion (pages 65-69) sur les raisonnements conspirationnistes quand je les ai vus [&hellip;]<\/em><\/p>\n<\/blockquote>\n","protected":false},"author":1,"featured_media":0,"comment_status":"open","ping_status":"closed","sticky":false,"template":"","format":"standard","meta":{"footnotes":""},"categories":[9135,8668,1,7781,2769,4],"tags":[1965,6404,464,942,7782],"class_list":["post-135484","post","type-post","status-publish","format-standard","hentry","category-la-transmission-des-savoirs","category-les-pecheurs-de-houat","category-economie","category-pecheries","category-science-economique-2","category-sociologie","tag-les-pecheurs-dhouat","tag-conspirationnisme","tag-la-transmission-des-savoirs","tag-loi-de-loffre-et-de-la-demande","tag-peche-artisanale"],"_links":{"self":[{"href":"https:\/\/www.pauljorion.com\/blog\/wp-json\/wp\/v2\/posts\/135484","targetHints":{"allow":["GET"]}}],"collection":[{"href":"https:\/\/www.pauljorion.com\/blog\/wp-json\/wp\/v2\/posts"}],"about":[{"href":"https:\/\/www.pauljorion.com\/blog\/wp-json\/wp\/v2\/types\/post"}],"author":[{"embeddable":true,"href":"https:\/\/www.pauljorion.com\/blog\/wp-json\/wp\/v2\/users\/1"}],"replies":[{"embeddable":true,"href":"https:\/\/www.pauljorion.com\/blog\/wp-json\/wp\/v2\/comments?post=135484"}],"version-history":[{"count":4,"href":"https:\/\/www.pauljorion.com\/blog\/wp-json\/wp\/v2\/posts\/135484\/revisions"}],"predecessor-version":[{"id":135488,"href":"https:\/\/www.pauljorion.com\/blog\/wp-json\/wp\/v2\/posts\/135484\/revisions\/135488"}],"wp:attachment":[{"href":"https:\/\/www.pauljorion.com\/blog\/wp-json\/wp\/v2\/media?parent=135484"}],"wp:term":[{"taxonomy":"category","embeddable":true,"href":"https:\/\/www.pauljorion.com\/blog\/wp-json\/wp\/v2\/categories?post=135484"},{"taxonomy":"post_tag","embeddable":true,"href":"https:\/\/www.pauljorion.com\/blog\/wp-json\/wp\/v2\/tags?post=135484"}],"curies":[{"name":"wp","href":"https:\/\/api.w.org\/{rel}","templated":true}]}}