{"id":135783,"date":"2023-04-13T20:38:52","date_gmt":"2023-04-13T18:38:52","guid":{"rendered":"https:\/\/www.pauljorion.com\/blog\/?p=135783"},"modified":"2023-04-13T20:38:52","modified_gmt":"2023-04-13T18:38:52","slug":"les-carnets-du-psychanalyste-le-metier","status":"publish","type":"post","link":"https:\/\/www.pauljorion.com\/blog\/2023\/04\/13\/les-carnets-du-psychanalyste-le-metier\/","title":{"rendered":"Les carnets du psychanalyste &#8211; <b>Le m\u00e9tier<\/b>"},"content":{"rendered":"<p><b><i>13.4.2023. Le m\u00e9tier.<\/i><\/b><\/p>\n<p>Le m\u00e9tier de psychanalyste est tr\u00e8s particulier&nbsp;: il s&rsquo;agit parfois pour elle ou pour lui d&rsquo;\u00eatre seulement psychanalyste&nbsp;; mais c&rsquo;est souvent plut\u00f4t de jouer le r\u00f4le de d\u00e9tective priv\u00e9&nbsp;; dans certains cas, nous sommes coach, voire m\u00eame entra\u00eeneur ; mais le plus souvent aujourd&rsquo;hui le psychanalyste remplace le praticien de m\u00e9tiers d&rsquo;autrefois aujourd&rsquo;hui disparus, en jouant avec humilit\u00e9 le r\u00f4le de guide spirituel encore appel\u00e9 \u00ab\u00a0directeur de conscience\u00a0\u00bb.  <\/p>\n","protected":false},"excerpt":{"rendered":"<p><b><i>13.4.2023. Le m\u00e9tier.<\/i><\/b><\/p>\n<p>Le m\u00e9tier de psychanalyste est tr\u00e8s particulier&nbsp;: il s&rsquo;agit parfois pour elle ou pour lui d&rsquo;\u00eatre seulement psychanalyste&nbsp;; mais c&rsquo;est souvent plut\u00f4t de jouer le r\u00f4le de d\u00e9tective priv\u00e9&nbsp;; dans certains cas, nous sommes coach, voire m\u00eame entra\u00eeneur ; mais le plus souvent aujourd&rsquo;hui le psychanalyste remplace le praticien de m\u00e9tiers d&rsquo;autrefois [&hellip;]<\/p>\n","protected":false},"author":1,"featured_media":0,"comment_status":"open","ping_status":"closed","sticky":false,"template":"","format":"standard","meta":{"footnotes":""},"categories":[9],"tags":[9170,9169],"class_list":["post-135783","post","type-post","status-publish","format-standard","hentry","category-psychanalyse","tag-directeur-de-conscience","tag-guide-spirituel"],"_links":{"self":[{"href":"https:\/\/www.pauljorion.com\/blog\/wp-json\/wp\/v2\/posts\/135783","targetHints":{"allow":["GET"]}}],"collection":[{"href":"https:\/\/www.pauljorion.com\/blog\/wp-json\/wp\/v2\/posts"}],"about":[{"href":"https:\/\/www.pauljorion.com\/blog\/wp-json\/wp\/v2\/types\/post"}],"author":[{"embeddable":true,"href":"https:\/\/www.pauljorion.com\/blog\/wp-json\/wp\/v2\/users\/1"}],"replies":[{"embeddable":true,"href":"https:\/\/www.pauljorion.com\/blog\/wp-json\/wp\/v2\/comments?post=135783"}],"version-history":[{"count":6,"href":"https:\/\/www.pauljorion.com\/blog\/wp-json\/wp\/v2\/posts\/135783\/revisions"}],"predecessor-version":[{"id":135789,"href":"https:\/\/www.pauljorion.com\/blog\/wp-json\/wp\/v2\/posts\/135783\/revisions\/135789"}],"wp:attachment":[{"href":"https:\/\/www.pauljorion.com\/blog\/wp-json\/wp\/v2\/media?parent=135783"}],"wp:term":[{"taxonomy":"category","embeddable":true,"href":"https:\/\/www.pauljorion.com\/blog\/wp-json\/wp\/v2\/categories?post=135783"},{"taxonomy":"post_tag","embeddable":true,"href":"https:\/\/www.pauljorion.com\/blog\/wp-json\/wp\/v2\/tags?post=135783"}],"curies":[{"name":"wp","href":"https:\/\/api.w.org\/{rel}","templated":true}]}}