{"id":136254,"date":"2023-05-24T22:55:21","date_gmt":"2023-05-24T20:55:21","guid":{"rendered":"https:\/\/www.pauljorion.com\/blog\/?p=136254"},"modified":"2023-05-24T22:55:21","modified_gmt":"2023-05-24T20:55:21","slug":"question-a-chatgpt-lechec-de-la-vie-a-assurer-notre-immortalite-individuelle-cree-t-il-une-distorsion-dans-notre-representation-de-lunivers","status":"publish","type":"post","link":"https:\/\/www.pauljorion.com\/blog\/2023\/05\/24\/question-a-chatgpt-lechec-de-la-vie-a-assurer-notre-immortalite-individuelle-cree-t-il-une-distorsion-dans-notre-representation-de-lunivers\/","title":{"rendered":"<b>Question \u00e0 ChatGPT : L&rsquo;\u00e9chec de la vie \u00e0 assurer notre immortalit\u00e9 individuelle cr\u00e9e-t-il une distorsion dans notre repr\u00e9sentation de l&rsquo;univers&nbsp;?<\/b>"},"content":{"rendered":"<p><img loading=\"lazy\" decoding=\"async\" class=\"aligncenter size-full wp-image-136255\" src=\"https:\/\/www.pauljorion.com\/blog\/wp-content\/uploads\/DALL\u00b7E-2023-05-24-22.49.52-A-tree-a-million-year-old-isolated-on-a-plain-at-sunrise-digital-art.png\" alt=\"\" width=\"1024\" height=\"1024\" srcset=\"https:\/\/www.pauljorion.com\/blog\/wp-content\/uploads\/DALL\u00b7E-2023-05-24-22.49.52-A-tree-a-million-year-old-isolated-on-a-plain-at-sunrise-digital-art.png 1024w, https:\/\/www.pauljorion.com\/blog\/wp-content\/uploads\/DALL\u00b7E-2023-05-24-22.49.52-A-tree-a-million-year-old-isolated-on-a-plain-at-sunrise-digital-art-300x300.png 300w, https:\/\/www.pauljorion.com\/blog\/wp-content\/uploads\/DALL\u00b7E-2023-05-24-22.49.52-A-tree-a-million-year-old-isolated-on-a-plain-at-sunrise-digital-art-150x150.png 150w, https:\/\/www.pauljorion.com\/blog\/wp-content\/uploads\/DALL\u00b7E-2023-05-24-22.49.52-A-tree-a-million-year-old-isolated-on-a-plain-at-sunrise-digital-art-768x768.png 768w\" sizes=\"auto, (max-width: 1024px) 100vw, 1024px\" \/><\/p>\n<p><em>Illustration par DALL-E (+PJ)<\/em><\/p>\n<p><strong>Paul Jorion<\/strong> : Une v\u00e9ritable victoire pour la vie, lorsqu&rsquo;elle a \u00e9merg\u00e9 de l&rsquo;inanim\u00e9, aurait \u00e9t\u00e9 la g\u00e9n\u00e9ration de cr\u00e9atures immortelles. La vie a \u00e9chou\u00e9 \u00e0 cet \u00e9gard : elle n&rsquo;a pu se perp\u00e9tuer qu&rsquo;en g\u00e9n\u00e9rant des cr\u00e9atures individuellement mortelles. La seule fa\u00e7on pour la vie de continuer \u00e0 pr\u00e9valoir et \u00e0 se perp\u00e9tuer a \u00e9t\u00e9 pour ces cr\u00e9atures de d\u00e9passer la d\u00e9cr\u00e9pitude en se reproduisant avant d&rsquo;atteindre le terme de leur vie naturelle, c&rsquo;est-\u00e0-dire de g\u00e9n\u00e9rer de minuscules clones d&rsquo;elles-m\u00eames afin que l&rsquo;esp\u00e8ce survive m\u00eame si les individus ne durent qu&rsquo;un temps. Plus les individus d&rsquo;une esp\u00e8ce sont fragiles, plus l&rsquo;esp\u00e8ce doit se reproduire rapidement. Cela signifie que chacun d&rsquo;entre nous, qu&rsquo;il s&rsquo;agisse de l\u00e9gumes ou d&rsquo;animaux, est t\u00e9moin de l&rsquo;\u00e9chec presque total de la vie dans sa tentative d&rsquo;immortalit\u00e9. Ce simple fait ne peut qu&rsquo;induire une certaine distorsion dans notre vision de l&rsquo;univers qui nous entoure. Dans quelle mesure le fait qu&rsquo;en tant qu&rsquo;individus, nous incarnons des quasi-\u00e9checs dans la tentative de la vie de se perp\u00e9tuer constitue-t-il une distorsion dans notre repr\u00e9sentation de l&rsquo;univers ?<\/p>\n<p><strong>ChatGPT<\/strong> (GPT-4) : La perspective que vous d\u00e9crivez implique une certaine approche t\u00e9l\u00e9ologique de la compr\u00e9hension de la vie, sugg\u00e9rant que le \u00ab\u00a0but\u00a0\u00bb ultime de la vie aurait pu \u00eatre l&rsquo;immortalit\u00e9, et que l&rsquo;\u00e9mergence d&rsquo;organismes mortels repr\u00e9sente une sorte d'\u00a0\u00bb\u00e9chec\u00a0\u00bb. Il s&rsquo;agit simplement d&rsquo;un processus de s\u00e9lection naturelle dans lequel les caract\u00e9ristiques qui augmentent la capacit\u00e9 d&rsquo;un organisme \u00e0 survivre et \u00e0 se reproduire ont tendance \u00e0 persister \u00e0 travers les g\u00e9n\u00e9rations.<\/p>\n<p>En ce qui concerne votre question sur la mani\u00e8re dont la mortalit\u00e9 des organismes individuels affecte notre perception de l&rsquo;univers, il y a quelques points \u00e0 prendre en consid\u00e9ration :<\/p>\n<p><em>Perception du temps<\/em> : Le fait que nous, les \u00eatres humains, ayons une dur\u00e9e de vie limit\u00e9e, souvent mesur\u00e9e en d\u00e9cennies, fa\u00e7onne notre compr\u00e9hension du temps. Les ph\u00e9nom\u00e8nes g\u00e9ologiques et cosmologiques qui s&rsquo;\u00e9tendent sur des millions ou des milliards d&rsquo;ann\u00e9es peuvent \u00eatre difficiles \u00e0 saisir intuitivement, car ils se d\u00e9roulent sur une \u00e9chelle de temps tr\u00e8s diff\u00e9rente de la n\u00f4tre. Cela pourrait fausser notre compr\u00e9hension de l&rsquo;univers et nous emp\u00eacher d&rsquo;appr\u00e9cier toute la port\u00e9e et l&rsquo;ampleur des processus cosmiques.<\/p>\n<p><em>Perspectives existentielles<\/em> : Notre mortalit\u00e9 affecte \u00e9galement notre vision philosophique et existentielle de l&rsquo;univers. Le fait de savoir que nous disposons d&rsquo;un temps limit\u00e9 peut susciter un sentiment d&rsquo;urgence, nous pousser \u00e0 chercher un sens et un but, et fa\u00e7onner nos croyances sur ce qui se trouve au-del\u00e0 de cette vie. Ces attitudes, \u00e0 leur tour, peuvent influencer la fa\u00e7on dont nous interpr\u00e9tons l&rsquo;univers et la place que nous y occupons.<\/p>\n<p><em>Limitation de l&rsquo;acquisition des connaissances<\/em> : Notre dur\u00e9e de vie limit\u00e9e restreint \u00e9galement la quantit\u00e9 de connaissances que nous pouvons acqu\u00e9rir de premi\u00e8re main. Nous nous appuyons fortement sur des connaissances partag\u00e9es et cumulatives, transmises et d\u00e9velopp\u00e9es au fil des g\u00e9n\u00e9rations. Mais ce processus implique in\u00e9vitablement un certain degr\u00e9 de distorsion et de perte, ce qui peut affecter notre compr\u00e9hension de l&rsquo;univers.<\/p>\n<p><em>Anthropocentrisme<\/em> : Notre perspective humaine peut induire un certain biais anthropocentrique, nous incitant \u00e0 voir l&rsquo;univers en termes significatifs et familiers pour nous en tant qu&rsquo;\u00eatres humains. Par exemple, notre compr\u00e9hension de la vie est fa\u00e7onn\u00e9e par le type de vie que nous voyons sur Terre. Cela pourrait potentiellement limiter notre capacit\u00e9 \u00e0 reconna\u00eetre ou \u00e0 imaginer d&rsquo;autres formes de vie qui pourraient exister dans l&rsquo;univers et fonctionner selon d&rsquo;autres r\u00e8gles.<\/p>\n<p>En conclusion, le fait que nous soyons mortels fa\u00e7onne effectivement notre perspective de l&rsquo;univers de mani\u00e8re significative. Mais il convient \u00e9galement de noter que notre capacit\u00e9 d&rsquo;apprentissage, d&rsquo;imagination et d&rsquo;\u00e9merveillement nous permet de transcender ces limites et de repousser sans cesse les fronti\u00e8res de notre compr\u00e9hension.<\/p>\n<p><img loading=\"lazy\" decoding=\"async\" class=\"aligncenter size-large wp-image-136173\" src=\"https:\/\/www.pauljorion.com\/blog\/wp-content\/uploads\/LORIGINE-DE-LA-VIE-PLANCHE-3-860x1024.jpg\" alt=\"\" width=\"860\" height=\"1024\" srcset=\"https:\/\/www.pauljorion.com\/blog\/wp-content\/uploads\/LORIGINE-DE-LA-VIE-PLANCHE-3-860x1024.jpg 860w, https:\/\/www.pauljorion.com\/blog\/wp-content\/uploads\/LORIGINE-DE-LA-VIE-PLANCHE-3-252x300.jpg 252w, https:\/\/www.pauljorion.com\/blog\/wp-content\/uploads\/LORIGINE-DE-LA-VIE-PLANCHE-3-768x914.jpg 768w, https:\/\/www.pauljorion.com\/blog\/wp-content\/uploads\/LORIGINE-DE-LA-VIE-PLANCHE-3-1290x1536.jpg 1290w, https:\/\/www.pauljorion.com\/blog\/wp-content\/uploads\/LORIGINE-DE-LA-VIE-PLANCHE-3-1721x2048.jpg 1721w\" sizes=\"auto, (max-width: 860px) 100vw, 860px\" \/><\/p>\n<p><em>Jean-Marc Reiser + Paul Jorion + PhilGill<\/em><\/p>\n<p><img loading=\"lazy\" decoding=\"async\" class=\"aligncenter size-large wp-image-136256\" src=\"https:\/\/www.pauljorion.com\/blog\/wp-content\/uploads\/DALL\u00b7E-2023-05-24-22.50.05-A-tree-a-million-year-old-isolated-on-a-plain-at-sunrise-digital-art.png\" alt=\"\" width=\"1024\" height=\"1024\" srcset=\"https:\/\/www.pauljorion.com\/blog\/wp-content\/uploads\/DALL\u00b7E-2023-05-24-22.50.05-A-tree-a-million-year-old-isolated-on-a-plain-at-sunrise-digital-art.png 1024w, https:\/\/www.pauljorion.com\/blog\/wp-content\/uploads\/DALL\u00b7E-2023-05-24-22.50.05-A-tree-a-million-year-old-isolated-on-a-plain-at-sunrise-digital-art-300x300.png 300w, https:\/\/www.pauljorion.com\/blog\/wp-content\/uploads\/DALL\u00b7E-2023-05-24-22.50.05-A-tree-a-million-year-old-isolated-on-a-plain-at-sunrise-digital-art-150x150.png 150w, https:\/\/www.pauljorion.com\/blog\/wp-content\/uploads\/DALL\u00b7E-2023-05-24-22.50.05-A-tree-a-million-year-old-isolated-on-a-plain-at-sunrise-digital-art-768x768.png 768w\" sizes=\"auto, (max-width: 1024px) 100vw, 1024px\" \/><\/p>\n<p><em>Illustration par DALL-E (+PJ)<\/em><\/p>\n","protected":false},"excerpt":{"rendered":"<p><img loading=\"lazy\" decoding=\"async\" class=\"aligncenter size-full wp-image-136255\" src=\"https:\/\/www.pauljorion.com\/blog\/wp-content\/uploads\/DALL\u00b7E-2023-05-24-22.49.52-A-tree-a-million-year-old-isolated-on-a-plain-at-sunrise-digital-art.png\" alt=\"\" width=\"1024\" height=\"1024\" srcset=\"https:\/\/www.pauljorion.com\/blog\/wp-content\/uploads\/DALL\u00b7E-2023-05-24-22.49.52-A-tree-a-million-year-old-isolated-on-a-plain-at-sunrise-digital-art.png 1024w, https:\/\/www.pauljorion.com\/blog\/wp-content\/uploads\/DALL\u00b7E-2023-05-24-22.49.52-A-tree-a-million-year-old-isolated-on-a-plain-at-sunrise-digital-art-300x300.png 300w, https:\/\/www.pauljorion.com\/blog\/wp-content\/uploads\/DALL\u00b7E-2023-05-24-22.49.52-A-tree-a-million-year-old-isolated-on-a-plain-at-sunrise-digital-art-150x150.png 150w, https:\/\/www.pauljorion.com\/blog\/wp-content\/uploads\/DALL\u00b7E-2023-05-24-22.49.52-A-tree-a-million-year-old-isolated-on-a-plain-at-sunrise-digital-art-768x768.png 768w\" sizes=\"auto, (max-width: 1024px) 100vw, 1024px\" \/><\/p>\n<p><em>Illustration par DALL-E (+PJ)<\/em><\/p>\n<p><strong>Paul Jorion<\/strong> : Une v\u00e9ritable victoire pour la vie, lorsqu&rsquo;elle a \u00e9merg\u00e9 de l&rsquo;inanim\u00e9, aurait \u00e9t\u00e9 la g\u00e9n\u00e9ration de cr\u00e9atures immortelles. La vie a \u00e9chou\u00e9 \u00e0 cet \u00e9gard : elle n&rsquo;a pu se perp\u00e9tuer qu&rsquo;en g\u00e9n\u00e9rant des cr\u00e9atures individuellement mortelles. La seule [&hellip;]<\/p>\n","protected":false},"author":1,"featured_media":0,"comment_status":"open","ping_status":"closed","sticky":false,"template":"","format":"standard","meta":{"footnotes":""},"categories":[7922,20,5008],"tags":[9229,2925,1203],"class_list":["post-136254","post","type-post","status-publish","format-standard","hentry","category-immortalite","category-philosophie","category-transhumanisme","tag-biais-ontologique","tag-immortalite","tag-mortalite"],"_links":{"self":[{"href":"https:\/\/www.pauljorion.com\/blog\/wp-json\/wp\/v2\/posts\/136254","targetHints":{"allow":["GET"]}}],"collection":[{"href":"https:\/\/www.pauljorion.com\/blog\/wp-json\/wp\/v2\/posts"}],"about":[{"href":"https:\/\/www.pauljorion.com\/blog\/wp-json\/wp\/v2\/types\/post"}],"author":[{"embeddable":true,"href":"https:\/\/www.pauljorion.com\/blog\/wp-json\/wp\/v2\/users\/1"}],"replies":[{"embeddable":true,"href":"https:\/\/www.pauljorion.com\/blog\/wp-json\/wp\/v2\/comments?post=136254"}],"version-history":[{"count":1,"href":"https:\/\/www.pauljorion.com\/blog\/wp-json\/wp\/v2\/posts\/136254\/revisions"}],"predecessor-version":[{"id":136257,"href":"https:\/\/www.pauljorion.com\/blog\/wp-json\/wp\/v2\/posts\/136254\/revisions\/136257"}],"wp:attachment":[{"href":"https:\/\/www.pauljorion.com\/blog\/wp-json\/wp\/v2\/media?parent=136254"}],"wp:term":[{"taxonomy":"category","embeddable":true,"href":"https:\/\/www.pauljorion.com\/blog\/wp-json\/wp\/v2\/categories?post=136254"},{"taxonomy":"post_tag","embeddable":true,"href":"https:\/\/www.pauljorion.com\/blog\/wp-json\/wp\/v2\/tags?post=136254"}],"curies":[{"name":"wp","href":"https:\/\/api.w.org\/{rel}","templated":true}]}}