{"id":136468,"date":"2023-06-13T22:48:41","date_gmt":"2023-06-13T20:48:41","guid":{"rendered":"https:\/\/www.pauljorion.com\/blog\/?p=136468"},"modified":"2023-06-13T22:48:41","modified_gmt":"2023-06-13T20:48:41","slug":"berlusconi-lhyper-italien-par-valerio-sale","status":"publish","type":"post","link":"https:\/\/www.pauljorion.com\/blog\/2023\/06\/13\/berlusconi-lhyper-italien-par-valerio-sale\/","title":{"rendered":"<b>BERLUSCONI, L\u2019HYPER-ITALIEN\u2026<\/b>, par Valerio SALE"},"content":{"rendered":"<p><img loading=\"lazy\" decoding=\"async\" class=\"aligncenter size-full wp-image-136472\" src=\"https:\/\/www.pauljorion.com\/blog\/wp-content\/uploads\/DALL\u00b7E-2023-06-13-22.44.00-A-politician-as-an-alligator-Rembrandt-style.png\" alt=\"\" width=\"1024\" height=\"1024\" srcset=\"https:\/\/www.pauljorion.com\/blog\/wp-content\/uploads\/DALL\u00b7E-2023-06-13-22.44.00-A-politician-as-an-alligator-Rembrandt-style.png 1024w, https:\/\/www.pauljorion.com\/blog\/wp-content\/uploads\/DALL\u00b7E-2023-06-13-22.44.00-A-politician-as-an-alligator-Rembrandt-style-300x300.png 300w, https:\/\/www.pauljorion.com\/blog\/wp-content\/uploads\/DALL\u00b7E-2023-06-13-22.44.00-A-politician-as-an-alligator-Rembrandt-style-150x150.png 150w, https:\/\/www.pauljorion.com\/blog\/wp-content\/uploads\/DALL\u00b7E-2023-06-13-22.44.00-A-politician-as-an-alligator-Rembrandt-style-768x768.png 768w\" sizes=\"auto, (max-width: 1024px) 100vw, 1024px\" \/><\/p>\n<p class=\"m_-1096436663804417166m-3388937467529753959m5805920329399884923gmail-msonospacing\">L&rsquo;histoire politique de Silvio Berlusconi est centr\u00e9e sur ses affaires juridiques. Une pers\u00e9cution politique selon lui et ses partisans. Un entrelacement d&rsquo;int\u00e9r\u00eats priv\u00e9s et mafieux dont, selon ses d\u00e9tracteurs, il s&rsquo;est d\u00e9fendu avec une arm\u00e9e d&rsquo;avocats. 36 proc\u00e8s au total, dont 11 acquittements, 10 proc\u00e8s clos, 8 prescriptions et 2 affaires d&rsquo;amnistie. En octobre 2012, Silvio Berlusconi a \u00e9t\u00e9 condamn\u00e9 \u00e0 4 ans de prison pour fraude fiscale et il a \u00e9t\u00e9 expuls\u00e9 du Parlement. Il y est revenu en 2018 \u00e0 la suite de l&rsquo;acceptation de la demande de sa \u201ctask force\u201d judiciaire, une fois \u00e9coul\u00e9s les trois ans pr\u00e9vus par la loi pour pr\u00e9senter une requ\u00eate \u00e0 compter d&rsquo;avoir purg\u00e9 sa peine.<u><\/u><u><\/u><\/p>\n<p class=\"m_-1096436663804417166m-3388937467529753959m5805920329399884923gmail-msonospacing\">Au nom d&rsquo;une lutte anachronique contre le communisme, il a d\u00e9douan\u00e9 le post-fascisme. Au nom de la realpolitik, il a fait des affaires avec Kadhafi, Erdogan et surtout avec Poutine avec qui il a nou\u00e9 une amiti\u00e9 durable qui l&rsquo;a amen\u00e9e r\u00e9cemment \u00e0 justifier la guerre de Russie.<u><\/u><u><\/u><\/p>\n<p class=\"m_-1096436663804417166m-3388937467529753959m5805920329399884923gmail-msonospacing\">Un style de vie rappelant celui des politiques de certains pays sud-am\u00e9ricains, ou plut\u00f4t, digne d\u2019une r\u00e9publique banani\u00e8re. Football et femmes, (tr\u00e8s) jeunes filles, avec les fameuses f\u00eates\u00a0<i>bunga-bunga.<\/i> L&rsquo;establishment international l&rsquo;a tenu \u00e0 distance \u00e0 plusieurs reprises. Tout le monde se souvient des sourires ironiques de Nicolas Sarkozy et d&rsquo;Angela Merkel lors de la conf\u00e9rence de presse de 2011, face aux assurances donn\u00e9es par Silvio Berlusconi au sujet de l\u2019\u00e9tat de la dette italienne. M\u00eame l&rsquo;\u00e9lite du capitalisme l&rsquo;a mis sur la touche en 2001, avec ce titre de The Economist : <i>\u00a0\u00bb Why Silvio Berlusconi is unfit to lead Italy<\/i>\u00ab\u00a0.<u><\/u><u><\/u><\/p>\n<p class=\"m_-1096436663804417166m-3388937467529753959m5805920329399884923gmail-msonospacing\">Les politologues se demandent si Berlusconi a \u00e9t\u00e9 le premier populiste du genre. C&rsquo;est peut-\u00eatre vrai. Du bref ph\u00e9nom\u00e8ne qu\u2019\u00e0 repr\u00e9sent\u00e9 Bernard Tapie en France, mais surtout aux fortes similitudes actuelles avec Donald Trump, Berlusconi \u00e9tait et est avant tout le symbole d&rsquo;une soci\u00e9t\u00e9 italienne divis\u00e9e. Divis\u00e9e culturellement plus qu\u2019\u00e9conomiquement, divis\u00e9e dans le sens de l&rsquo;histoire, dans la conception du travail, dans les comportements quotidiens.<u><\/u><u><\/u><\/p>\n<p class=\"m_-1096436663804417166m-3388937467529753959m5805920329399884923gmail-msonospacing\">Dans cet oc\u00e9an d&rsquo;hypocrisie rh\u00e9torique et m\u00e9diatique qui submerge actuellement l&rsquo;opinion publique italienne \u00e0 la suite de la mort de Berlusconi, la r\u00e9alit\u00e9 des faits est cach\u00e9e, qui oppose ces deux mod\u00e8les quasi-anthropologiques d\u2019Italiens. De l\u2019Italien entreprenant, rus\u00e9 et opportuniste d\u2019un c\u00f4t\u00e9 et le citoyen travailleur qui d\u00e9fend ses droits et paie ses imp\u00f4ts, de l&rsquo;autre, le premier l&#8217;emporte largement sur le second. Avec la mort de Berlusconi, l&rsquo;apoth\u00e9ose de cet Italien rus\u00e9 et opportuniste atteint son paroxysme. Le deuil national a \u00e9t\u00e9 proclam\u00e9 en Italie pour ce mercredi 14 juin et cet \u00ab hyper-Italien \u00bb, condamn\u00e9 pour fraude fiscale, celui qui a scind\u00e9 le pays, entrera dans la cath\u00e9drale de Milan avec les honneurs de l\u2019\u00c9tat et les condol\u00e9ances de tous les citoyens italiens, conform\u00e9ment \u00e0 l&rsquo;article 2 de la loi du 7 f\u00e9vrier 1987, n.\u00b036.<u><\/u><u><\/u><\/p>\n<p class=\"m_-1096436663804417166m-3388937467529753959m5805920329399884923gmail-msonospacing\">C\u2019est l\u2019Italie de 2023, l\u2019Italie de Giorgia Meloni et de Matteo Salvini. C\u2019est l\u2019Italie, point.<\/p>\n<p><iframe loading=\"lazy\" class=\"aligncenter\" title=\"YouTube video player\" src=\"https:\/\/www.youtube.com\/embed\/HuMznnVNdrM\" width=\"700\" height=\"450\" frameborder=\"0\" allowfullscreen=\"allowfullscreen\"><\/iframe><\/p>\n<p><em>Il Caimano<\/em> de Nanni Moretti, 2006<\/p>\n","protected":false},"excerpt":{"rendered":"<p><img loading=\"lazy\" decoding=\"async\" class=\"aligncenter size-full wp-image-136472\" src=\"https:\/\/www.pauljorion.com\/blog\/wp-content\/uploads\/DALL\u00b7E-2023-06-13-22.44.00-A-politician-as-an-alligator-Rembrandt-style.png\" alt=\"\" width=\"1024\" height=\"1024\" srcset=\"https:\/\/www.pauljorion.com\/blog\/wp-content\/uploads\/DALL\u00b7E-2023-06-13-22.44.00-A-politician-as-an-alligator-Rembrandt-style.png 1024w, https:\/\/www.pauljorion.com\/blog\/wp-content\/uploads\/DALL\u00b7E-2023-06-13-22.44.00-A-politician-as-an-alligator-Rembrandt-style-300x300.png 300w, https:\/\/www.pauljorion.com\/blog\/wp-content\/uploads\/DALL\u00b7E-2023-06-13-22.44.00-A-politician-as-an-alligator-Rembrandt-style-150x150.png 150w, https:\/\/www.pauljorion.com\/blog\/wp-content\/uploads\/DALL\u00b7E-2023-06-13-22.44.00-A-politician-as-an-alligator-Rembrandt-style-768x768.png 768w\" sizes=\"auto, (max-width: 1024px) 100vw, 1024px\" \/><\/p>\n<p class=\"m_-1096436663804417166m-3388937467529753959m5805920329399884923gmail-msonospacing\">L&rsquo;histoire politique de Silvio Berlusconi est centr\u00e9e sur ses affaires juridiques. Une pers\u00e9cution politique selon lui et ses partisans. Un entrelacement d&rsquo;int\u00e9r\u00eats priv\u00e9s et mafieux dont, selon ses d\u00e9tracteurs, il s&rsquo;est d\u00e9fendu avec une arm\u00e9e d&rsquo;avocats. 36 proc\u00e8s au total, dont 11 acquittements, 10 proc\u00e8s [&hellip;]<\/p>\n","protected":false},"author":1,"featured_media":0,"comment_status":"open","ping_status":"closed","sticky":false,"template":"","format":"standard","meta":{"footnotes":""},"categories":[6093,5381],"tags":[2626,78,2358],"class_list":["post-136468","post","type-post","status-publish","format-standard","hentry","category-fascisme","category-italie","tag-fascisme","tag-italie","tag-silvio-berlusconi"],"_links":{"self":[{"href":"https:\/\/www.pauljorion.com\/blog\/wp-json\/wp\/v2\/posts\/136468","targetHints":{"allow":["GET"]}}],"collection":[{"href":"https:\/\/www.pauljorion.com\/blog\/wp-json\/wp\/v2\/posts"}],"about":[{"href":"https:\/\/www.pauljorion.com\/blog\/wp-json\/wp\/v2\/types\/post"}],"author":[{"embeddable":true,"href":"https:\/\/www.pauljorion.com\/blog\/wp-json\/wp\/v2\/users\/1"}],"replies":[{"embeddable":true,"href":"https:\/\/www.pauljorion.com\/blog\/wp-json\/wp\/v2\/comments?post=136468"}],"version-history":[{"count":4,"href":"https:\/\/www.pauljorion.com\/blog\/wp-json\/wp\/v2\/posts\/136468\/revisions"}],"predecessor-version":[{"id":136474,"href":"https:\/\/www.pauljorion.com\/blog\/wp-json\/wp\/v2\/posts\/136468\/revisions\/136474"}],"wp:attachment":[{"href":"https:\/\/www.pauljorion.com\/blog\/wp-json\/wp\/v2\/media?parent=136468"}],"wp:term":[{"taxonomy":"category","embeddable":true,"href":"https:\/\/www.pauljorion.com\/blog\/wp-json\/wp\/v2\/categories?post=136468"},{"taxonomy":"post_tag","embeddable":true,"href":"https:\/\/www.pauljorion.com\/blog\/wp-json\/wp\/v2\/tags?post=136468"}],"curies":[{"name":"wp","href":"https:\/\/api.w.org\/{rel}","templated":true}]}}