{"id":136617,"date":"2023-06-29T13:41:00","date_gmt":"2023-06-29T11:41:00","guid":{"rendered":"https:\/\/www.pauljorion.com\/blog\/?p=136617"},"modified":"2023-06-29T13:42:49","modified_gmt":"2023-06-29T11:42:49","slug":"il-nest-pas-normal","status":"publish","type":"post","link":"https:\/\/www.pauljorion.com\/blog\/2023\/06\/29\/il-nest-pas-normal\/","title":{"rendered":"<b>Il n&rsquo;est pas normal&#8230;<\/b>"},"content":{"rendered":"<p><img loading=\"lazy\" decoding=\"async\" class=\"aligncenter size-large wp-image-136619\" src=\"https:\/\/www.pauljorion.com\/blog\/wp-content\/uploads\/DALL\u00b7E-2023-06-29-13.28.21-A-crowd-in-a-world-upside-down-pixel-art.png\" alt=\"\" width=\"1024\" height=\"1024\" srcset=\"https:\/\/www.pauljorion.com\/blog\/wp-content\/uploads\/DALL\u00b7E-2023-06-29-13.28.21-A-crowd-in-a-world-upside-down-pixel-art.png 1024w, https:\/\/www.pauljorion.com\/blog\/wp-content\/uploads\/DALL\u00b7E-2023-06-29-13.28.21-A-crowd-in-a-world-upside-down-pixel-art-300x300.png 300w, https:\/\/www.pauljorion.com\/blog\/wp-content\/uploads\/DALL\u00b7E-2023-06-29-13.28.21-A-crowd-in-a-world-upside-down-pixel-art-150x150.png 150w, https:\/\/www.pauljorion.com\/blog\/wp-content\/uploads\/DALL\u00b7E-2023-06-29-13.28.21-A-crowd-in-a-world-upside-down-pixel-art-768x768.png 768w\" sizes=\"auto, (max-width: 1024px) 100vw, 1024px\" \/><\/p>\n<p><em>Illustration par DALL-E (+PJ)<\/em><\/p>\n<p>Il n&rsquo;est pas normal que des patrons de presse puissent mettre des id\u00e9ologues d&rsquo;extr\u00eame-droite \u00e0 la t\u00eate de journaux d&rsquo;information.<\/p>\n<p>Il n&rsquo;est pas normal qu&rsquo;un appareil d&rsquo;\u00c9tat soit condamn\u00e9 pour inaction devant le r\u00e9chauffement climatique et autres risques environnementaux.<\/p>\n<p>Il n&rsquo;est pas normal que l&rsquo;on laisse entendre, ou m\u00eame que l&rsquo;on fasse comprendre, que les d\u00e9fenseurs de l&rsquo;environnement, les d\u00e9fenseurs des droits de l&rsquo;Homme et les d\u00e9nonciateurs de la corruption sont autant d&rsquo;ennemis publics.<\/p>\n<p>Il n&rsquo;est pas normal qu&rsquo;un repr\u00e9sentant des forces de l&rsquo;ordre vous loge une balle dans la t\u00eate pour une raison futile et il n&rsquo;est pas normal que la premi\u00e8re r\u00e9action des syndicats des repr\u00e9sentants des forces de l&rsquo;ordre soit de dire que, jusqu&rsquo;\u00e0 plus ample inform\u00e9, il n&rsquo;y a l\u00e0 rien d&rsquo;anormal.<\/p>\n<p>Devant une telle accumulation de choses pas normales, n&rsquo;est-on pas en droit de se demander\u00a0si la situation n&rsquo;est pas devenue anormale&nbsp;?<\/p>\n<p><img loading=\"lazy\" decoding=\"async\" class=\"aligncenter size-full wp-image-136618\" src=\"https:\/\/www.pauljorion.com\/blog\/wp-content\/uploads\/DALL\u00b7E-2023-06-29-13.28.30-A-crowd-in-a-world-upside-down-pixel-art.png\" alt=\"\" width=\"1024\" height=\"1024\" srcset=\"https:\/\/www.pauljorion.com\/blog\/wp-content\/uploads\/DALL\u00b7E-2023-06-29-13.28.30-A-crowd-in-a-world-upside-down-pixel-art.png 1024w, https:\/\/www.pauljorion.com\/blog\/wp-content\/uploads\/DALL\u00b7E-2023-06-29-13.28.30-A-crowd-in-a-world-upside-down-pixel-art-300x300.png 300w, https:\/\/www.pauljorion.com\/blog\/wp-content\/uploads\/DALL\u00b7E-2023-06-29-13.28.30-A-crowd-in-a-world-upside-down-pixel-art-150x150.png 150w, https:\/\/www.pauljorion.com\/blog\/wp-content\/uploads\/DALL\u00b7E-2023-06-29-13.28.30-A-crowd-in-a-world-upside-down-pixel-art-768x768.png 768w\" sizes=\"auto, (max-width: 1024px) 100vw, 1024px\" \/><\/p>\n<p><em>Illustration par DALL-E (+PJ)<\/em><\/p>\n","protected":false},"excerpt":{"rendered":"<p><img loading=\"lazy\" decoding=\"async\" class=\"aligncenter size-large wp-image-136619\" src=\"https:\/\/www.pauljorion.com\/blog\/wp-content\/uploads\/DALL\u00b7E-2023-06-29-13.28.21-A-crowd-in-a-world-upside-down-pixel-art.png\" alt=\"\" width=\"1024\" height=\"1024\" srcset=\"https:\/\/www.pauljorion.com\/blog\/wp-content\/uploads\/DALL\u00b7E-2023-06-29-13.28.21-A-crowd-in-a-world-upside-down-pixel-art.png 1024w, https:\/\/www.pauljorion.com\/blog\/wp-content\/uploads\/DALL\u00b7E-2023-06-29-13.28.21-A-crowd-in-a-world-upside-down-pixel-art-300x300.png 300w, https:\/\/www.pauljorion.com\/blog\/wp-content\/uploads\/DALL\u00b7E-2023-06-29-13.28.21-A-crowd-in-a-world-upside-down-pixel-art-150x150.png 150w, https:\/\/www.pauljorion.com\/blog\/wp-content\/uploads\/DALL\u00b7E-2023-06-29-13.28.21-A-crowd-in-a-world-upside-down-pixel-art-768x768.png 768w\" sizes=\"auto, (max-width: 1024px) 100vw, 1024px\" \/><\/p>\n<p><em>Illustration par DALL-E (+PJ)<\/em><\/p>\n<p>Il n&rsquo;est pas normal que des patrons de presse puissent mettre des id\u00e9ologues d&rsquo;extr\u00eame-droite \u00e0 la t\u00eate de journaux d&rsquo;information.<\/p>\n<p>Il n&rsquo;est pas normal qu&rsquo;un appareil d&rsquo;\u00c9tat soit condamn\u00e9 pour inaction devant le r\u00e9chauffement climatique et autres risques environnementaux.<\/p>\n<p>Il n&rsquo;est pas [&hellip;]<\/p>\n","protected":false},"author":1,"featured_media":0,"comment_status":"open","ping_status":"closed","sticky":false,"template":"","format":"standard","meta":{"footnotes":""},"categories":[6476,276,4494,4454],"tags":[311],"class_list":["post-136617","post","type-post","status-publish","format-standard","hentry","category-corruption","category-droit","category-environnement","category-france","tag-france"],"_links":{"self":[{"href":"https:\/\/www.pauljorion.com\/blog\/wp-json\/wp\/v2\/posts\/136617","targetHints":{"allow":["GET"]}}],"collection":[{"href":"https:\/\/www.pauljorion.com\/blog\/wp-json\/wp\/v2\/posts"}],"about":[{"href":"https:\/\/www.pauljorion.com\/blog\/wp-json\/wp\/v2\/types\/post"}],"author":[{"embeddable":true,"href":"https:\/\/www.pauljorion.com\/blog\/wp-json\/wp\/v2\/users\/1"}],"replies":[{"embeddable":true,"href":"https:\/\/www.pauljorion.com\/blog\/wp-json\/wp\/v2\/comments?post=136617"}],"version-history":[{"count":6,"href":"https:\/\/www.pauljorion.com\/blog\/wp-json\/wp\/v2\/posts\/136617\/revisions"}],"predecessor-version":[{"id":136625,"href":"https:\/\/www.pauljorion.com\/blog\/wp-json\/wp\/v2\/posts\/136617\/revisions\/136625"}],"wp:attachment":[{"href":"https:\/\/www.pauljorion.com\/blog\/wp-json\/wp\/v2\/media?parent=136617"}],"wp:term":[{"taxonomy":"category","embeddable":true,"href":"https:\/\/www.pauljorion.com\/blog\/wp-json\/wp\/v2\/categories?post=136617"},{"taxonomy":"post_tag","embeddable":true,"href":"https:\/\/www.pauljorion.com\/blog\/wp-json\/wp\/v2\/tags?post=136617"}],"curies":[{"name":"wp","href":"https:\/\/api.w.org\/{rel}","templated":true}]}}