{"id":137198,"date":"2023-08-26T20:30:33","date_gmt":"2023-08-26T18:30:33","guid":{"rendered":"https:\/\/www.pauljorion.com\/blog\/?p=137198"},"modified":"2023-08-26T20:57:51","modified_gmt":"2023-08-26T18:57:51","slug":"rechauffement-climatique-nouvelles-du-front-par-ilicitano","status":"publish","type":"post","link":"https:\/\/www.pauljorion.com\/blog\/2023\/08\/26\/rechauffement-climatique-nouvelles-du-front-par-ilicitano\/","title":{"rendered":"<b>R\u00e9chauffement climatique : nouvelles du front<\/b>, par ilicitano"},"content":{"rendered":"<p><img loading=\"lazy\" decoding=\"async\" class=\"aligncenter size-full wp-image-137205\" src=\"https:\/\/www.pauljorion.com\/blog\/wp-content\/uploads\/Stable-Diffusion-scorching-heat.jpeg\" alt=\"\" width=\"1024\" height=\"1024\" srcset=\"https:\/\/www.pauljorion.com\/blog\/wp-content\/uploads\/Stable-Diffusion-scorching-heat.jpeg 512w, https:\/\/www.pauljorion.com\/blog\/wp-content\/uploads\/Stable-Diffusion-scorching-heat-300x300.jpeg 300w, https:\/\/www.pauljorion.com\/blog\/wp-content\/uploads\/Stable-Diffusion-scorching-heat-150x150.jpeg 150w\" sizes=\"auto, (max-width: 1024px) 100vw, 1024px\" \/><\/p>\n<p><em>Illustration par Stable Diffusion (+PJ)<\/em><\/p>\n<p>Une <a href=\"https:\/\/meteofrance.com\/actualites-et-dossiers\/actualites\/fortes-chaleurs-aout-2023#&amp;gid=2&amp;pid=1\" target=\"_blank\" rel=\"noopener\">\u00ab\u00a0petite info\u00a0\u00bb<\/a> en passant:<\/p>\n<p>Les 23 et 24 ao\u00fbt ont vu quelques records de chaleur en France:<\/p>\n<p>* Carcassonne : 43\u00b02 (41\u00b09 le 13\/08\/2003)<br \/>\n* Nyons : 43\u00b0 ( 41\u00b08 le 28\/06\/2019)<br \/>\n* Orange : 42\u00b07 ( 42\u00b06 le 12\/08\/2003)<br \/>\n* Montauban : 42\u00b06 (41\u00b08 le 0\/08\/2003)<br \/>\n* Auch : 42\u00b06 ( 40\u00b09 le 4\/08\/2003)<br \/>\n* Toulouse : 42\u00b04 ( 40\u00b07 le 4\/08\/2003)<br \/>\n* Narbonne : 42\u00b01 ( 39\u00b08 le 21\/08\/2003) =&gt; +2\u00b03 par rapport \u00e0 l&rsquo;ancien maxi<br \/>\n* Lyon : 41\u00b04 (40\u00b05 le 13\/08\/2003)<br \/>\n* Chamb\u00e9ry : 40\u00b05 ( 38\u00b08 le 4\/08\/2003)<br \/>\n* Tarbes : 39\u00b09 ( 39\u00b02 le 18\/06\/2022)<\/p>\n<p>Etant donn\u00e9 que :<br \/>\n* l&rsquo;Allemagne a remis en marche ses centrales \u00e9lectriques \u00e0 la lignite pour remplacer le gaz par ol\u00e9oduc et faire tourner son industrie<br \/>\n* la consommation globale en \u00e9nergies fossiles va continuer de croitre pour permettre aux pays \u00e9mergents l&rsquo;am\u00e9lioration de leur niveau de vie<br \/>\n* aux USA les 3 voitures les plus vendues sont des gros pick-up grand consommateur d&rsquo;essence (10\/15l) en 2021 :<\/p>\n<p style=\"padding-left: 40px;\">1) Ford F-Series : 726 004 exemplaires\n<\/p>\n<p style=\"padding-left: 40px;\">2) Ram Pickup : 569 388 exemplaires\n<\/p>\n<p style=\"padding-left: 40px;\">3) Chevrolet Silverado : 519 774 exemplaires<\/p>\n<p>* la croissance est toujours un objectif prioritaire<br \/>\n* les pays pauvres , dont la population est largement majoritaire, et qui subissent en premier les impacts du changement climatique, veulent aussi leur part de bien-\u00eatre<br \/>\n* &#8230;&#8230;.<\/p>\n<p>Le r\u00e9chauffement climatique va donc continuer jusqu&rsquo;\u00e0 \u00e9puisement des \u00e9nergies fossiles.<\/p>\n<p>Restons positifs :<\/p>\n<p>les r\u00e9serves dans l&rsquo;\u00e9tat actuel de notre utilisation:<br \/>\n* p\u00e9trole-gaz : 50\/55 ans<br \/>\n* charbon : 110 ans<\/p>\n<p><img loading=\"lazy\" decoding=\"async\" class=\"aligncenter size-full wp-image-137201\" src=\"https:\/\/www.pauljorion.com\/blog\/wp-content\/uploads\/DALL\u00b7E-2023-08-26-20.25.03-a-scorched-landscape-3-D-art.png\" alt=\"\" width=\"1024\" height=\"1024\" srcset=\"https:\/\/www.pauljorion.com\/blog\/wp-content\/uploads\/DALL\u00b7E-2023-08-26-20.25.03-a-scorched-landscape-3-D-art.png 1024w, https:\/\/www.pauljorion.com\/blog\/wp-content\/uploads\/DALL\u00b7E-2023-08-26-20.25.03-a-scorched-landscape-3-D-art-300x300.png 300w, https:\/\/www.pauljorion.com\/blog\/wp-content\/uploads\/DALL\u00b7E-2023-08-26-20.25.03-a-scorched-landscape-3-D-art-150x150.png 150w, https:\/\/www.pauljorion.com\/blog\/wp-content\/uploads\/DALL\u00b7E-2023-08-26-20.25.03-a-scorched-landscape-3-D-art-768x768.png 768w\" sizes=\"auto, (max-width: 1024px) 100vw, 1024px\" \/><\/p>\n<p><em>Illustration par DALL\u00b7E (+PJ)<\/em><\/p>\n","protected":false},"excerpt":{"rendered":"<p><img loading=\"lazy\" decoding=\"async\" class=\"aligncenter size-full wp-image-137205\" src=\"https:\/\/www.pauljorion.com\/blog\/wp-content\/uploads\/Stable-Diffusion-scorching-heat.jpeg\" alt=\"\" width=\"1024\" height=\"1024\" srcset=\"https:\/\/www.pauljorion.com\/blog\/wp-content\/uploads\/Stable-Diffusion-scorching-heat.jpeg 512w, https:\/\/www.pauljorion.com\/blog\/wp-content\/uploads\/Stable-Diffusion-scorching-heat-300x300.jpeg 300w, https:\/\/www.pauljorion.com\/blog\/wp-content\/uploads\/Stable-Diffusion-scorching-heat-150x150.jpeg 150w\" sizes=\"auto, (max-width: 1024px) 100vw, 1024px\" \/><\/p>\n<p><em>Illustration par Stable Diffusion (+PJ)<\/em><\/p>\n<p>Une <a href=\"https:\/\/meteofrance.com\/actualites-et-dossiers\/actualites\/fortes-chaleurs-aout-2023#&amp;gid=2&amp;pid=1\" target=\"_blank\" rel=\"noopener\">\u00ab\u00a0petite info\u00a0\u00bb<\/a> en passant:<\/p>\n<p>Les 23 et 24 ao\u00fbt ont vu quelques records de chaleur en France:<\/p>\n<p>* Carcassonne : 43\u00b02 (41\u00b09 le 13\/08\/2003)<br \/> * Nyons : 43\u00b0 ( 41\u00b08 le 28\/06\/2019)<br \/> * Orange : [&hellip;]<\/p>\n","protected":false},"author":1,"featured_media":0,"comment_status":"open","ping_status":"closed","sticky":false,"template":"","format":"standard","meta":{"footnotes":""},"categories":[6686],"tags":[172],"class_list":["post-137198","post","type-post","status-publish","format-standard","hentry","category-climat","tag-rechauffement-climatique"],"_links":{"self":[{"href":"https:\/\/www.pauljorion.com\/blog\/wp-json\/wp\/v2\/posts\/137198","targetHints":{"allow":["GET"]}}],"collection":[{"href":"https:\/\/www.pauljorion.com\/blog\/wp-json\/wp\/v2\/posts"}],"about":[{"href":"https:\/\/www.pauljorion.com\/blog\/wp-json\/wp\/v2\/types\/post"}],"author":[{"embeddable":true,"href":"https:\/\/www.pauljorion.com\/blog\/wp-json\/wp\/v2\/users\/1"}],"replies":[{"embeddable":true,"href":"https:\/\/www.pauljorion.com\/blog\/wp-json\/wp\/v2\/comments?post=137198"}],"version-history":[{"count":8,"href":"https:\/\/www.pauljorion.com\/blog\/wp-json\/wp\/v2\/posts\/137198\/revisions"}],"predecessor-version":[{"id":137210,"href":"https:\/\/www.pauljorion.com\/blog\/wp-json\/wp\/v2\/posts\/137198\/revisions\/137210"}],"wp:attachment":[{"href":"https:\/\/www.pauljorion.com\/blog\/wp-json\/wp\/v2\/media?parent=137198"}],"wp:term":[{"taxonomy":"category","embeddable":true,"href":"https:\/\/www.pauljorion.com\/blog\/wp-json\/wp\/v2\/categories?post=137198"},{"taxonomy":"post_tag","embeddable":true,"href":"https:\/\/www.pauljorion.com\/blog\/wp-json\/wp\/v2\/tags?post=137198"}],"curies":[{"name":"wp","href":"https:\/\/api.w.org\/{rel}","templated":true}]}}