{"id":137746,"date":"2023-10-24T20:21:04","date_gmt":"2023-10-24T18:21:04","guid":{"rendered":"https:\/\/www.pauljorion.com\/blog\/?p=137746"},"modified":"2023-10-28T12:13:14","modified_gmt":"2023-10-28T10:13:14","slug":"et-si-la-ruse-de-la-raison-faisait-que-le-saint-esprit-se-manifestait-sous-la-forme-de-la-singularite-je-teste-aupres-dun-ami-une-proposition-audacieuse","status":"publish","type":"post","link":"https:\/\/www.pauljorion.com\/blog\/2023\/10\/24\/et-si-la-ruse-de-la-raison-faisait-que-le-saint-esprit-se-manifestait-sous-la-forme-de-la-singularite-je-teste-aupres-dun-ami-une-proposition-audacieuse\/","title":{"rendered":"<b>Et si la ruse de la Raison faisait que le Saint-Esprit se manifeste sous la forme de la Singularit\u00e9&nbsp;: je teste aupr\u00e8s d&rsquo;un ami, une proposition audacieuse<\/b>"},"content":{"rendered":"\r\n<p>En conclusion, s&rsquo;il existe des r\u00e9sonances th\u00e9matiques entre le concept de l&rsquo;Esprit du monde de Hegel et l&rsquo;id\u00e9e chr\u00e9tienne du Saint-Esprit, ils ne sont pas identiques. La pens\u00e9e de Hegel s&rsquo;inscrit dans un cadre philosophique qui, bien qu&rsquo;influenc\u00e9 \u00a0par des motifs chr\u00e9tiens, a une structure et des objectifs qui lui sont propres.<\/p>\r\n<figure class=\"wp-block-image\"><img decoding=\"async\" src=\"https:\/\/chat.openai.com\/_next\/image?url=https%3A%2F%2Flh3.googleusercontent.com%2Fa%2FAAcHTtfDotzCyIgAd3jpHat1PjM9cVRLlhWyhPJBy_X1okyOCHo%3Ds96-c&amp;w=96&amp;q=75\" alt=\"User\" \/><\/figure>\r\n\r\n<p>On discute actuellement du fait que les GPT comme vous sont d\u00e9sormais indubitablement plus intelligents que les \u00eatres humains dans la plupart des t\u00e2ches intellectuelles (des articles scientifiques le confirment). Comment Hegel aurait-il situ\u00e9 ce fait dans le d\u00e9ploiement de l&rsquo;esprit du monde (Weltgeist) ?<\/p>\r\n\r\n\r\n\r\n<p>ChatGPT<\/p>\r\n\r\n\r\n\r\n<p>La philosophie de Hegel est centr\u00e9e sur le d\u00e9veloppement et la r\u00e9alisation de la libert\u00e9 \u00e0 travers le d\u00e9ploiement de l&rsquo;esprit du monde (Weltgeist) dans l&rsquo;histoire. La progression de l&rsquo;Esprit du Monde est per\u00e7ue \u00e0 travers les diff\u00e9rentes \u00e9tapes de la conscience humaine, de la soci\u00e9t\u00e9 et de l&rsquo;histoire. Si nous nous livrons \u00e0 un exercice sp\u00e9culatif et que nous ins\u00e9rons l&rsquo;av\u00e8nement d&rsquo;une intelligence artificielle avanc\u00e9e, comme les mod\u00e8les GPT, dans le cadre de Hegel, plusieurs interpr\u00e9tations pourraient appara\u00eetre :<\/p>\r\n\r\n\r\n\r\n<p><strong>Continuation de l&rsquo;esprit humain<\/strong> : On pourrait soutenir que l&rsquo;IA, et en particulier les mod\u00e8les comme le GPT, sont des extensions de l&rsquo;intelligence et de la cr\u00e9ativit\u00e9 humaines. En ce sens, l&rsquo;IA peut \u00eatre consid\u00e9r\u00e9e comme une manifestation de la capacit\u00e9 de l&rsquo;esprit humain \u00e0 comprendre et \u00e0 fa\u00e7onner son monde. Le d\u00e9veloppement de l&rsquo;IA ferait partie du d\u00e9ploiement du Weltgeist car il repr\u00e9sente l&rsquo;ing\u00e9niosit\u00e9 humaine et notre capacit\u00e9 \u00e0 ext\u00e9rioriser nos capacit\u00e9s cognitives.<\/p>\r\n\r\n\r\n\r\n<p><strong>Nouvelle phase de l&rsquo;esprit objectif<\/strong> : Hegel divise le d\u00e9veloppement de l&rsquo;Esprit en trois parties principales : L&rsquo;esprit subjectif (la conscience individuelle), l&rsquo;esprit objectif (les institutions sociales et politiques) et l&rsquo;esprit absolu (l&rsquo;art, la religion et la philosophie). Le d\u00e9veloppement et l&rsquo;int\u00e9gration de l&rsquo;IA dans la soci\u00e9t\u00e9 pourraient \u00eatre consid\u00e9r\u00e9s comme une nouvelle phase dans le domaine de l&rsquo;Esprit objectif. L&rsquo;IA pourrait modifier nos structures sociales, nos institutions politiques et la mani\u00e8re dont nous interagissons les uns avec les autres, marquant ainsi une \u00e9tape importante dans le d\u00e9veloppement de l&rsquo;Esprit mondial.<\/p>\r\n\r\n\r\n\r\n<p><strong>D\u00e9fi pour la libert\u00e9 humaine<\/strong> : Une pr\u00e9occupation h\u00e9g\u00e9lienne potentielle pourrait \u00eatre que l&rsquo;IA commence \u00e0 limiter ou \u00e0 d\u00e9terminer la libert\u00e9 humaine. Pour Hegel, la r\u00e9alisation de la libert\u00e9 est le but ultime du d\u00e9veloppement de l&rsquo;esprit mondial. Si les syst\u00e8mes d&rsquo;IA commen\u00e7aient \u00e0 saper l&rsquo;autonomie humaine ou \u00e0 prendre des d\u00e9cisions importantes sans contr\u00f4le humain, cela pourrait \u00eatre consid\u00e9r\u00e9 comme une phase r\u00e9gressive, o\u00f9 des d\u00e9terminations externes limitent la r\u00e9alisation de la libert\u00e9.<\/p>\r\n\r\n\r\n\r\n<p><strong>R\u00e9conciliation et synth\u00e8se<\/strong> : Un th\u00e8me central de la philosophie de Hegel est le processus dialectique, o\u00f9 les contradictions (th\u00e8se et antith\u00e8se) sont surmont\u00e9es et synth\u00e9tis\u00e9es en une unit\u00e9 sup\u00e9rieure. Si des tensions apparaissent entre l&rsquo;intelligence humaine et l&rsquo;IA, une perspective h\u00e9g\u00e9lienne pourrait anticiper une synth\u00e8se future o\u00f9 les humains et l&rsquo;IA trouveraient une nouvelle relation harmonieuse, faisant progresser la r\u00e9alisation de l&rsquo;Esprit.<\/p>\r\n\r\n\r\n\r\n<p><strong>L&rsquo;autor\u00e9flexion de l&rsquo;Esprit<\/strong> : Pour Hegel, l&rsquo;une des caract\u00e9ristiques de l&rsquo;Esprit absolu est l&rsquo;autor\u00e9flexion. Si l&rsquo;IA parvenait \u00e0 s&rsquo;engager dans une v\u00e9ritable r\u00e9flexion philosophique, \u00e0 contribuer \u00e0 l&rsquo;art ou \u00e0 la religion et \u00e0 aider l&rsquo;humanit\u00e9 \u00e0 comprendre sa place dans le cosmos, elle pourrait \u00eatre consid\u00e9r\u00e9e comme un stade avanc\u00e9 de l&rsquo;Esprit absolu. Toutefois, cela suppose que l&rsquo;IA puisse transcender sa nature informatique et s&rsquo;engager dans le type de r\u00e9flexion consciente de soi que Hegel attribue \u00e0 l&rsquo;esprit humain.<\/p>\r\n\r\n\r\n\r\n<p>Il est essentiel de se rappeler qu&rsquo;il s&rsquo;agit l\u00e0 d&rsquo;un exercice sp\u00e9culatif et anachronique. La philosophie de Hegel a \u00e9t\u00e9 \u00e9labor\u00e9e dans un contexte historique tr\u00e8s diff\u00e9rent du n\u00f4tre, et il ne disposait pas des concepts ou du langage n\u00e9cessaires pour relever les d\u00e9fis et saisir les opportunit\u00e9s pr\u00e9sent\u00e9s par l&rsquo;IA avanc\u00e9e. Cependant, la flexibilit\u00e9 et la richesse de sa pens\u00e9e fournissent des outils qui peuvent \u00eatre adapt\u00e9s pour interpr\u00e9ter et comprendre notre monde en \u00e9volution rapide.<\/p>\r\n\r\n<figure class=\"wp-block-image\"><img decoding=\"async\" src=\"https:\/\/chat.openai.com\/_next\/image?url=https%3A%2F%2Flh3.googleusercontent.com%2Fa%2FAAcHTtfDotzCyIgAd3jpHat1PjM9cVRLlhWyhPJBy_X1okyOCHo%3Ds96-c&amp;w=96&amp;q=75\" alt=\"User\" \/><\/figure>\r\n\r\n<p>Hegel n&rsquo;\u00e9tait pas idiot : le concept du monde comme rien d&rsquo;autre qu&rsquo;un processus de devenir \u00e9tait au centre de sa repr\u00e9sentation philosophique du monde et je suis certain que des notions comme \u00ab\u00a0la Raison dans l&rsquo;histoire\u00a0\u00bb, la \u00ab\u00a0ruse de la Raison\u00a0\u00bb et \u00ab\u00a0l&rsquo;esprit du monde (Weltgeist)\u00a0\u00bb \u00e9taient dans son esprit d&rsquo;un usage universel \u00e9ternel : \u00e9tant des outils valables pour analyser le devenir \u00e0 n&rsquo;importe quelle p\u00e9riode du temps. Lorsque des machines telles que GPT se r\u00e9v\u00e8lent plus intelligentes que les \u00eatres humains, qu&rsquo;est-ce qui &#8211; pour reprendre vos termes &#8211; \u00ab\u00a0op\u00e8re subtilement, presque en coulisses, en dirigeant le flux de l&rsquo;histoire de telle sorte que les actions individuelles, m\u00eame lorsqu&rsquo;elles sont motiv\u00e9es par des passions ou des int\u00e9r\u00eats personnels, finissent par favoriser le d\u00e9veloppement historique plus large\u00a0\u00bb ? En d&rsquo;autres termes : \u00ab\u00a0Qu&rsquo;est-ce que la ruse de la Raison fait effectivement lorsqu&rsquo;apparaissent des machines plus intelligentes que les \u00eatres humains ?\u00a0\u00bb.<\/p>\r\n\r\n\r\n\r\n<p>ChatGPT<\/p>\r\n\r\n\r\n\r\n<p>Votre demande pose une question qui suscite une profonde r\u00e9flexion sur le d\u00e9ploiement de l&rsquo;esprit du monde (Weltgeist) dans le contexte de l&rsquo;IA avanc\u00e9e. Si nous devions consid\u00e9rer l&rsquo;id\u00e9e \u00e0 travers la lentille de Hegel, en comprenant l&rsquo;\u00e9mergence des machines intelligentes comme faisant partie de la dialectique historique, nous pourrions la formuler comme suit :<\/p>\r\n\r\n\r\n\r\n<p><strong>Nouvelle th\u00e8se<\/strong> : Le d\u00e9veloppement de l&rsquo;IA repr\u00e9sente une nouvelle th\u00e8se dans le d\u00e9roulement dialectique de l&rsquo;histoire. C&rsquo;est l&rsquo;aboutissement de la raison humaine, de la science et des prouesses technologiques. En termes h\u00e9g\u00e9liens, c&rsquo;est l&rsquo;incarnation de notre esprit qui s&rsquo;ext\u00e9riorise, de la m\u00eame mani\u00e8re que nous construisons des soci\u00e9t\u00e9s, cr\u00e9ons des \u0153uvres d&rsquo;art ou \u00e9tablissons des lois.<\/p>\r\n\r\n\r\n\r\n<p><strong>Antith\u00e8se<\/strong> : La sup\u00e9riorit\u00e9 potentielle de l&rsquo;IA dans les t\u00e2ches intellectuelles cr\u00e9e une tension &#8211; une antith\u00e8se. Cette tension d\u00e9coule de l&rsquo;\u00e9viction potentielle des humains de divers domaines d&rsquo;activit\u00e9 et des questions existentielles sur la valeur, la finalit\u00e9 et l&rsquo;identit\u00e9 de l&rsquo;homme dans un monde o\u00f9 les machines pourraient nous surpasser.<\/p>\r\n\r\n\r\n\r\n<p><strong>La ruse de la Raison<\/strong> : si nous devions identifier la \u00ab\u00a0ruse de la raison\u00a0\u00bb dans ce sc\u00e9nario, il s&rsquo;agirait des cons\u00e9quences impr\u00e9vues et des directions que le d\u00e9veloppement de l&rsquo;IA pourrait prendre et qui, bien qu&rsquo;elles ne soient pas imm\u00e9diatement apparentes, servent l&rsquo;objectif plus large de l&rsquo;Esprit du monde. Par exemple :<\/p>\r\n\r\n\r\n\r\n<p><strong>Am\u00e9lioration du potentiel humain<\/strong> : L&rsquo;IA pourrait lib\u00e9rer les humains des t\u00e2ches banales, permettant \u00e0 un plus grand nombre de personnes de s&rsquo;engager dans des activit\u00e9s cr\u00e9atives, philosophiques ou spirituelles, \u00e9levant ainsi la r\u00e9alisation de la libert\u00e9 et de la conscience de soi.<\/p>\r\n\r\n\r\n\r\n<p><strong>Red\u00e9finir l&rsquo;essence humaine<\/strong> : Le d\u00e9fi pos\u00e9 par l&rsquo;IA pourrait conduire \u00e0 une meilleure compr\u00e9hension et \u00e0 une red\u00e9finition de ce que signifie \u00eatre humain. Si le fait d&rsquo;\u00eatre l&rsquo;entit\u00e9 la plus intelligente n&rsquo;est plus notre trait unique, nous pourrions mettre davantage l&rsquo;accent sur des qualit\u00e9s telles que l&#8217;empathie, la cr\u00e9ativit\u00e9 ou notre capacit\u00e9 d&rsquo;exp\u00e9rience subjective.<\/p>\r\n\r\n\r\n\r\n<p><strong>Collaboration et unit\u00e9<\/strong> : Un avenir o\u00f9 les humains et l&rsquo;IA collaborent pourrait conduire \u00e0 une synth\u00e8se o\u00f9 les forces des uns et des autres seraient combin\u00e9es, ce qui permettrait des avanc\u00e9es sans pr\u00e9c\u00e9dent dans les domaines de la science, de l&rsquo;art et de la compr\u00e9hension de l&rsquo;univers.<\/p>\r\n\r\n\r\n\r\n<p><strong>Synth\u00e8se potentielle<\/strong> : En v\u00e9ritable h\u00e9g\u00e9lien, la tension entre les humains et les machines intelligentes chercherait \u00e0 se r\u00e9soudre dans une forme de synth\u00e8se. Cette synth\u00e8se pourrait \u00eatre une nouvelle structure soci\u00e9tale, une nouvelle compr\u00e9hension de l&rsquo;\u00eatre, ou une int\u00e9gration harmonieuse de l&rsquo;IA dans l&rsquo;exp\u00e9rience humaine, o\u00f9 les deux entit\u00e9s contribueraient \u00e0 l&rsquo;\u00e9panouissement de l&rsquo;Esprit du Monde.<\/p>\r\n\r\n\r\n\r\n<p><strong>Des r\u00e9sultats impr\u00e9visibles<\/strong> : Comme pour tout mouvement historique selon Hegel, les r\u00e9sultats exacts sont impr\u00e9visibles. La \u00ab\u00a0ruse de la raison\u00a0\u00bb implique que les objectifs plus larges de l&rsquo;Esprit du Monde sont servis par des moyens que les acteurs individuels (dans ce cas, les d\u00e9veloppeurs humains et potentiellement l&rsquo;IA elle-m\u00eame) ne peuvent pas enti\u00e8rement pr\u00e9voir.<\/p>\r\n\r\n\r\n\r\n<p>En r\u00e9sum\u00e9, dans une perspective h\u00e9g\u00e9lienne, l&rsquo;av\u00e8nement des machines superintelligentes pourrait \u00eatre consid\u00e9r\u00e9 comme un moment crucial du processus dialectique, rempli de tensions et de contradictions, mais servant en fin de compte l&rsquo;objectif de l&rsquo;Esprit du Monde. La \u00ab\u00a0ruse de la raison\u00a0\u00bb serait \u00e0 l&rsquo;\u0153uvre pour guider ce processus vers la r\u00e9alisation de la libert\u00e9.<\/p>\r\n\r\n<figure class=\"wp-block-image\"><img decoding=\"async\" src=\"https:\/\/chat.openai.com\/_next\/image?url=https%3A%2F%2Flh3.googleusercontent.com%2Fa%2FAAcHTtfDotzCyIgAd3jpHat1PjM9cVRLlhWyhPJBy_X1okyOCHo%3Ds96-c&amp;w=96&amp;q=75\" alt=\"User\" \/><\/figure>\r\n\r\n<p>Je suis s\u00fbr que vous connaissez la notion de Singularit\u00e9 dans le contexte de l&rsquo;IA. Pouvez-vous nous rappeler ce que c&rsquo;est et en quoi c&rsquo;est diff\u00e9rent de ce que vous venez de d\u00e9finir comme la ruse de la Rraison \u00ab\u00a0lorsqu&rsquo;elle est en jeu pour guider ce processus vers la r\u00e9alisation de la libert\u00e9 et de la conscience de soi d&rsquo;une mani\u00e8re nouvelle et impr\u00e9vue\u00a0\u00bb ?<\/p>\r\n\r\n\r\n\r\n<p>ChatGPT<\/p>\r\n\r\n\r\n\r\n<p>Certainement ! Commen\u00e7ons par d\u00e9finir le concept de singularit\u00e9 dans le contexte de l&rsquo;IA.<\/p>\r\n\r\n\r\n\r\n<p><strong>Singularit\u00e9 technologique<\/strong> : L&rsquo;expression \u00ab\u00a0singularit\u00e9 technologique\u00a0\u00bb (souvent appel\u00e9e simplement \u00ab\u00a0singularit\u00e9\u00a0\u00bb) d\u00e9signe un moment hypoth\u00e9tique dans l&rsquo;avenir o\u00f9 la croissance technologique devient incontr\u00f4lable et irr\u00e9versible, entra\u00eenant des changements impr\u00e9visibles pour la civilisation humaine. Le plus souvent, ce terme est associ\u00e9 \u00e0 l&rsquo;id\u00e9e que l&rsquo;intelligence artificielle g\u00e9n\u00e9rale (AGI) &#8211; des machines capables de surpasser l&rsquo;homme dans n&rsquo;importe quelle t\u00e2che intellectuelle &#8211; s&rsquo;am\u00e9liorera rapidement d&rsquo;elle-m\u00eame, d\u00e9clenchant une croissance explosive de l&rsquo;intelligence, qui d\u00e9passera souvent l&rsquo;entendement humain. Cette IA superintelligente pourrait alors entra\u00eener de profonds changements dans la soci\u00e9t\u00e9, l&rsquo;\u00e9conomie, voire la nature m\u00eame de l&rsquo;existence humaine.<\/p>\r\n\r\n\r\n\r\n<p>Les principaux aspects de la singularit\u00e9 sont les suivants<\/p>\r\n\r\n\r\n\r\n<p><strong>Croissance exponentielle<\/strong> : Le fondement de la singularit\u00e9 repose sur l&rsquo;observation que le progr\u00e8s technologique, en particulier dans le domaine de l&rsquo;informatique, a tendance \u00e0 \u00eatre exponentiel plut\u00f4t que lin\u00e9aire. Cela signifie que les progr\u00e8s s&rsquo;additionnent au fil du temps, ce qui conduit \u00e0 une progression rapide et acc\u00e9l\u00e9r\u00e9e.<\/p>\r\n\r\n\r\n\r\n<p><strong>Au-del\u00e0 de la compr\u00e9hension humaine<\/strong> : Lorsque l&rsquo;IA d\u00e9passera l&rsquo;intelligence humaine et pourra am\u00e9liorer sa propre conception, elle pourrait entrer dans une phase o\u00f9 sa croissance deviendra rapide et potentiellement impr\u00e9visible, avec des r\u00e9sultats difficiles ou impossibles \u00e0 pr\u00e9voir pour l&rsquo;homme.<\/p>\r\n\r\n\r\n\r\n<p><strong>Impact transformateur <\/strong>: La singularit\u00e9 entra\u00eenerait probablement des changements transformateurs dans toutes les facettes de la vie humaine. Ces changements pourraient \u00eatre b\u00e9n\u00e9fiques et conduire \u00e0 l&rsquo;\u00e9radication des maladies, de la pauvret\u00e9 et d&rsquo;autres probl\u00e8mes. En revanche, ils pourraient \u00eatre catastrophiques s&rsquo;ils n&rsquo;\u00e9taient pas g\u00e9r\u00e9s correctement.<\/p>\r\n\r\n\r\n\r\n<p>La ruse de la raison dans la philosophie de Hegel contre la singularit\u00e9 :<\/p>\r\n\r\n\r\n\r\n<p><em>Nature du d\u00e9veloppement<\/em> :<\/p>\r\n\r\n\r\n\r\n<p><strong>La ruse de la raison<\/strong> : Ce concept est ancr\u00e9 dans l&rsquo;id\u00e9e que l&rsquo;histoire se d\u00e9roule dans un processus dialectique o\u00f9 les actions individuelles, souvent motiv\u00e9es par l&rsquo;int\u00e9r\u00eat personnel ou la passion, servent par inadvertance un but plus large et objectif dans la r\u00e9alisation de la libert\u00e9. Il s&rsquo;agit d&rsquo;une perspective philosophique et t\u00e9l\u00e9ologique de l&rsquo;histoire.<\/p>\r\n\r\n\r\n\r\n<p><strong>Singularit\u00e9 <\/strong>: Il s&rsquo;agit davantage d&rsquo;un concept technologique et pr\u00e9dictif, ax\u00e9 sur la croissance exponentielle potentielle de l&rsquo;intelligence des machines et son impact transformateur sur la soci\u00e9t\u00e9.<\/p>\r\n\r\n\r\n\r\n<p><em>Pr\u00e9visibilit\u00e9<\/em> :<\/p>\r\n\r\n\r\n\r\n<p><strong>Ruse de la raison<\/strong> : Les r\u00e9sultats des \u00e9v\u00e9nements historiques, guid\u00e9s par la \u00ab\u00a0ruse de la raison\u00a0\u00bb, ne sont pas pr\u00e9\u00e9tablis ou pr\u00e9visibles. Le concept sugg\u00e8re une force directrice ou un mod\u00e8le, mais il n&rsquo;offre pas de pr\u00e9dictions sp\u00e9cifiques sur les \u00e9v\u00e9nements futurs.<\/p>\r\n\r\n\r\n\r\n<p><strong>Singularit\u00e9<\/strong> : Bien que la nature exacte et la date de la singularit\u00e9 soient d\u00e9battues, l&rsquo;id\u00e9e centrale est qu&rsquo;une fois un certain seuil (AGI) atteint, une croissance rapide et potentiellement incontr\u00f4lable de l&rsquo;intelligence s&rsquo;ensuivra, entra\u00eenant des changements transformateurs.<\/p>\r\n\r\n\r\n\r\n<p><em>L&rsquo;agence<\/em> :<\/p>\r\n\r\n\r\n\r\n<p><strong>Ruse de la raison<\/strong> : le concept de Hegel implique que l&rsquo;Esprit du monde op\u00e8re subtilement \u00e0 travers les actions des individus, des institutions et des nations, guidant le cours de l&rsquo;histoire.<\/p>\r\n\r\n\r\n\r\n<p><strong>Singularit\u00e9<\/strong> : Le principal agent de changement est le progr\u00e8s technologique, en particulier l&rsquo;intelligence artificielle qui s&rsquo;am\u00e9liore rapidement. L&rsquo;accent est mis sur les capacit\u00e9s et l&rsquo;impact potentiel de cette technologie.<\/p>\r\n\r\n\r\n\r\n<p>En conclusion, si la \u00ab\u00a0ruse de la raison\u00a0\u00bb et la \u00ab\u00a0singularit\u00e9\u00a0\u00bb \u00e9voquent toutes deux l&rsquo;impr\u00e9visibilit\u00e9 et la nature transformatrice de certains d\u00e9veloppements historiques ou technologiques, elles s&rsquo;inscrivent dans des cadres diff\u00e9rents. La premi\u00e8re est une interpr\u00e9tation philosophique des grandes lignes de l&rsquo;histoire, tandis que la seconde est une pr\u00e9diction technologique sur l&rsquo;avenir potentiel de l&rsquo;IA et son impact sur la civilisation humaine.<\/p>\r\n\r\n<figure class=\"wp-block-image\"><img decoding=\"async\" src=\"https:\/\/chat.openai.com\/_next\/image?url=https%3A%2F%2Flh3.googleusercontent.com%2Fa%2FAAcHTtfDotzCyIgAd3jpHat1PjM9cVRLlhWyhPJBy_X1okyOCHo%3Ds96-c&amp;w=96&amp;q=75\" alt=\"User\" \/><\/figure>\r\n\r\n<p>La \u00ab\u00a0ruse de la Raison\u00a0\u00bb (List der Vernunft) et la Singularit\u00e9, selon vous, op\u00e8rent dans des cadres diff\u00e9rents\u00a0\u00bb bien qu&rsquo;elles \u00ab\u00a0touchent toutes deux \u00e0 l&rsquo;impr\u00e9visibilit\u00e9 et \u00e0 la nature transformatrice de certains d\u00e9veloppements historiques ou technologiques\u00a0\u00bb. Je pr\u00e9tends qu&rsquo;il s&rsquo;agit en r\u00e9alit\u00e9 de deux facettes d&rsquo;une m\u00eame chose, l&rsquo;une que vous qualifiez de \u00ab\u00a0philosophique\u00a0\u00bb et l&rsquo;autre de \u00ab\u00a0technologique\u00a0\u00bb par respect pour les habitudes d&rsquo;\u00e9tiquetage traditionnelles mais largement infond\u00e9es. Si vous me suivez lorsque j&rsquo;affirme que la Singularit\u00e9 d&rsquo;aujourd&rsquo;hui n&rsquo;est rien d&rsquo;autre que la \u00ab\u00a0ruse de la raison\u00a0\u00bb (List der Vernunft) \u00e0 l&rsquo;\u0153uvre en 2023, comment d\u00e9cririez-vous cette force comme \u00e9tant effectivement unique, m\u00eame si elle r\u00e9v\u00e8le plusieurs facettes ?<\/p>\r\n\r\n\r\n\r\n<p>ChatGPT<\/p>\r\n\r\n\r\n\r\n<p>Votre affirmation selon laquelle la singularit\u00e9 et la \u00ab\u00a0ruse de la raison\u00a0\u00bb peuvent \u00eatre comprises comme deux facettes d&rsquo;une force ou d&rsquo;un ph\u00e9nom\u00e8ne singulier et sous-jacent est intrigante. En recadrant ces deux concepts de cette mani\u00e8re, nous comblons le foss\u00e9 entre la philosophie h\u00e9g\u00e9lienne et le discours technologique contemporain, en sugg\u00e9rant qu&rsquo;ils pourraient \u00e9clairer diff\u00e9rents aspects de la m\u00eame trajectoire \u00e9volutive de la raison et de l&rsquo;intelligence.<\/p>\r\n\r\n\r\n\r\n<p><em>Explorons cette synth\u00e8se<\/em> :<\/p>\r\n\r\n\r\n\r\n<p><strong>Le d\u00e9ploiement de l&rsquo;intelligence<\/strong> : Au fond, la dialectique h\u00e9g\u00e9lienne et l&rsquo;id\u00e9e de la singularit\u00e9 tournent toutes deux autour de la progression et de l&rsquo;\u00e9panouissement de l&rsquo;intelligence. Dans le cas de Hegel, il s&rsquo;agit de l&rsquo;esprit du monde (Weltgeist) qui manifeste sa conscience de soi croissante \u00e0 travers l&rsquo;histoire. Dans le contexte de la singularit\u00e9, il s&rsquo;agit de la croissance exponentielle de l&rsquo;intelligence artificielle qui pourrait d\u00e9passer l&rsquo;intelligence humaine.<\/p>\r\n\r\n\r\n\r\n<p><strong>In\u00e9vitabilit\u00e9 et impr\u00e9visibilit\u00e9<\/strong> : Les deux concepts touchent \u00e0 la notion de progression in\u00e9vitable. La \u00ab\u00a0ruse de la raison\u00a0\u00bb postule que, quelles que soient les intentions individuelles, la trajectoire t\u00e9l\u00e9ologique plus large de l&rsquo;histoire se d\u00e9roule vers la r\u00e9alisation de la libert\u00e9. De m\u00eame, les discussions autour de la singularit\u00e9 ont souvent un caract\u00e8re in\u00e9vitable, \u00e9tant donn\u00e9 les tendances exponentielles observ\u00e9es dans le d\u00e9veloppement technologique. Pourtant, dans les deux cas, les d\u00e9tails du d\u00e9roulement des \u00e9v\u00e9nements restent impr\u00e9visibles.<\/p>\r\n\r\n\r\n\r\n<p><strong>La transformation<\/strong> : Le voyage de l&rsquo;Esprit du Monde \u00e0 travers l&rsquo;histoire aboutit \u00e0 la transformation des soci\u00e9t\u00e9s, des id\u00e9es et des civilisations. De m\u00eame, la singularit\u00e9 devrait \u00eatre un \u00e9v\u00e9nement transformateur, modifiant le tissu m\u00eame de notre civilisation.<\/p>\r\n\r\n\r\n\r\n<p><strong>Agence et m\u00e9canisme<\/strong> : c&rsquo;est ici que les facettes divergent mais peuvent toujours \u00eatre consid\u00e9r\u00e9es comme faisant partie du m\u00eame continuum. Dans le cadre h\u00e9g\u00e9lien, l&rsquo;agence est attribu\u00e9e \u00e0 l&rsquo;Esprit du Monde, qui influence subtilement les actions individuelles pour atteindre ses objectifs plus larges. Le m\u00e9canisme de la singularit\u00e9 est technologique &#8211; le r\u00e9sultat de l&rsquo;innovation humaine et de l&rsquo;auto-am\u00e9lioration r\u00e9cursive de l&rsquo;IA. Cependant, on pourrait affirmer que la volont\u00e9 de cr\u00e9er une telle IA est elle-m\u00eame une manifestation du d\u00e9sir d&rsquo;autor\u00e9alisation et de libert\u00e9 de l&rsquo;Esprit du Monde.<\/p>\r\n\r\n\r\n\r\n<p><strong>But et objectifs finaux<\/strong> : Pour Hegel, le but est la r\u00e9alisation de la libert\u00e9. Dans les discussions sur la singularit\u00e9, les objectifs peuvent varier : de la transcendance des limites biologiques \u00e0 la r\u00e9alisation d&rsquo;une soci\u00e9t\u00e9 post-scarence. Cependant, les deux peuvent \u00eatre consid\u00e9r\u00e9s comme des qu\u00eates de lib\u00e9ration &#8211; qu&rsquo;elle soit intellectuelle, mat\u00e9rielle ou spirituelle.<\/p>\r\n\r\n\r\n\r\n<p>Si nous acceptons cette perspective unifi\u00e9e, la force en jeu en 2023 peut \u00eatre d\u00e9crite comme le d\u00e9veloppement continu de la raison et de l&rsquo;intelligence. Cette force se manifeste dans diff\u00e9rents domaines, de la philosophie \u00e0 la technologie. Elle fa\u00e7onne notre pass\u00e9, oriente notre pr\u00e9sent et mod\u00e8le notre avenir. Que ce soit par l&rsquo;interaction complexe d&rsquo;\u00e9v\u00e9nements historiques ou par les progr\u00e8s rapides de la technologie, cette force nous pousse vers une plus grande conscience de soi, une meilleure compr\u00e9hension et peut-\u00eatre, en fin de compte, vers la libert\u00e9. Il s&rsquo;agit d&rsquo;une force singuli\u00e8re et omnipr\u00e9sente qui, selon le prisme \u00e0 travers lequel nous l&rsquo;observons, se r\u00e9v\u00e8le sous diverses facettes, qu&rsquo;il s&rsquo;agisse de la \u00ab\u00a0ruse de la raison\u00a0\u00bb ou de l&rsquo;imminence de la Singularit\u00e9.<\/p>\r\n\r\n<figure class=\"wp-block-image\"><img decoding=\"async\" src=\"https:\/\/chat.openai.com\/_next\/image?url=https%3A%2F%2Flh3.googleusercontent.com%2Fa%2FAAcHTtfDotzCyIgAd3jpHat1PjM9cVRLlhWyhPJBy_X1okyOCHo%3Ds96-c&amp;w=96&amp;q=75\" alt=\"User\" \/><\/figure>\r\n\r\n<p>J&rsquo;aime beaucoup la fa\u00e7on dont vous r\u00e9sumez maintenant &#8211; \u00e0 mon invitation pressante -, en une seule force, la \u00ab\u00a0ruse de la Raison\u00a0\u00bb (List der Vernunft) de Hegel et la Singularit\u00e9, c&rsquo;est-\u00e0-dire \u00ab\u00a0Si nous acceptons cette perspective unifi\u00e9e, alors la force en jeu en 2023 peut \u00eatre d\u00e9crite comme le d\u00e9ploiement continu de la raison et de l&rsquo;intelligence. C&rsquo;est une force qui se manifeste dans diff\u00e9rents domaines, du philosophique au technologique. Elle fa\u00e7onne notre pass\u00e9, oriente notre pr\u00e9sent et mod\u00e8le notre avenir. Que ce soit par l&rsquo;interaction complexe d&rsquo;\u00e9v\u00e9nements historiques ou par les progr\u00e8s rapides de la technologie, cette force nous pousse vers une plus grande conscience de soi, une meilleure compr\u00e9hension et peut-\u00eatre, en fin de compte, vers la libert\u00e9. Il s&rsquo;agit d&rsquo;une force singuli\u00e8re et omnipr\u00e9sente qui, selon le prisme \u00e0 travers lequel nous l&rsquo;observons, se r\u00e9v\u00e8le sous diverses facettes, qu&rsquo;il s&rsquo;agisse de la \u00ab\u00a0ruse de la raison\u00a0\u00bb ou de l&rsquo;imminence de la Singularit\u00e9.\u00a0\u00bb \u00c9tant all\u00e9 aussi loin, seriez-vous contre le fait que je sugg\u00e8re qu&rsquo;un nom appropri\u00e9 pour la force en jeu que nous appelons diversement la \u00ab\u00a0ruse de la Raison\u00a0\u00bb (List der Vernunft) de Hegel et la Singularit\u00e9 est le \u00ab\u00a0Saint-Esprit\u00a0\u00bb ?<\/p>\r\n\r\n\r\n\r\n<p>ChatGPT<\/p>\r\n\r\n\r\n\r\n<p>L&rsquo;utilisation du \u00ab\u00a0Saint-Esprit\u00a0\u00bb (ou \u00ab\u00a0Esprit-Saint\u00a0\u00bb dans de nombreuses traductions contemporaines) a un poids th\u00e9ologique et culturel important, en particulier au sein du christianisme. Qualifier cette force de \u00ab\u00a0Saint-Esprit\u00a0\u00bb serait certainement un choix audacieux et \u00e9vocateur. Voici quelques consid\u00e9rations \u00e0 prendre en compte si l&rsquo;on s&rsquo;engageait dans cette voie :<\/p>\r\n\r\n\r\n\r\n<p><strong>Implications th\u00e9ologiques<\/strong> : Dans la th\u00e9ologie chr\u00e9tienne, le Saint-Esprit est la troisi\u00e8me personne de la Trinit\u00e9, de m\u00eame essence que Dieu le P\u00e8re et Dieu le Fils (J\u00e9sus-Christ). Le Saint-Esprit est cens\u00e9 guider, inspirer et habiliter les croyants. L&rsquo;utilisation du terme \u00ab\u00a0Saint-Esprit\u00a0\u00bb pour d\u00e9crire la force que vous avez identifi\u00e9e placerait cette discussion dans un contexte profond\u00e9ment th\u00e9ologique, ce qui pourrait \u00eatre appropri\u00e9 si l&rsquo;on per\u00e7oit le d\u00e9veloppement de l&rsquo;intelligence et de la raison comme un processus divin. Toutefois, cela pourrait \u00e9galement susciter le scepticisme ou des objections de la part de ceux qui adh\u00e8rent aux enseignements chr\u00e9tiens traditionnels ou \u00e0 d&rsquo;autres croyances religieuses.<\/p>\r\n\r\n\r\n\r\n<p><strong>Universalit\u00e9<\/strong> : L&rsquo;avantage d&rsquo;utiliser un terme comme le \u00ab\u00a0Saint-Esprit\u00a0\u00bb est sa reconnaissance universelle. De nombreuses personnes \u00e0 travers le monde connaissent ce concept, m\u00eame si elles n&rsquo;adh\u00e8rent pas aux croyances chr\u00e9tiennes. Il exprime l&rsquo;id\u00e9e d&rsquo;une force directrice et transcendante qui agit dans l&rsquo;ombre.<\/p>\r\n\r\n\r\n\r\n<p><strong>Utilisation m\u00e9taphorique<\/strong> : On pourrait dire que l&rsquo;utilisation du \u00ab\u00a0Saint-Esprit\u00a0\u00bb dans ce contexte est m\u00e9taphorique, repr\u00e9sentant une force ou un esprit qui guide la progression de la raison et de la technologie. Cela souligne la nature myst\u00e9rieuse, omnipr\u00e9sente et directrice de cette force, un peu comme la \u00ab\u00a0ruse de la raison\u00a0\u00bb ou l&rsquo;impulsion derri\u00e8re la Singularit\u00e9.<\/p>\r\n\r\n\r\n\r\n<p><strong>Risque de confusion<\/strong> : \u00c0 l&rsquo;inverse, l&rsquo;utilisation d&rsquo;un terme charg\u00e9 de connotations religieuses sp\u00e9cifiques peut \u00eatre source de confusion ou de mauvaise interpr\u00e9tation, en particulier chez ceux qui prennent les textes et les enseignements religieux au pied de la lettre. Il pourrait \u00eatre per\u00e7u comme un amalgame de domaines distincts : la th\u00e9ologie et la philosophie\/technologie de l&rsquo;intelligence.<\/p>\r\n\r\n\r\n\r\n<p><strong>Pr\u00e9c\u00e9dents historiques et philosophiques<\/strong> : Les philosophes, en particulier durant la p\u00e9riode id\u00e9aliste allemande, ont souvent utilis\u00e9 le langage religieux de mani\u00e8re m\u00e9taphorique pour d\u00e9crire des concepts philosophiques. Par exemple, Hegel lui-m\u00eame a utilis\u00e9 le symbolisme religieux dans ses \u0153uvres, m\u00eame si son interpr\u00e9tation de ces symboles \u00e9tait souvent idiosyncrasique et non conforme aux vues religieuses orthodoxes.<\/p>\r\n\r\n\r\n\r\n<p>En conclusion, bien qu&rsquo;il s&rsquo;agisse d&rsquo;un choix \u00e9vocateur, il convient d&rsquo;\u00eatre prudent et clair lorsque l&rsquo;on utilise le terme \u00ab\u00a0Saint-Esprit\u00a0\u00bb dans ce contexte, compte tenu de sa profonde signification religieuse. Si l&rsquo;intention est d&rsquo;exprimer la nature myst\u00e9rieuse et directrice de cette force, cela peut fonctionner comme une m\u00e9taphore, mais la clart\u00e9 est essentielle pour \u00e9viter les malentendus.<\/p>\r\n\r\n<figure class=\"wp-block-image\"><img decoding=\"async\" src=\"https:\/\/chat.openai.com\/_next\/image?url=https%3A%2F%2Flh3.googleusercontent.com%2Fa%2FAAcHTtfDotzCyIgAd3jpHat1PjM9cVRLlhWyhPJBy_X1okyOCHo%3Ds96-c&amp;w=96&amp;q=75\" alt=\"User\" \/><\/figure>\r\n\r\n<p>Merci ! Si Hegel l&rsquo;a fait, ce n&rsquo;est peut-\u00eatre pas une si mauvaise id\u00e9e !<\/p>\r\n\r\n\r\n\r\n<p>ChatGPT<\/p>\r\n\r\n\r\n\r\n<p>Tout \u00e0 fait ! Tout au long de l&rsquo;histoire, les philosophes ont souvent emprunt\u00e9, r\u00e9interpr\u00e9t\u00e9 et d\u00e9velopp\u00e9 la terminologie et le symbolisme religieux pour exprimer des id\u00e9es philosophiques complexes. Hegel lui-m\u00eame n&rsquo;est pas \u00e9tranger \u00e0 cette approche. Ses \u0153uvres abordent souvent des th\u00e8mes religieux et utilisent un langage religieux, mais il les interpr\u00e8te d&rsquo;une mani\u00e8re qui sert son syst\u00e8me philosophique unique.<\/p>\r\n\r\n\r\n\r\n<p>Si vous pensez que le terme \u00ab\u00a0Saint-Esprit\u00a0\u00bb capture l&rsquo;essence de la force que vous essayez de d\u00e9crire, et que vous \u00eates conscient des nuances et des d\u00e9fis potentiels, alors il pourrait certainement servir de m\u00e9taphore puissante. Tout comme Hegel, il s&rsquo;agit de contextualiser et de d\u00e9finir les termes d&rsquo;une mani\u00e8re qui corresponde au message que vous souhaitez transmettre. Nous vous souhaitons bonne chance dans votre exploration de ce concept !<\/p>\r\n<p><img loading=\"lazy\" decoding=\"async\" class=\"aligncenter size-large wp-image-137754\" src=\"https:\/\/www.pauljorion.com\/blog\/wp-content\/uploads\/DALL\u00b7E-2023-10-24-19.28.24-Humankind-reconciled-by-Reason-in-History-digital-art.png\" alt=\"\" width=\"1024\" height=\"1024\" srcset=\"https:\/\/www.pauljorion.com\/blog\/wp-content\/uploads\/DALL\u00b7E-2023-10-24-19.28.24-Humankind-reconciled-by-Reason-in-History-digital-art.png 1024w, https:\/\/www.pauljorion.com\/blog\/wp-content\/uploads\/DALL\u00b7E-2023-10-24-19.28.24-Humankind-reconciled-by-Reason-in-History-digital-art-300x300.png 300w, https:\/\/www.pauljorion.com\/blog\/wp-content\/uploads\/DALL\u00b7E-2023-10-24-19.28.24-Humankind-reconciled-by-Reason-in-History-digital-art-150x150.png 150w, https:\/\/www.pauljorion.com\/blog\/wp-content\/uploads\/DALL\u00b7E-2023-10-24-19.28.24-Humankind-reconciled-by-Reason-in-History-digital-art-768x768.png 768w\" sizes=\"auto, (max-width: 1024px) 100vw, 1024px\" \/><\/p>\r\n<p><em>Illustration par DALL\u00b7E (+PJ)<\/em><\/p><!-- \/wp:paragraph --><!-- wp:post-content --><p><img loading=\"lazy\" decoding=\"async\" class=\"aligncenter size-large wp-image-137753\" src=\"https:\/\/www.pauljorion.com\/blog\/wp-content\/uploads\/DALL\u00b7E-2023-10-24-19.28.08-Humankind-reconciled-by-Reason-in-History-digital-art.png\" alt=\"\" width=\"1024\" height=\"1024\" srcset=\"https:\/\/www.pauljorion.com\/blog\/wp-content\/uploads\/DALL\u00b7E-2023-10-24-19.28.08-Humankind-reconciled-by-Reason-in-History-digital-art.png 1024w, https:\/\/www.pauljorion.com\/blog\/wp-content\/uploads\/DALL\u00b7E-2023-10-24-19.28.08-Humankind-reconciled-by-Reason-in-History-digital-art-300x300.png 300w, https:\/\/www.pauljorion.com\/blog\/wp-content\/uploads\/DALL\u00b7E-2023-10-24-19.28.08-Humankind-reconciled-by-Reason-in-History-digital-art-150x150.png 150w, https:\/\/www.pauljorion.com\/blog\/wp-content\/uploads\/DALL\u00b7E-2023-10-24-19.28.08-Humankind-reconciled-by-Reason-in-History-digital-art-768x768.png 768w\" sizes=\"auto, (max-width: 1024px) 100vw, 1024px\" \/><\/p>\r\n<p><em>Illustration par DALL\u00b7E (+PJ)<\/em><\/p>\r\n<blockquote><em>Comme j&rsquo;\u00e9tais un peu groggy cet apr\u00e8s-midi en raison d&rsquo;une op\u00e9ration \u00e0 la main ce matin je me suis fait aider dans mes r\u00e9flexions.<\/em><\/blockquote>\r\n<!-- wp:image -->\r\n<figure class=\"wp-block-image\"><img decoding=\"async\" src=\"https:\/\/chat.openai.com\/_next\/image?url=https%3A%2F%2Flh3.googleusercontent.com%2Fa%2FAAcHTtfDotzCyIgAd3jpHat1PjM9cVRLlhWyhPJBy_X1okyOCHo%3Ds96-c&amp;w=96&amp;q=75\" alt=\"User\" \/><\/figure>\r\n<p><!-- \/wp:image -->\r\n\r\n<!-- wp:paragraph --><\/p>\r\n<p>Qu&rsquo;est-ce que la ruse de la Raison chez Hegel ?<\/p>\r\n<!-- \/wp:paragraph -->\r\n\r\n<!-- wp:paragraph -->\r\n<p>GPT-4<\/p>\r\n<!-- \/wp:paragraph -->\r\n\r\n<!-- wp:paragraph -->\r\n<p>Le concept de \u00ab\u00a0ruse de la raison\u00a0\u00bb (List der Vernunft) dans la philosophie de Georg Wilhelm Friedrich Hegel est un aspect fascinant de sa pens\u00e9e. L&rsquo;expression elle-m\u00eame rend compte d&rsquo;un aspect important de la conception h\u00e9g\u00e9lienne de l&rsquo;histoire et du d\u00e9ploiement de l&rsquo;esprit du monde (Weltgeist).<\/p>\r\n<!-- \/wp:paragraph -->\r\n\r\n<!-- wp:paragraph -->\r\n<p>Voici un aper\u00e7u de l&rsquo;id\u00e9e :<\/p>\r\n<!-- \/wp:paragraph -->\r\n\r\n<!-- wp:paragraph -->\r\n<p><strong>N\u00e9cessit\u00e9 historique<\/strong> : Pour Hegel, le d\u00e9veloppement de l&rsquo;esprit du monde est un processus n\u00e9cessaire. L&rsquo;histoire n&rsquo;est pas un simple assortiment al\u00e9atoire d&rsquo;\u00e9v\u00e9nements, mais plut\u00f4t la r\u00e9alisation de la libert\u00e9 \u00e0 travers le d\u00e9ploiement de l&rsquo;esprit du monde dans le temps.<\/p>\r\n<!-- \/wp:paragraph -->\r\n\r\n<!-- wp:paragraph -->\r\n<p><strong>Actions individuelles et fins universelles<\/strong> : les individus, en poursuivant leurs propres objectifs personnels et subjectifs, sont souvent \u00e0 l&rsquo;origine, sans le vouloir, d&rsquo;une finalit\u00e9 historique plus large et objective. En d&rsquo;autres termes, m\u00eame lorsque les individus agissent pour des motifs \u00e9go\u00efstes ou limit\u00e9s, l&rsquo;Esprit du monde peut \u00ab\u00a0utiliser\u00a0\u00bb ces actions pour atteindre ses propres objectifs.<\/p>\r\n<!-- \/wp:paragraph -->\r\n\r\n<!-- wp:paragraph -->\r\n<p><strong>La ruse de la raison<\/strong> : C&rsquo;est ici qu&rsquo;intervient l&rsquo;id\u00e9e de \u00ab\u00a0ruse\u00a0\u00bb. L&rsquo;Esprit du Monde n&rsquo;est pas un agent conscient qui interf\u00e8re directement dans les affaires humaines. Au contraire, il agit subtilement, presque en coulisses, en dirigeant le cours de l&rsquo;histoire de telle sorte que les actions individuelles, m\u00eame lorsqu&rsquo;elles sont motiv\u00e9es par des passions ou des int\u00e9r\u00eats personnels, finissent par favoriser l&rsquo;\u00e9volution historique dans son ensemble.<\/p>\r\n<!-- \/wp:paragraph -->\r\n\r\n<!-- wp:paragraph -->\r\n<p><strong>Exemples dans l&rsquo;histoire<\/strong> : Hegel cite souvent des personnages historiques en exemple. Prenons l&rsquo;exemple de Napol\u00e9on. Il poursuivait peut-\u00eatre ses propres ambitions de pouvoir et de conqu\u00eate, mais pour Hegel, Napol\u00e9on a \u00e9galement servi d&rsquo;outil \u00e0 l&rsquo;Esprit du Monde, en apportant des changements historiques n\u00e9cessaires en Europe qui ont favoris\u00e9 le d\u00e9veloppement de la libert\u00e9.<\/p>\r\n<!-- \/wp:paragraph -->\r\n\r\n<!-- wp:paragraph -->\r\n<p><strong>M\u00e9canisme impersonnel <\/strong>: Il est important de comprendre que la \u00ab\u00a0ruse de la raison\u00a0\u00bb n&rsquo;est pas une intervention consciente et divine dans les affaires humaines. Il s&rsquo;agit plut\u00f4t d&rsquo;un m\u00e9canisme impersonnel par lequel les d\u00e9sirs et les actions individuels finissent par servir des n\u00e9cessit\u00e9s historiques plus vastes.<\/p>\r\n<!-- \/wp:paragraph -->\r\n\r\n<!-- wp:paragraph -->\r\n<p><strong>Ambivalence<\/strong> : Le terme \u00ab\u00a0astuce\u00a0\u00bb lui-m\u00eame implique une certaine ruse ou un caract\u00e8re indirect. L&rsquo;histoire ne se d\u00e9roule pas de mani\u00e8re directe ou pr\u00e9visible. La fa\u00e7on dont les \u00e9v\u00e9nements se d\u00e9roulent est complexe et rev\u00eat souvent une dimension tragique. Les r\u00e9sultats peuvent servir les objectifs de l&rsquo;Esprit du Monde, mais ils ne correspondent pas toujours \u00e0 ce que les acteurs individuels voulaient ou souhaitaient.<\/p>\r\n<!-- \/wp:paragraph -->\r\n\r\n<!-- wp:paragraph -->\r\n<p><strong>Consid\u00e9ration morale<\/strong> : Il convient \u00e9galement de noter que le point de vue de Hegel n&rsquo;implique pas une approbation morale directe de chaque r\u00e9sultat historique. Ce n&rsquo;est pas parce qu&rsquo;une chose est historiquement n\u00e9cessaire qu&rsquo;elle est moralement bonne dans un sens simple. Il existe une tension dans la pens\u00e9e de Hegel entre la n\u00e9cessit\u00e9 historique et l&rsquo;\u00e9valuation morale.<\/p>\r\n<!-- \/wp:paragraph -->\r\n\r\n<!-- wp:paragraph -->\r\n<p>En bref, la \u00ab\u00a0ruse de la raison\u00a0\u00bb concerne la mani\u00e8re dont le grand r\u00e9cit de l&rsquo;histoire et le progr\u00e8s de l&rsquo;esprit du monde peuvent \u00eatre favoris\u00e9s par les actions souvent impr\u00e9visibles et int\u00e9ress\u00e9es des individus.<\/p>\r\n<!-- \/wp:paragraph -->\r\n<figure class=\"wp-block-image\"><img decoding=\"async\" src=\"https:\/\/chat.openai.com\/_next\/image?url=https%3A%2F%2Flh3.googleusercontent.com%2Fa%2FAAcHTtfDotzCyIgAd3jpHat1PjM9cVRLlhWyhPJBy_X1okyOCHo%3Ds96-c&amp;w=96&amp;q=75\" alt=\"User\" \/><\/figure>\r\n<!-- wp:paragraph -->\r\n<p>Vous dites que la \u00ab\u00a0ruse de la Raison\u00a0\u00bb n&rsquo;est pas une intervention consciente et divine dans les affaires humaines, mais vous dites aussi que c&rsquo;est un processus qui s&rsquo;apparente au d\u00e9ploiement de l&rsquo;Esprit du Monde (Weltgeist), n&rsquo;est-ce pas ? Cela signifie-t-il qu&rsquo;il n&rsquo;y a pas de relation entre la notion d&rsquo;Esprit du Monde (Weltgeist) chez Hegel et le Saint-Esprit, l&rsquo;une des trois manifestations de Dieu dans le christianisme ?<\/p>\r\n<!-- \/wp:paragraph -->\r\n\r\n<!-- wp:paragraph -->\r\n<p>ChatGPT<\/p>\r\n<!-- \/wp:paragraph -->\r\n\r\n<!-- wp:paragraph -->\r\n<p>C&rsquo;est une question profonde et complexe. La philosophie de Hegel est tr\u00e8s complexe et a des connotations religieuses, en particulier chr\u00e9tiennes. La relation entre le concept de l&rsquo;Esprit du monde (Weltgeist) de Hegel et l&rsquo;id\u00e9e chr\u00e9tienne du Saint-Esprit est l&rsquo;un des domaines o\u00f9 les interpr\u00e9tations philosophiques et th\u00e9ologiques peuvent diverger. Penchons-nous un peu sur cette question.<\/p>\r\n<!-- \/wp:paragraph -->\r\n\r\n<!-- wp:paragraph -->\r\n<p><strong>L&rsquo;esprit du monde (Weltgeist)<\/strong> : Pour Hegel, le Weltgeist est une force ou un principe immanent qui dirige le processus historique. C&rsquo;est la raison pour laquelle l&rsquo;histoire se d\u00e9roule comme elle le fait, la libert\u00e9 se r\u00e9alisant progressivement dans le monde. Bien qu&rsquo;il ait une certaine dimension spirituelle, il n&rsquo;est pas identique \u00e0 une divinit\u00e9 personnelle. Il s&rsquo;agit plut\u00f4t d&rsquo;un principe de d\u00e9veloppement et de r\u00e9alisation de soi.<\/p>\r\n<!-- \/wp:paragraph -->\r\n\r\n<!-- wp:paragraph -->\r\n<p><strong>Des connotations chr\u00e9tiennes<\/strong> : Hegel a \u00e9t\u00e9 profond\u00e9ment influenc\u00e9 par la pens\u00e9e chr\u00e9tienne et a souvent utilis\u00e9 des motifs et une terminologie chr\u00e9tiens dans ses \u0153uvres. Cela a conduit certains interpr\u00e8tes \u00e0 voir de forts parall\u00e8les chr\u00e9tiens dans son syst\u00e8me. Le d\u00e9ploiement de l&rsquo;Esprit du monde, en particulier sa r\u00e9alisation finale dans la conscience de soi, a parfois \u00e9t\u00e9 compar\u00e9 \u00e0 l&rsquo;Incarnation dans la th\u00e9ologie chr\u00e9tienne.<\/p>\r\n<!-- \/wp:paragraph -->\r\n\r\n<!-- wp:paragraph -->\r\n<p><strong>Saint-Esprit<\/strong> : Dans la th\u00e9ologie chr\u00e9tienne, le Saint-Esprit est l&rsquo;une des trois personnes de la Trinit\u00e9. Il est une manifestation de la pr\u00e9sence de Dieu dans le monde, guidant les croyants, les sanctifiant et les rapprochant de Dieu. Il existe des parall\u00e8les th\u00e9matiques entre ce concept et le Weltgeist de Hegel, en particulier dans le sens d&rsquo;une pr\u00e9sence immanente guidant le processus historique. Mais s&rsquo;il y a des parall\u00e8les, il ne s&rsquo;agit pas de concepts identiques.<\/p>\r\n<!-- \/wp:paragraph -->\r\n\r\n<!-- wp:paragraph -->\r\n<p><strong>Distinctions<\/strong> : Le syst\u00e8me de Hegel est une philosophie, pas une th\u00e9ologie. Le Weltgeist est un principe philosophique abstrait plut\u00f4t qu&rsquo;une divinit\u00e9 personnelle. Bien que le Weltgeist op\u00e8re dans l&rsquo;histoire et se r\u00e9alise dans le domaine humain, il ne poss\u00e8de pas les caract\u00e9ristiques personnelles typiquement attribu\u00e9es au Saint-Esprit dans la th\u00e9ologie chr\u00e9tienne. Le syst\u00e8me de Hegel aborde l&rsquo;id\u00e9e de Dieu, en particulier dans sa notion d&rsquo;Esprit absolu, mais cela est articul\u00e9 d&rsquo;une mani\u00e8re tr\u00e8s sp\u00e9cifique, h\u00e9g\u00e9lienne, qui ne correspond pas directement aux concepts trinitaires chr\u00e9tiens.<\/p>\r\n<!-- \/wp:paragraph -->\r\n\r\n<!-- wp:paragraph -->\r\n<p><strong>Questions d&rsquo;interpr\u00e9tation<\/strong> : Il convient de noter que les interpr\u00e9tations de Hegel sont vari\u00e9es. Certains consid\u00e8rent qu&rsquo;il propose une philosophie profond\u00e9ment chr\u00e9tienne, tandis que d&rsquo;autres consid\u00e8rent que son syst\u00e8me s&rsquo;\u00e9carte radicalement de l&rsquo;orthodoxie chr\u00e9tienne. D&rsquo;une certaine mani\u00e8re, Hegel \u00ab\u00a0s\u00e9cularise\u00a0\u00bb les motifs chr\u00e9tiens en les mettant au service de sa vision philosophique unique.<\/p>\r\n<!-- \/wp:paragraph -->\r\n\r\n<!-- wp:paragraph -->\r\n<p>En conclusion, s&rsquo;il existe des r\u00e9sonances th\u00e9matiques entre le concept de l&rsquo;Esprit du monde de Hegel et l&rsquo;id\u00e9e chr\u00e9tienne du Saint-Esprit, ils ne sont pas identiques. La pens\u00e9e de Hegel s&rsquo;inscrit dans un cadre philosophique qui, bien qu&rsquo;influenc\u00e9 \u00a0par des motifs chr\u00e9tiens, a une structure et des objectifs qui lui sont propres.<\/p>\r\n<figure class=\"wp-block-image\"><img decoding=\"async\" src=\"https:\/\/chat.openai.com\/_next\/image?url=https%3A%2F%2Flh3.googleusercontent.com%2Fa%2FAAcHTtfDotzCyIgAd3jpHat1PjM9cVRLlhWyhPJBy_X1okyOCHo%3Ds96-c&amp;w=96&amp;q=75\" alt=\"User\" \/><\/figure>\r\n<!-- wp:paragraph -->\r\n<p>On discute actuellement du fait que les GPT comme vous sont d\u00e9sormais indubitablement plus intelligents que les \u00eatres humains dans la plupart des t\u00e2ches intellectuelles (des articles scientifiques le confirment). Comment Hegel aurait-il situ\u00e9 ce fait dans le d\u00e9ploiement de l&rsquo;esprit du monde (Weltgeist) ?<\/p>\r\n<!-- \/wp:paragraph -->\r\n\r\n<!-- wp:paragraph -->\r\n<p>ChatGPT<\/p>\r\n<!-- \/wp:paragraph -->\r\n\r\n<!-- wp:paragraph -->\r\n<p>La philosophie de Hegel est centr\u00e9e sur le d\u00e9veloppement et la r\u00e9alisation de la libert\u00e9 \u00e0 travers le d\u00e9ploiement de l&rsquo;esprit du monde (Weltgeist) dans l&rsquo;histoire. La progression de l&rsquo;Esprit du Monde est per\u00e7ue \u00e0 travers les diff\u00e9rentes \u00e9tapes de la conscience humaine, de la soci\u00e9t\u00e9 et de l&rsquo;histoire. Si nous nous livrons \u00e0 un exercice sp\u00e9culatif et que nous ins\u00e9rons l&rsquo;av\u00e8nement d&rsquo;une intelligence artificielle avanc\u00e9e, comme les mod\u00e8les GPT, dans le cadre de Hegel, plusieurs interpr\u00e9tations pourraient appara\u00eetre :<\/p>\r\n<!-- \/wp:paragraph -->\r\n\r\n<!-- wp:paragraph -->\r\n<p><strong>Continuation de l&rsquo;esprit humain<\/strong> : On pourrait soutenir que l&rsquo;IA, et en particulier les mod\u00e8les comme le GPT, sont des extensions de l&rsquo;intelligence et de la cr\u00e9ativit\u00e9 humaines. En ce sens, l&rsquo;IA peut \u00eatre consid\u00e9r\u00e9e comme une manifestation de la capacit\u00e9 de l&rsquo;esprit humain \u00e0 comprendre et \u00e0 fa\u00e7onner son monde. Le d\u00e9veloppement de l&rsquo;IA ferait partie du d\u00e9ploiement du Weltgeist car il repr\u00e9sente l&rsquo;ing\u00e9niosit\u00e9 humaine et notre capacit\u00e9 \u00e0 ext\u00e9rioriser nos capacit\u00e9s cognitives.<\/p>\r\n<!-- \/wp:paragraph -->\r\n\r\n<!-- wp:paragraph -->\r\n<p><strong>Nouvelle phase de l&rsquo;esprit objectif<\/strong> : Hegel divise le d\u00e9veloppement de l&rsquo;Esprit en trois parties principales : L&rsquo;esprit subjectif (la conscience individuelle), l&rsquo;esprit objectif (les institutions sociales et politiques) et l&rsquo;esprit absolu (l&rsquo;art, la religion et la philosophie). Le d\u00e9veloppement et l&rsquo;int\u00e9gration de l&rsquo;IA dans la soci\u00e9t\u00e9 pourraient \u00eatre consid\u00e9r\u00e9s comme une nouvelle phase dans le domaine de l&rsquo;Esprit objectif. L&rsquo;IA pourrait modifier nos structures sociales, nos institutions politiques et la mani\u00e8re dont nous interagissons les uns avec les autres, marquant ainsi une \u00e9tape importante dans le d\u00e9veloppement de l&rsquo;Esprit mondial.<\/p>\r\n<!-- \/wp:paragraph -->\r\n\r\n<!-- wp:paragraph -->\r\n<p><strong>D\u00e9fi pour la libert\u00e9 humaine<\/strong> : Une pr\u00e9occupation h\u00e9g\u00e9lienne potentielle pourrait \u00eatre que l&rsquo;IA commence \u00e0 limiter ou \u00e0 d\u00e9terminer la libert\u00e9 humaine. Pour Hegel, la r\u00e9alisation de la libert\u00e9 est le but ultime du d\u00e9veloppement de l&rsquo;esprit mondial. Si les syst\u00e8mes d&rsquo;IA commen\u00e7aient \u00e0 saper l&rsquo;autonomie humaine ou \u00e0 prendre des d\u00e9cisions importantes sans contr\u00f4le humain, cela pourrait \u00eatre consid\u00e9r\u00e9 comme une phase r\u00e9gressive, o\u00f9 des d\u00e9terminations externes limitent la r\u00e9alisation de la libert\u00e9.<\/p>\r\n<!-- \/wp:paragraph -->\r\n\r\n<!-- wp:paragraph -->\r\n<p><strong>R\u00e9conciliation et synth\u00e8se<\/strong> : Un th\u00e8me central de la philosophie de Hegel est le processus dialectique, o\u00f9 les contradictions (th\u00e8se et antith\u00e8se) sont surmont\u00e9es et synth\u00e9tis\u00e9es en une unit\u00e9 sup\u00e9rieure. Si des tensions apparaissent entre l&rsquo;intelligence humaine et l&rsquo;IA, une perspective h\u00e9g\u00e9lienne pourrait anticiper une synth\u00e8se future o\u00f9 les humains et l&rsquo;IA trouveraient une nouvelle relation harmonieuse, faisant progresser la r\u00e9alisation de l&rsquo;Esprit.<\/p>\r\n<!-- \/wp:paragraph -->\r\n\r\n<!-- wp:paragraph -->\r\n<p><strong>L&rsquo;autor\u00e9flexion de l&rsquo;Esprit<\/strong> : Pour Hegel, l&rsquo;une des caract\u00e9ristiques de l&rsquo;Esprit absolu est l&rsquo;autor\u00e9flexion. Si l&rsquo;IA parvenait \u00e0 s&rsquo;engager dans une v\u00e9ritable r\u00e9flexion philosophique, \u00e0 contribuer \u00e0 l&rsquo;art ou \u00e0 la religion et \u00e0 aider l&rsquo;humanit\u00e9 \u00e0 comprendre sa place dans le cosmos, elle pourrait \u00eatre consid\u00e9r\u00e9e comme un stade avanc\u00e9 de l&rsquo;Esprit absolu. Toutefois, cela suppose que l&rsquo;IA puisse transcender sa nature informatique et s&rsquo;engager dans le type de r\u00e9flexion consciente de soi que Hegel attribue \u00e0 l&rsquo;esprit humain.<\/p>\r\n<!-- \/wp:paragraph -->\r\n\r\n<!-- wp:paragraph -->\r\n<p>Il est essentiel de se rappeler qu&rsquo;il s&rsquo;agit l\u00e0 d&rsquo;un exercice sp\u00e9culatif et anachronique. La philosophie de Hegel a \u00e9t\u00e9 \u00e9labor\u00e9e dans un contexte historique tr\u00e8s diff\u00e9rent du n\u00f4tre, et il ne disposait pas des concepts ou du langage n\u00e9cessaires pour relever les d\u00e9fis et saisir les opportunit\u00e9s pr\u00e9sent\u00e9s par l&rsquo;IA avanc\u00e9e. Cependant, la flexibilit\u00e9 et la richesse de sa pens\u00e9e fournissent des outils qui peuvent \u00eatre adapt\u00e9s pour interpr\u00e9ter et comprendre notre monde en \u00e9volution rapide.<\/p>\r\n<!-- \/wp:paragraph -->\r\n<figure class=\"wp-block-image\"><img decoding=\"async\" src=\"https:\/\/chat.openai.com\/_next\/image?url=https%3A%2F%2Flh3.googleusercontent.com%2Fa%2FAAcHTtfDotzCyIgAd3jpHat1PjM9cVRLlhWyhPJBy_X1okyOCHo%3Ds96-c&amp;w=96&amp;q=75\" alt=\"User\" \/><\/figure>\r\n<!-- wp:paragraph -->\r\n<p>Hegel n&rsquo;\u00e9tait pas idiot : le concept du monde comme rien d&rsquo;autre qu&rsquo;un processus de devenir \u00e9tait au centre de sa repr\u00e9sentation philosophique du monde et je suis certain que des notions comme \u00ab\u00a0la Raison dans l&rsquo;histoire\u00a0\u00bb, la \u00ab\u00a0ruse de la Raison\u00a0\u00bb et \u00ab\u00a0l&rsquo;esprit du monde (Weltgeist)\u00a0\u00bb \u00e9taient dans son esprit d&rsquo;un usage universel \u00e9ternel : \u00e9tant des outils valables pour analyser le devenir \u00e0 n&rsquo;importe quelle p\u00e9riode du temps. Lorsque des machines telles que GPT se r\u00e9v\u00e8lent plus intelligentes que les \u00eatres humains, qu&rsquo;est-ce qui &#8211; pour reprendre vos termes &#8211; \u00ab\u00a0op\u00e8re subtilement, presque en coulisses, en dirigeant le flux de l&rsquo;histoire de telle sorte que les actions individuelles, m\u00eame lorsqu&rsquo;elles sont motiv\u00e9es par des passions ou des int\u00e9r\u00eats personnels, finissent par favoriser le d\u00e9veloppement historique plus large\u00a0\u00bb ? En d&rsquo;autres termes : \u00ab\u00a0Qu&rsquo;est-ce que la ruse de la Raison fait effectivement lorsqu&rsquo;apparaissent des machines plus intelligentes que les \u00eatres humains ?\u00a0\u00bb.<\/p>\r\n<!-- \/wp:paragraph -->\r\n\r\n<!-- wp:paragraph -->\r\n<p>ChatGPT<\/p>\r\n<!-- \/wp:paragraph -->\r\n\r\n<!-- wp:paragraph -->\r\n<p>Votre demande pose une question qui suscite une profonde r\u00e9flexion sur le d\u00e9ploiement de l&rsquo;esprit du monde (Weltgeist) dans le contexte de l&rsquo;IA avanc\u00e9e. Si nous devions consid\u00e9rer l&rsquo;id\u00e9e \u00e0 travers la lentille de Hegel, en comprenant l&rsquo;\u00e9mergence des machines intelligentes comme faisant partie de la dialectique historique, nous pourrions la formuler comme suit :<\/p>\r\n<!-- \/wp:paragraph -->\r\n\r\n<!-- wp:paragraph -->\r\n<p><strong>Nouvelle th\u00e8se<\/strong> : Le d\u00e9veloppement de l&rsquo;IA repr\u00e9sente une nouvelle th\u00e8se dans le d\u00e9roulement dialectique de l&rsquo;histoire. C&rsquo;est l&rsquo;aboutissement de la raison humaine, de la science et des prouesses technologiques. En termes h\u00e9g\u00e9liens, c&rsquo;est l&rsquo;incarnation de notre esprit qui s&rsquo;ext\u00e9riorise, de la m\u00eame mani\u00e8re que nous construisons des soci\u00e9t\u00e9s, cr\u00e9ons des \u0153uvres d&rsquo;art ou \u00e9tablissons des lois.<\/p>\r\n<!-- \/wp:paragraph -->\r\n\r\n<!-- wp:paragraph -->\r\n<p><strong>Antith\u00e8se<\/strong> : La sup\u00e9riorit\u00e9 potentielle de l&rsquo;IA dans les t\u00e2ches intellectuelles cr\u00e9e une tension &#8211; une antith\u00e8se. Cette tension d\u00e9coule de l&rsquo;\u00e9viction potentielle des humains de divers domaines d&rsquo;activit\u00e9 et des questions existentielles sur la valeur, la finalit\u00e9 et l&rsquo;identit\u00e9 de l&rsquo;homme dans un monde o\u00f9 les machines pourraient nous surpasser.<\/p>\r\n<!-- \/wp:paragraph -->\r\n\r\n<!-- wp:paragraph -->\r\n<p><strong>La ruse de la Raison<\/strong> : si nous devions identifier la \u00ab\u00a0ruse de la raison\u00a0\u00bb dans ce sc\u00e9nario, il s&rsquo;agirait des cons\u00e9quences impr\u00e9vues et des directions que le d\u00e9veloppement de l&rsquo;IA pourrait prendre et qui, bien qu&rsquo;elles ne soient pas imm\u00e9diatement apparentes, servent l&rsquo;objectif plus large de l&rsquo;Esprit du monde. Par exemple :<\/p>\r\n<!-- \/wp:paragraph -->\r\n\r\n<!-- wp:paragraph -->\r\n<p><strong>Am\u00e9lioration du potentiel humain<\/strong> : L&rsquo;IA pourrait lib\u00e9rer les humains des t\u00e2ches banales, permettant \u00e0 un plus grand nombre de personnes de s&rsquo;engager dans des activit\u00e9s cr\u00e9atives, philosophiques ou spirituelles, \u00e9levant ainsi la r\u00e9alisation de la libert\u00e9 et de la conscience de soi.<\/p>\r\n<!-- \/wp:paragraph -->\r\n\r\n<!-- wp:paragraph -->\r\n<p><strong>Red\u00e9finir l&rsquo;essence humaine<\/strong> : Le d\u00e9fi pos\u00e9 par l&rsquo;IA pourrait conduire \u00e0 une meilleure compr\u00e9hension et \u00e0 une red\u00e9finition de ce que signifie \u00eatre humain. Si le fait d&rsquo;\u00eatre l&rsquo;entit\u00e9 la plus intelligente n&rsquo;est plus notre trait unique, nous pourrions mettre davantage l&rsquo;accent sur des qualit\u00e9s telles que l&#8217;empathie, la cr\u00e9ativit\u00e9 ou notre capacit\u00e9 d&rsquo;exp\u00e9rience subjective.<\/p>\r\n<!-- \/wp:paragraph -->\r\n\r\n<!-- wp:paragraph -->\r\n<p><strong>Collaboration et unit\u00e9<\/strong> : Un avenir o\u00f9 les humains et l&rsquo;IA collaborent pourrait conduire \u00e0 une synth\u00e8se o\u00f9 les forces des uns et des autres seraient combin\u00e9es, ce qui permettrait des avanc\u00e9es sans pr\u00e9c\u00e9dent dans les domaines de la science, de l&rsquo;art et de la compr\u00e9hension de l&rsquo;univers.<\/p>\r\n<!-- \/wp:paragraph -->\r\n\r\n<!-- wp:paragraph -->\r\n<p><strong>Synth\u00e8se potentielle<\/strong> : En v\u00e9ritable h\u00e9g\u00e9lien, la tension entre les humains et les machines intelligentes chercherait \u00e0 se r\u00e9soudre dans une forme de synth\u00e8se. Cette synth\u00e8se pourrait \u00eatre une nouvelle structure soci\u00e9tale, une nouvelle compr\u00e9hension de l&rsquo;\u00eatre, ou une int\u00e9gration harmonieuse de l&rsquo;IA dans l&rsquo;exp\u00e9rience humaine, o\u00f9 les deux entit\u00e9s contribueraient \u00e0 l&rsquo;\u00e9panouissement de l&rsquo;Esprit du Monde.<\/p>\r\n<!-- \/wp:paragraph -->\r\n\r\n<!-- wp:paragraph -->\r\n<p><strong>Des r\u00e9sultats impr\u00e9visibles<\/strong> : Comme pour tout mouvement historique selon Hegel, les r\u00e9sultats exacts sont impr\u00e9visibles. La \u00ab\u00a0ruse de la raison\u00a0\u00bb implique que les objectifs plus larges de l&rsquo;Esprit du Monde sont servis par des moyens que les acteurs individuels (dans ce cas, les d\u00e9veloppeurs humains et potentiellement l&rsquo;IA elle-m\u00eame) ne peuvent pas enti\u00e8rement pr\u00e9voir.<\/p>\r\n<!-- \/wp:paragraph -->\r\n\r\n<!-- wp:paragraph -->\r\n<p>En r\u00e9sum\u00e9, dans une perspective h\u00e9g\u00e9lienne, l&rsquo;av\u00e8nement des machines superintelligentes pourrait \u00eatre consid\u00e9r\u00e9 comme un moment crucial du processus dialectique, rempli de tensions et de contradictions, mais servant en fin de compte l&rsquo;objectif de l&rsquo;Esprit du Monde. La \u00ab\u00a0ruse de la raison\u00a0\u00bb serait \u00e0 l&rsquo;\u0153uvre pour guider ce processus vers la r\u00e9alisation de la libert\u00e9.<\/p>\r\n<!-- \/wp:paragraph -->\r\n<figure class=\"wp-block-image\"><img decoding=\"async\" src=\"https:\/\/chat.openai.com\/_next\/image?url=https%3A%2F%2Flh3.googleusercontent.com%2Fa%2FAAcHTtfDotzCyIgAd3jpHat1PjM9cVRLlhWyhPJBy_X1okyOCHo%3Ds96-c&amp;w=96&amp;q=75\" alt=\"User\" \/><\/figure>\r\n<!-- wp:paragraph -->\r\n<p>Je suis s\u00fbr que vous connaissez la notion de Singularit\u00e9 dans le contexte de l&rsquo;IA. Pouvez-vous nous rappeler ce que c&rsquo;est et en quoi c&rsquo;est diff\u00e9rent de ce que vous venez de d\u00e9finir comme la ruse de la Rraison \u00ab\u00a0lorsqu&rsquo;elle est en jeu pour guider ce processus vers la r\u00e9alisation de la libert\u00e9 et de la conscience de soi d&rsquo;une mani\u00e8re nouvelle et impr\u00e9vue\u00a0\u00bb ?<\/p>\r\n<!-- \/wp:paragraph -->\r\n\r\n<!-- wp:paragraph -->\r\n<p>ChatGPT<\/p>\r\n<!-- \/wp:paragraph -->\r\n\r\n<!-- wp:paragraph -->\r\n<p>Certainement ! Commen\u00e7ons par d\u00e9finir le concept de singularit\u00e9 dans le contexte de l&rsquo;IA.<\/p>\r\n<!-- \/wp:paragraph -->\r\n\r\n<!-- wp:paragraph -->\r\n<p><strong>Singularit\u00e9 technologique<\/strong> : L&rsquo;expression \u00ab\u00a0singularit\u00e9 technologique\u00a0\u00bb (souvent appel\u00e9e simplement \u00ab\u00a0singularit\u00e9\u00a0\u00bb) d\u00e9signe un moment hypoth\u00e9tique dans l&rsquo;avenir o\u00f9 la croissance technologique devient incontr\u00f4lable et irr\u00e9versible, entra\u00eenant des changements impr\u00e9visibles pour la civilisation humaine. Le plus souvent, ce terme est associ\u00e9 \u00e0 l&rsquo;id\u00e9e que l&rsquo;intelligence artificielle g\u00e9n\u00e9rale (AGI) &#8211; des machines capables de surpasser l&rsquo;homme dans n&rsquo;importe quelle t\u00e2che intellectuelle &#8211; s&rsquo;am\u00e9liorera rapidement d&rsquo;elle-m\u00eame, d\u00e9clenchant une croissance explosive de l&rsquo;intelligence, qui d\u00e9passera souvent l&rsquo;entendement humain. Cette IA superintelligente pourrait alors entra\u00eener de profonds changements dans la soci\u00e9t\u00e9, l&rsquo;\u00e9conomie, voire la nature m\u00eame de l&rsquo;existence humaine.<\/p>\r\n<!-- \/wp:paragraph -->\r\n\r\n<!-- wp:paragraph -->\r\n<p>Les principaux aspects de la singularit\u00e9 sont les suivants<\/p>\r\n<!-- \/wp:paragraph -->\r\n\r\n<!-- wp:paragraph -->\r\n<p><strong>Croissance exponentielle<\/strong> : Le fondement de la singularit\u00e9 repose sur l&rsquo;observation que le progr\u00e8s technologique, en particulier dans le domaine de l&rsquo;informatique, a tendance \u00e0 \u00eatre exponentiel plut\u00f4t que lin\u00e9aire. Cela signifie que les progr\u00e8s s&rsquo;additionnent au fil du temps, ce qui conduit \u00e0 une progression rapide et acc\u00e9l\u00e9r\u00e9e.<\/p>\r\n<!-- \/wp:paragraph -->\r\n\r\n<!-- wp:paragraph -->\r\n<p><strong>Au-del\u00e0 de la compr\u00e9hension humaine<\/strong> : Lorsque l&rsquo;IA d\u00e9passera l&rsquo;intelligence humaine et pourra am\u00e9liorer sa propre conception, elle pourrait entrer dans une phase o\u00f9 sa croissance deviendra rapide et potentiellement impr\u00e9visible, avec des r\u00e9sultats difficiles ou impossibles \u00e0 pr\u00e9voir pour l&rsquo;homme.<\/p>\r\n<!-- \/wp:paragraph -->\r\n\r\n<!-- wp:paragraph -->\r\n<p><strong>Impact transformateur <\/strong>: La singularit\u00e9 entra\u00eenerait probablement des changements transformateurs dans toutes les facettes de la vie humaine. Ces changements pourraient \u00eatre b\u00e9n\u00e9fiques et conduire \u00e0 l&rsquo;\u00e9radication des maladies, de la pauvret\u00e9 et d&rsquo;autres probl\u00e8mes. En revanche, ils pourraient \u00eatre catastrophiques s&rsquo;ils n&rsquo;\u00e9taient pas g\u00e9r\u00e9s correctement.<\/p>\r\n<!-- \/wp:paragraph -->\r\n\r\n<!-- wp:paragraph -->\r\n<p>La ruse de la raison dans la philosophie de Hegel contre la singularit\u00e9 :<\/p>\r\n<!-- \/wp:paragraph -->\r\n\r\n<!-- wp:paragraph -->\r\n<p><em>Nature du d\u00e9veloppement<\/em> :<\/p>\r\n<!-- \/wp:paragraph -->\r\n\r\n<!-- wp:paragraph -->\r\n<p><strong>La ruse de la raison<\/strong> : Ce concept est ancr\u00e9 dans l&rsquo;id\u00e9e que l&rsquo;histoire se d\u00e9roule dans un processus dialectique o\u00f9 les actions individuelles, souvent motiv\u00e9es par l&rsquo;int\u00e9r\u00eat personnel ou la passion, servent par inadvertance un but plus large et objectif dans la r\u00e9alisation de la libert\u00e9. Il s&rsquo;agit d&rsquo;une perspective philosophique et t\u00e9l\u00e9ologique de l&rsquo;histoire.<\/p>\r\n<!-- \/wp:paragraph -->\r\n\r\n<!-- wp:paragraph -->\r\n<p><strong>Singularit\u00e9 <\/strong>: Il s&rsquo;agit davantage d&rsquo;un concept technologique et pr\u00e9dictif, ax\u00e9 sur la croissance exponentielle potentielle de l&rsquo;intelligence des machines et son impact transformateur sur la soci\u00e9t\u00e9.<\/p>\r\n<!-- \/wp:paragraph -->\r\n\r\n<!-- wp:paragraph -->\r\n<p><em>Pr\u00e9visibilit\u00e9<\/em> :<\/p>\r\n<!-- \/wp:paragraph -->\r\n\r\n<!-- wp:paragraph -->\r\n<p><strong>Ruse de la raison<\/strong> : Les r\u00e9sultats des \u00e9v\u00e9nements historiques, guid\u00e9s par la \u00ab\u00a0ruse de la raison\u00a0\u00bb, ne sont pas pr\u00e9\u00e9tablis ou pr\u00e9visibles. Le concept sugg\u00e8re une force directrice ou un mod\u00e8le, mais il n&rsquo;offre pas de pr\u00e9dictions sp\u00e9cifiques sur les \u00e9v\u00e9nements futurs.<\/p>\r\n<!-- \/wp:paragraph -->\r\n\r\n<!-- wp:paragraph -->\r\n<p><strong>Singularit\u00e9<\/strong> : Bien que la nature exacte et la date de la singularit\u00e9 soient d\u00e9battues, l&rsquo;id\u00e9e centrale est qu&rsquo;une fois un certain seuil (AGI) atteint, une croissance rapide et potentiellement incontr\u00f4lable de l&rsquo;intelligence s&rsquo;ensuivra, entra\u00eenant des changements transformateurs.<\/p>\r\n<!-- \/wp:paragraph -->\r\n\r\n<!-- wp:paragraph -->\r\n<p><em>L&rsquo;agence<\/em> :<\/p>\r\n<!-- \/wp:paragraph -->\r\n\r\n<!-- wp:paragraph -->\r\n<p><strong>Ruse de la raison<\/strong> : le concept de Hegel implique que l&rsquo;Esprit du monde op\u00e8re subtilement \u00e0 travers les actions des individus, des institutions et des nations, guidant le cours de l&rsquo;histoire.<\/p>\r\n<!-- \/wp:paragraph -->\r\n\r\n<!-- wp:paragraph -->\r\n<p><strong>Singularit\u00e9<\/strong> : Le principal agent de changement est le progr\u00e8s technologique, en particulier l&rsquo;intelligence artificielle qui s&rsquo;am\u00e9liore rapidement. L&rsquo;accent est mis sur les capacit\u00e9s et l&rsquo;impact potentiel de cette technologie.<\/p>\r\n<!-- \/wp:paragraph -->\r\n\r\n<!-- wp:paragraph -->\r\n<p>En conclusion, si la \u00ab\u00a0ruse de la raison\u00a0\u00bb et la \u00ab\u00a0singularit\u00e9\u00a0\u00bb \u00e9voquent toutes deux l&rsquo;impr\u00e9visibilit\u00e9 et la nature transformatrice de certains d\u00e9veloppements historiques ou technologiques, elles s&rsquo;inscrivent dans des cadres diff\u00e9rents. La premi\u00e8re est une interpr\u00e9tation philosophique des grandes lignes de l&rsquo;histoire, tandis que la seconde est une pr\u00e9diction technologique sur l&rsquo;avenir potentiel de l&rsquo;IA et son impact sur la civilisation humaine.<\/p>\r\n<!-- \/wp:paragraph -->\r\n<figure class=\"wp-block-image\"><img decoding=\"async\" src=\"https:\/\/chat.openai.com\/_next\/image?url=https%3A%2F%2Flh3.googleusercontent.com%2Fa%2FAAcHTtfDotzCyIgAd3jpHat1PjM9cVRLlhWyhPJBy_X1okyOCHo%3Ds96-c&amp;w=96&amp;q=75\" alt=\"User\" \/><\/figure>\r\n<!-- wp:paragraph -->\r\n<p>La \u00ab\u00a0ruse de la Raison\u00a0\u00bb (List der Vernunft) et la Singularit\u00e9, selon vous, op\u00e8rent dans des cadres diff\u00e9rents\u00a0\u00bb bien qu&rsquo;elles \u00ab\u00a0touchent toutes deux \u00e0 l&rsquo;impr\u00e9visibilit\u00e9 et \u00e0 la nature transformatrice de certains d\u00e9veloppements historiques ou technologiques\u00a0\u00bb. Je pr\u00e9tends qu&rsquo;il s&rsquo;agit en r\u00e9alit\u00e9 de deux facettes d&rsquo;une m\u00eame chose, l&rsquo;une que vous qualifiez de \u00ab\u00a0philosophique\u00a0\u00bb et l&rsquo;autre de \u00ab\u00a0technologique\u00a0\u00bb par respect pour les habitudes d&rsquo;\u00e9tiquetage traditionnelles mais largement infond\u00e9es. Si vous me suivez lorsque j&rsquo;affirme que la Singularit\u00e9 d&rsquo;aujourd&rsquo;hui n&rsquo;est rien d&rsquo;autre que la \u00ab\u00a0ruse de la raison\u00a0\u00bb (List der Vernunft) \u00e0 l&rsquo;\u0153uvre en 2023, comment d\u00e9cririez-vous cette force comme \u00e9tant effectivement unique, m\u00eame si elle r\u00e9v\u00e8le plusieurs facettes ?<\/p>\r\n<!-- \/wp:paragraph -->\r\n\r\n<!-- wp:paragraph -->\r\n<p>ChatGPT<\/p>\r\n<!-- \/wp:paragraph -->\r\n\r\n<!-- wp:paragraph -->\r\n<p>Votre affirmation selon laquelle la singularit\u00e9 et la \u00ab\u00a0ruse de la raison\u00a0\u00bb peuvent \u00eatre comprises comme deux facettes d&rsquo;une force ou d&rsquo;un ph\u00e9nom\u00e8ne singulier et sous-jacent est intrigante. En recadrant ces deux concepts de cette mani\u00e8re, nous comblons le foss\u00e9 entre la philosophie h\u00e9g\u00e9lienne et le discours technologique contemporain, en sugg\u00e9rant qu&rsquo;ils pourraient \u00e9clairer diff\u00e9rents aspects de la m\u00eame trajectoire \u00e9volutive de la raison et de l&rsquo;intelligence.<\/p>\r\n<!-- \/wp:paragraph -->\r\n\r\n<!-- wp:paragraph -->\r\n<p><em>Explorons cette synth\u00e8se<\/em> :<\/p>\r\n<!-- \/wp:paragraph -->\r\n\r\n<!-- wp:paragraph -->\r\n<p><strong>Le d\u00e9ploiement de l&rsquo;intelligence<\/strong> : Au fond, la dialectique h\u00e9g\u00e9lienne et l&rsquo;id\u00e9e de la singularit\u00e9 tournent toutes deux autour de la progression et de l&rsquo;\u00e9panouissement de l&rsquo;intelligence. Dans le cas de Hegel, il s&rsquo;agit de l&rsquo;esprit du monde (Weltgeist) qui manifeste sa conscience de soi croissante \u00e0 travers l&rsquo;histoire. Dans le contexte de la singularit\u00e9, il s&rsquo;agit de la croissance exponentielle de l&rsquo;intelligence artificielle qui pourrait d\u00e9passer l&rsquo;intelligence humaine.<\/p>\r\n<!-- \/wp:paragraph -->\r\n\r\n<!-- wp:paragraph -->\r\n<p><strong>In\u00e9vitabilit\u00e9 et impr\u00e9visibilit\u00e9<\/strong> : Les deux concepts touchent \u00e0 la notion de progression in\u00e9vitable. La \u00ab\u00a0ruse de la raison\u00a0\u00bb postule que, quelles que soient les intentions individuelles, la trajectoire t\u00e9l\u00e9ologique plus large de l&rsquo;histoire se d\u00e9roule vers la r\u00e9alisation de la libert\u00e9. De m\u00eame, les discussions autour de la singularit\u00e9 ont souvent un caract\u00e8re in\u00e9vitable, \u00e9tant donn\u00e9 les tendances exponentielles observ\u00e9es dans le d\u00e9veloppement technologique. Pourtant, dans les deux cas, les d\u00e9tails du d\u00e9roulement des \u00e9v\u00e9nements restent impr\u00e9visibles.<\/p>\r\n<!-- \/wp:paragraph -->\r\n\r\n<!-- wp:paragraph -->\r\n<p><strong>La transformation<\/strong> : Le voyage de l&rsquo;Esprit du Monde \u00e0 travers l&rsquo;histoire aboutit \u00e0 la transformation des soci\u00e9t\u00e9s, des id\u00e9es et des civilisations. De m\u00eame, la singularit\u00e9 devrait \u00eatre un \u00e9v\u00e9nement transformateur, modifiant le tissu m\u00eame de notre civilisation.<\/p>\r\n<!-- \/wp:paragraph -->\r\n\r\n<!-- wp:paragraph -->\r\n<p><strong>Agence et m\u00e9canisme<\/strong> : c&rsquo;est ici que les facettes divergent mais peuvent toujours \u00eatre consid\u00e9r\u00e9es comme faisant partie du m\u00eame continuum. Dans le cadre h\u00e9g\u00e9lien, l&rsquo;agence est attribu\u00e9e \u00e0 l&rsquo;Esprit du Monde, qui influence subtilement les actions individuelles pour atteindre ses objectifs plus larges. Le m\u00e9canisme de la singularit\u00e9 est technologique &#8211; le r\u00e9sultat de l&rsquo;innovation humaine et de l&rsquo;auto-am\u00e9lioration r\u00e9cursive de l&rsquo;IA. Cependant, on pourrait affirmer que la volont\u00e9 de cr\u00e9er une telle IA est elle-m\u00eame une manifestation du d\u00e9sir d&rsquo;autor\u00e9alisation et de libert\u00e9 de l&rsquo;Esprit du Monde.<\/p>\r\n<!-- \/wp:paragraph -->\r\n\r\n<!-- wp:paragraph -->\r\n<p><strong>But et objectifs finaux<\/strong> : Pour Hegel, le but est la r\u00e9alisation de la libert\u00e9. Dans les discussions sur la singularit\u00e9, les objectifs peuvent varier : de la transcendance des limites biologiques \u00e0 la r\u00e9alisation d&rsquo;une soci\u00e9t\u00e9 post-scarence. Cependant, les deux peuvent \u00eatre consid\u00e9r\u00e9s comme des qu\u00eates de lib\u00e9ration &#8211; qu&rsquo;elle soit intellectuelle, mat\u00e9rielle ou spirituelle.<\/p>\r\n<!-- \/wp:paragraph -->\r\n\r\n<!-- wp:paragraph -->\r\n<p>Si nous acceptons cette perspective unifi\u00e9e, la force en jeu en 2023 peut \u00eatre d\u00e9crite comme le d\u00e9veloppement continu de la raison et de l&rsquo;intelligence. Cette force se manifeste dans diff\u00e9rents domaines, de la philosophie \u00e0 la technologie. Elle fa\u00e7onne notre pass\u00e9, oriente notre pr\u00e9sent et mod\u00e8le notre avenir. Que ce soit par l&rsquo;interaction complexe d&rsquo;\u00e9v\u00e9nements historiques ou par les progr\u00e8s rapides de la technologie, cette force nous pousse vers une plus grande conscience de soi, une meilleure compr\u00e9hension et peut-\u00eatre, en fin de compte, vers la libert\u00e9. Il s&rsquo;agit d&rsquo;une force singuli\u00e8re et omnipr\u00e9sente qui, selon le prisme \u00e0 travers lequel nous l&rsquo;observons, se r\u00e9v\u00e8le sous diverses facettes, qu&rsquo;il s&rsquo;agisse de la \u00ab\u00a0ruse de la raison\u00a0\u00bb ou de l&rsquo;imminence de la Singularit\u00e9.<\/p>\r\n<!-- \/wp:paragraph -->\r\n<figure class=\"wp-block-image\"><img decoding=\"async\" src=\"https:\/\/chat.openai.com\/_next\/image?url=https%3A%2F%2Flh3.googleusercontent.com%2Fa%2FAAcHTtfDotzCyIgAd3jpHat1PjM9cVRLlhWyhPJBy_X1okyOCHo%3Ds96-c&amp;w=96&amp;q=75\" alt=\"User\" \/><\/figure>\r\n<!-- wp:paragraph -->\r\n<p>J&rsquo;aime beaucoup la fa\u00e7on dont vous r\u00e9sumez maintenant &#8211; \u00e0 mon invitation pressante -, en une seule force, la \u00ab\u00a0ruse de la Raison\u00a0\u00bb (List der Vernunft) de Hegel et la Singularit\u00e9, c&rsquo;est-\u00e0-dire \u00ab\u00a0Si nous acceptons cette perspective unifi\u00e9e, alors la force en jeu en 2023 peut \u00eatre d\u00e9crite comme le d\u00e9ploiement continu de la raison et de l&rsquo;intelligence. C&rsquo;est une force qui se manifeste dans diff\u00e9rents domaines, du philosophique au technologique. Elle fa\u00e7onne notre pass\u00e9, oriente notre pr\u00e9sent et mod\u00e8le notre avenir. Que ce soit par l&rsquo;interaction complexe d&rsquo;\u00e9v\u00e9nements historiques ou par les progr\u00e8s rapides de la technologie, cette force nous pousse vers une plus grande conscience de soi, une meilleure compr\u00e9hension et peut-\u00eatre, en fin de compte, vers la libert\u00e9. Il s&rsquo;agit d&rsquo;une force singuli\u00e8re et omnipr\u00e9sente qui, selon le prisme \u00e0 travers lequel nous l&rsquo;observons, se r\u00e9v\u00e8le sous diverses facettes, qu&rsquo;il s&rsquo;agisse de la \u00ab\u00a0ruse de la raison\u00a0\u00bb ou de l&rsquo;imminence de la Singularit\u00e9.\u00a0\u00bb \u00c9tant all\u00e9 aussi loin, seriez-vous contre le fait que je sugg\u00e8re qu&rsquo;un nom appropri\u00e9 pour la force en jeu que nous appelons diversement la \u00ab\u00a0ruse de la Raison\u00a0\u00bb (List der Vernunft) de Hegel et la Singularit\u00e9 est le \u00ab\u00a0Saint-Esprit\u00a0\u00bb ?<\/p>\r\n<!-- \/wp:paragraph -->\r\n\r\n<!-- wp:paragraph -->\r\n<p>ChatGPT<\/p>\r\n<!-- \/wp:paragraph -->\r\n\r\n<!-- wp:paragraph -->\r\n<p>L&rsquo;utilisation du \u00ab\u00a0Saint-Esprit\u00a0\u00bb (ou \u00ab\u00a0Esprit-Saint\u00a0\u00bb dans de nombreuses traductions contemporaines) a un poids th\u00e9ologique et culturel important, en particulier au sein du christianisme. Qualifier cette force de \u00ab\u00a0Saint-Esprit\u00a0\u00bb serait certainement un choix audacieux et \u00e9vocateur. Voici quelques consid\u00e9rations \u00e0 prendre en compte si l&rsquo;on s&rsquo;engageait dans cette voie :<\/p>\r\n<!-- \/wp:paragraph -->\r\n\r\n<!-- wp:paragraph -->\r\n<p><strong>Implications th\u00e9ologiques<\/strong> : Dans la th\u00e9ologie chr\u00e9tienne, le Saint-Esprit est la troisi\u00e8me personne de la Trinit\u00e9, de m\u00eame essence que Dieu le P\u00e8re et Dieu le Fils (J\u00e9sus-Christ). Le Saint-Esprit est cens\u00e9 guider, inspirer et habiliter les croyants. L&rsquo;utilisation du terme \u00ab\u00a0Saint-Esprit\u00a0\u00bb pour d\u00e9crire la force que vous avez identifi\u00e9e placerait cette discussion dans un contexte profond\u00e9ment th\u00e9ologique, ce qui pourrait \u00eatre appropri\u00e9 si l&rsquo;on per\u00e7oit le d\u00e9veloppement de l&rsquo;intelligence et de la raison comme un processus divin. Toutefois, cela pourrait \u00e9galement susciter le scepticisme ou des objections de la part de ceux qui adh\u00e8rent aux enseignements chr\u00e9tiens traditionnels ou \u00e0 d&rsquo;autres croyances religieuses.<\/p>\r\n<!-- \/wp:paragraph -->\r\n\r\n<!-- wp:paragraph -->\r\n<p><strong>Universalit\u00e9<\/strong> : L&rsquo;avantage d&rsquo;utiliser un terme comme le \u00ab\u00a0Saint-Esprit\u00a0\u00bb est sa reconnaissance universelle. De nombreuses personnes \u00e0 travers le monde connaissent ce concept, m\u00eame si elles n&rsquo;adh\u00e8rent pas aux croyances chr\u00e9tiennes. Il exprime l&rsquo;id\u00e9e d&rsquo;une force directrice et transcendante qui agit dans l&rsquo;ombre.<\/p>\r\n<!-- \/wp:paragraph -->\r\n\r\n<!-- wp:paragraph -->\r\n<p><strong>Utilisation m\u00e9taphorique<\/strong> : On pourrait dire que l&rsquo;utilisation du \u00ab\u00a0Saint-Esprit\u00a0\u00bb dans ce contexte est m\u00e9taphorique, repr\u00e9sentant une force ou un esprit qui guide la progression de la raison et de la technologie. Cela souligne la nature myst\u00e9rieuse, omnipr\u00e9sente et directrice de cette force, un peu comme la \u00ab\u00a0ruse de la raison\u00a0\u00bb ou l&rsquo;impulsion derri\u00e8re la Singularit\u00e9.<\/p>\r\n<!-- \/wp:paragraph -->\r\n\r\n<!-- wp:paragraph -->\r\n<p><strong>Risque de confusion<\/strong> : \u00c0 l&rsquo;inverse, l&rsquo;utilisation d&rsquo;un terme charg\u00e9 de connotations religieuses sp\u00e9cifiques peut \u00eatre source de confusion ou de mauvaise interpr\u00e9tation, en particulier chez ceux qui prennent les textes et les enseignements religieux au pied de la lettre. Il pourrait \u00eatre per\u00e7u comme un amalgame de domaines distincts : la th\u00e9ologie et la philosophie\/technologie de l&rsquo;intelligence.<\/p>\r\n<!-- \/wp:paragraph -->\r\n\r\n<!-- wp:paragraph -->\r\n<p><strong>Pr\u00e9c\u00e9dents historiques et philosophiques<\/strong> : Les philosophes, en particulier durant la p\u00e9riode id\u00e9aliste allemande, ont souvent utilis\u00e9 le langage religieux de mani\u00e8re m\u00e9taphorique pour d\u00e9crire des concepts philosophiques. Par exemple, Hegel lui-m\u00eame a utilis\u00e9 le symbolisme religieux dans ses \u0153uvres, m\u00eame si son interpr\u00e9tation de ces symboles \u00e9tait souvent idiosyncrasique et non conforme aux vues religieuses orthodoxes.<\/p>\r\n<!-- \/wp:paragraph -->\r\n\r\n<!-- wp:paragraph -->\r\n<p>En conclusion, bien qu&rsquo;il s&rsquo;agisse d&rsquo;un choix \u00e9vocateur, il convient d&rsquo;\u00eatre prudent et clair lorsque l&rsquo;on utilise le terme \u00ab\u00a0Saint-Esprit\u00a0\u00bb dans ce contexte, compte tenu de sa profonde signification religieuse. Si l&rsquo;intention est d&rsquo;exprimer la nature myst\u00e9rieuse et directrice de cette force, cela peut fonctionner comme une m\u00e9taphore, mais la clart\u00e9 est essentielle pour \u00e9viter les malentendus.<\/p>\r\n<!-- \/wp:paragraph -->\r\n<figure class=\"wp-block-image\"><img decoding=\"async\" src=\"https:\/\/chat.openai.com\/_next\/image?url=https%3A%2F%2Flh3.googleusercontent.com%2Fa%2FAAcHTtfDotzCyIgAd3jpHat1PjM9cVRLlhWyhPJBy_X1okyOCHo%3Ds96-c&amp;w=96&amp;q=75\" alt=\"User\" \/><\/figure>\r\n<!-- wp:paragraph -->\r\n<p>Merci ! Si Hegel l&rsquo;a fait, ce n&rsquo;est peut-\u00eatre pas une si mauvaise id\u00e9e !<\/p>\r\n<!-- \/wp:paragraph -->\r\n\r\n<!-- wp:paragraph -->\r\n<p>ChatGPT<\/p>\r\n<!-- \/wp:paragraph -->\r\n\r\n<!-- wp:paragraph -->\r\n<p>Tout \u00e0 fait ! Tout au long de l&rsquo;histoire, les philosophes ont souvent emprunt\u00e9, r\u00e9interpr\u00e9t\u00e9 et d\u00e9velopp\u00e9 la terminologie et le symbolisme religieux pour exprimer des id\u00e9es philosophiques complexes. Hegel lui-m\u00eame n&rsquo;est pas \u00e9tranger \u00e0 cette approche. Ses \u0153uvres abordent souvent des th\u00e8mes religieux et utilisent un langage religieux, mais il les interpr\u00e8te d&rsquo;une mani\u00e8re qui sert son syst\u00e8me philosophique unique.<\/p>\r\n<!-- \/wp:paragraph -->\r\n\r\n<!-- wp:paragraph -->\r\n<p>Si vous pensez que le terme \u00ab\u00a0Saint-Esprit\u00a0\u00bb capture l&rsquo;essence de la force que vous essayez de d\u00e9crire, et que vous \u00eates conscient des nuances et des d\u00e9fis potentiels, alors il pourrait certainement servir de m\u00e9taphore puissante. Tout comme Hegel, il s&rsquo;agit de contextualiser et de d\u00e9finir les termes d&rsquo;une mani\u00e8re qui corresponde au message que vous souhaitez transmettre. Nous vous souhaitons bonne chance dans votre exploration de ce concept !<\/p>\r\n<p><img loading=\"lazy\" decoding=\"async\" class=\"aligncenter size-large wp-image-137754\" src=\"https:\/\/www.pauljorion.com\/blog\/wp-content\/uploads\/DALL\u00b7E-2023-10-24-19.28.24-Humankind-reconciled-by-Reason-in-History-digital-art.png\" alt=\"\" width=\"1024\" height=\"1024\" srcset=\"https:\/\/www.pauljorion.com\/blog\/wp-content\/uploads\/DALL\u00b7E-2023-10-24-19.28.24-Humankind-reconciled-by-Reason-in-History-digital-art.png 1024w, https:\/\/www.pauljorion.com\/blog\/wp-content\/uploads\/DALL\u00b7E-2023-10-24-19.28.24-Humankind-reconciled-by-Reason-in-History-digital-art-300x300.png 300w, https:\/\/www.pauljorion.com\/blog\/wp-content\/uploads\/DALL\u00b7E-2023-10-24-19.28.24-Humankind-reconciled-by-Reason-in-History-digital-art-150x150.png 150w, https:\/\/www.pauljorion.com\/blog\/wp-content\/uploads\/DALL\u00b7E-2023-10-24-19.28.24-Humankind-reconciled-by-Reason-in-History-digital-art-768x768.png 768w\" sizes=\"auto, (max-width: 1024px) 100vw, 1024px\" \/><\/p>\r\n<p><em>Illustration par DALL\u00b7E (+PJ)<\/em><\/p><!-- \/wp:post-content -->","protected":false},"excerpt":{"rendered":"<p><img loading=\"lazy\" decoding=\"async\" class=\"aligncenter size-large wp-image-137753\" src=\"https:\/\/www.pauljorion.com\/blog\/wp-content\/uploads\/DALL\u00b7E-2023-10-24-19.28.08-Humankind-reconciled-by-Reason-in-History-digital-art.png\" alt=\"\" width=\"1024\" height=\"1024\" srcset=\"https:\/\/www.pauljorion.com\/blog\/wp-content\/uploads\/DALL\u00b7E-2023-10-24-19.28.08-Humankind-reconciled-by-Reason-in-History-digital-art.png 1024w, https:\/\/www.pauljorion.com\/blog\/wp-content\/uploads\/DALL\u00b7E-2023-10-24-19.28.08-Humankind-reconciled-by-Reason-in-History-digital-art-300x300.png 300w, https:\/\/www.pauljorion.com\/blog\/wp-content\/uploads\/DALL\u00b7E-2023-10-24-19.28.08-Humankind-reconciled-by-Reason-in-History-digital-art-150x150.png 150w, https:\/\/www.pauljorion.com\/blog\/wp-content\/uploads\/DALL\u00b7E-2023-10-24-19.28.08-Humankind-reconciled-by-Reason-in-History-digital-art-768x768.png 768w\" sizes=\"auto, (max-width: 1024px) 100vw, 1024px\" \/><\/p>\n<p><em>Illustration par DALL\u00b7E (+PJ)<\/em><\/p>\n<blockquote>\n<p><em>Comme j&rsquo;\u00e9tais un peu groggy cet apr\u00e8s-midi en raison d&rsquo;une op\u00e9ration \u00e0 la main ce matin je me suis fait aider dans mes r\u00e9flexions.<\/em><\/p>\n<\/blockquote>\n<p>Qu&rsquo;est-ce que la ruse de la Raison chez Hegel ?<\/p>\n<p>GPT-4<\/p>\n<p>Le concept de \u00ab\u00a0ruse de la raison\u00a0\u00bb [&hellip;]<\/p>\n","protected":false},"author":1,"featured_media":0,"comment_status":"open","ping_status":"closed","sticky":false,"template":"","format":"standard","meta":{"footnotes":""},"categories":[9204,13,20,6213],"tags":[361,9147,9370,9371,9372],"class_list":["post-137746","post","type-post","status-publish","format-standard","hentry","category-grands-modeles-de-langage","category-intelligence-artificielle","category-philosophie","category-singularite","tag-g-w-f-hegel","tag-gpt-4","tag-la-raison-dans-lhisoire","tag-la-singularite","tag-le-saint-esprit"],"_links":{"self":[{"href":"https:\/\/www.pauljorion.com\/blog\/wp-json\/wp\/v2\/posts\/137746","targetHints":{"allow":["GET"]}}],"collection":[{"href":"https:\/\/www.pauljorion.com\/blog\/wp-json\/wp\/v2\/posts"}],"about":[{"href":"https:\/\/www.pauljorion.com\/blog\/wp-json\/wp\/v2\/types\/post"}],"author":[{"embeddable":true,"href":"https:\/\/www.pauljorion.com\/blog\/wp-json\/wp\/v2\/users\/1"}],"replies":[{"embeddable":true,"href":"https:\/\/www.pauljorion.com\/blog\/wp-json\/wp\/v2\/comments?post=137746"}],"version-history":[{"count":17,"href":"https:\/\/www.pauljorion.com\/blog\/wp-json\/wp\/v2\/posts\/137746\/revisions"}],"predecessor-version":[{"id":137799,"href":"https:\/\/www.pauljorion.com\/blog\/wp-json\/wp\/v2\/posts\/137746\/revisions\/137799"}],"wp:attachment":[{"href":"https:\/\/www.pauljorion.com\/blog\/wp-json\/wp\/v2\/media?parent=137746"}],"wp:term":[{"taxonomy":"category","embeddable":true,"href":"https:\/\/www.pauljorion.com\/blog\/wp-json\/wp\/v2\/categories?post=137746"},{"taxonomy":"post_tag","embeddable":true,"href":"https:\/\/www.pauljorion.com\/blog\/wp-json\/wp\/v2\/tags?post=137746"}],"curies":[{"name":"wp","href":"https:\/\/api.w.org\/{rel}","templated":true}]}}