{"id":138147,"date":"2023-12-14T01:00:13","date_gmt":"2023-12-14T00:00:13","guid":{"rendered":"https:\/\/www.pauljorion.com\/blog\/?p=138147"},"modified":"2023-12-14T01:01:13","modified_gmt":"2023-12-14T00:01:13","slug":"destitution-de-joe-biden-les-etats-unis-en-voie-dune-seconde-guerre-civile","status":"publish","type":"post","link":"https:\/\/www.pauljorion.com\/blog\/2023\/12\/14\/destitution-de-joe-biden-les-etats-unis-en-voie-dune-seconde-guerre-civile\/","title":{"rendered":"<b>Destitution de Joe Biden : les \u00c9tats-Unis en voie d&rsquo;une seconde guerre civile<\/b>"},"content":{"rendered":"<p><img loading=\"lazy\" decoding=\"async\" src=\"https:\/\/www.pauljorion.com\/blog\/wp-content\/uploads\/DALL\u00b7E-2023-12-14-00.51.28-An-American-flag-at-half-mast-on-top-of-the-White-House.png\" alt=\"\" width=\"1024\" height=\"1024\" class=\"aligncenter size-full wp-image-138148\" srcset=\"https:\/\/www.pauljorion.com\/blog\/wp-content\/uploads\/DALL\u00b7E-2023-12-14-00.51.28-An-American-flag-at-half-mast-on-top-of-the-White-House.png 1024w, https:\/\/www.pauljorion.com\/blog\/wp-content\/uploads\/DALL\u00b7E-2023-12-14-00.51.28-An-American-flag-at-half-mast-on-top-of-the-White-House-300x300.png 300w, https:\/\/www.pauljorion.com\/blog\/wp-content\/uploads\/DALL\u00b7E-2023-12-14-00.51.28-An-American-flag-at-half-mast-on-top-of-the-White-House-150x150.png 150w, https:\/\/www.pauljorion.com\/blog\/wp-content\/uploads\/DALL\u00b7E-2023-12-14-00.51.28-An-American-flag-at-half-mast-on-top-of-the-White-House-768x768.png 768w\" sizes=\"auto, (max-width: 1024px) 100vw, 1024px\" \/><\/p>\n<p><em>Illustration par DALL\u00b7E (+PJ)<\/em><\/p>\n<p>En votant le lancement d&rsquo;une proc\u00e9dure de destitution de Joe Biden, la majorit\u00e9 R\u00e9publicaine \u00e0 la Chambre  rapproche dangereusement les \u00c9tats-Unis d&rsquo;une guerre civile ouverte. <\/p>\n<p>Les d\u00e9clarations de Donald Trump au cours des semaines r\u00e9centes ont fait dispara\u00eetre tout doute quant \u00e0 son intention d&rsquo;instaurer un r\u00e9gime de type fasciste dans le pays au cas o\u00f9 il l&#8217;emporterait \u00e0 l&rsquo;\u00e9lection pr\u00e9sidentielle de novembre 2024. Or, la probabilit\u00e9 de son arrestation et de son emprisonnement d&rsquo;ici-l\u00e0 est tr\u00e8s \u00e9lev\u00e9e vu la gravit\u00e9 des inculpations dont il est l&rsquo;objet aujourd&rsquo;hui. <\/p>\n<p>Par son geste, la majorit\u00e9 R\u00e9publicaine \u00e0 la Chambre met tout le poids institutionnel dont elle dispose au service d&rsquo;une \u00e9lection de Donald Trump en 2024. <\/p>\n<p>Le fait que les d\u00e9put\u00e9s R\u00e9publicains aient vot\u00e9 unanimement souligne la bipolarisation de la vie politique aux \u00c9tats-Unis : le vote D\u00e9mocrate s&rsquo;identifie d\u00e9sormais \u00e0 un vote en faveur du maintien du syst\u00e8me d\u00e9mocratique en cours aujourd&rsquo;hui tandis que le vote R\u00e9publicain s&rsquo;assimile, en toute connaissance de cause, \u00e0 un vote en faveur de l&rsquo;instauration d&rsquo;un r\u00e9gime de type fasciste dans le pays en novembre 2024.  <\/p>\n","protected":false},"excerpt":{"rendered":"<p><img loading=\"lazy\" decoding=\"async\" src=\"https:\/\/www.pauljorion.com\/blog\/wp-content\/uploads\/DALL\u00b7E-2023-12-14-00.51.28-An-American-flag-at-half-mast-on-top-of-the-White-House.png\" alt=\"\" width=\"1024\" height=\"1024\" class=\"aligncenter size-full wp-image-138148\" srcset=\"https:\/\/www.pauljorion.com\/blog\/wp-content\/uploads\/DALL\u00b7E-2023-12-14-00.51.28-An-American-flag-at-half-mast-on-top-of-the-White-House.png 1024w, https:\/\/www.pauljorion.com\/blog\/wp-content\/uploads\/DALL\u00b7E-2023-12-14-00.51.28-An-American-flag-at-half-mast-on-top-of-the-White-House-300x300.png 300w, https:\/\/www.pauljorion.com\/blog\/wp-content\/uploads\/DALL\u00b7E-2023-12-14-00.51.28-An-American-flag-at-half-mast-on-top-of-the-White-House-150x150.png 150w, https:\/\/www.pauljorion.com\/blog\/wp-content\/uploads\/DALL\u00b7E-2023-12-14-00.51.28-An-American-flag-at-half-mast-on-top-of-the-White-House-768x768.png 768w\" sizes=\"auto, (max-width: 1024px) 100vw, 1024px\" \/><\/p>\n<p><em>Illustration par DALL\u00b7E (+PJ)<\/em><\/p>\n<p>En votant le lancement d&rsquo;une proc\u00e9dure de destitution de Joe Biden, la majorit\u00e9 R\u00e9publicaine \u00e0 la Chambre rapproche dangereusement les \u00c9tats-Unis d&rsquo;une guerre civile ouverte. <\/p>\n<p>Les d\u00e9clarations de Donald Trump au cours des semaines r\u00e9centes ont fait dispara\u00eetre tout doute quant [&hellip;]<\/p>\n","protected":false},"author":1,"featured_media":0,"comment_status":"open","ping_status":"closed","sticky":false,"template":"","format":"standard","meta":{"footnotes":""},"categories":[72,6093],"tags":[4442,4475,2626,5954,6427,5811],"class_list":["post-138147","post","type-post","status-publish","format-standard","hentry","category-etats-unis","category-fascisme","tag-donald-trump","tag-etats-unis","tag-fascisme","tag-impeachment","tag-joe-biden","tag-parti-republicain"],"_links":{"self":[{"href":"https:\/\/www.pauljorion.com\/blog\/wp-json\/wp\/v2\/posts\/138147","targetHints":{"allow":["GET"]}}],"collection":[{"href":"https:\/\/www.pauljorion.com\/blog\/wp-json\/wp\/v2\/posts"}],"about":[{"href":"https:\/\/www.pauljorion.com\/blog\/wp-json\/wp\/v2\/types\/post"}],"author":[{"embeddable":true,"href":"https:\/\/www.pauljorion.com\/blog\/wp-json\/wp\/v2\/users\/1"}],"replies":[{"embeddable":true,"href":"https:\/\/www.pauljorion.com\/blog\/wp-json\/wp\/v2\/comments?post=138147"}],"version-history":[{"count":1,"href":"https:\/\/www.pauljorion.com\/blog\/wp-json\/wp\/v2\/posts\/138147\/revisions"}],"predecessor-version":[{"id":138149,"href":"https:\/\/www.pauljorion.com\/blog\/wp-json\/wp\/v2\/posts\/138147\/revisions\/138149"}],"wp:attachment":[{"href":"https:\/\/www.pauljorion.com\/blog\/wp-json\/wp\/v2\/media?parent=138147"}],"wp:term":[{"taxonomy":"category","embeddable":true,"href":"https:\/\/www.pauljorion.com\/blog\/wp-json\/wp\/v2\/categories?post=138147"},{"taxonomy":"post_tag","embeddable":true,"href":"https:\/\/www.pauljorion.com\/blog\/wp-json\/wp\/v2\/tags?post=138147"}],"curies":[{"name":"wp","href":"https:\/\/api.w.org\/{rel}","templated":true}]}}