{"id":138638,"date":"2024-01-27T21:31:57","date_gmt":"2024-01-27T20:31:57","guid":{"rendered":"https:\/\/www.pauljorion.com\/blog\/?p=138638"},"modified":"2024-01-28T00:16:25","modified_gmt":"2024-01-27T23:16:25","slug":"paul-jorion-est-il-lami-deric-zemmour","status":"publish","type":"post","link":"https:\/\/www.pauljorion.com\/blog\/2024\/01\/27\/paul-jorion-est-il-lami-deric-zemmour\/","title":{"rendered":"<b>Paul Jorion est-il l&rsquo;ami d&rsquo;\u00c9ric Zemmour&nbsp;?<\/b>"},"content":{"rendered":"<p><img loading=\"lazy\" decoding=\"async\" class=\"aligncenter size-large wp-image-138656\" src=\"https:\/\/www.pauljorion.com\/blog\/wp-content\/uploads\/Zemmour-PJ-27-1-24-1024x576.png\" alt=\"\" width=\"1024\" height=\"576\" srcset=\"https:\/\/www.pauljorion.com\/blog\/wp-content\/uploads\/Zemmour-PJ-27-1-24-1024x576.png 1024w, https:\/\/www.pauljorion.com\/blog\/wp-content\/uploads\/Zemmour-PJ-27-1-24-300x169.png 300w, https:\/\/www.pauljorion.com\/blog\/wp-content\/uploads\/Zemmour-PJ-27-1-24-768x432.png 768w, https:\/\/www.pauljorion.com\/blog\/wp-content\/uploads\/Zemmour-PJ-27-1-24.png 1320w\" sizes=\"auto, (max-width: 1024px) 100vw, 1024px\" \/><\/p>\n<p><em>Illustration Stable Diffusion + \u00a9 <a href=\"https:\/\/imagetting.com\/\" target=\"_blank\" rel=\"noopener\">Gregory van Gansen<\/a><\/em><\/p>\n<p>\u00c0 propos de<\/p>\n<p><a href=\"https:\/\/www.pauljorion.com\/blog\/2024\/01\/24\/primaires-du-parti-republicain-dans-le-new-hampshire\/comment-page-1\/#comment-988204\" target=\"_blank\" rel=\"noopener\">Vincent Rey, le 27 janvier 2024<\/a><\/p>\n<blockquote><p><em>Vous vous souvenez s\u00fbrement de cette vid\u00e9o ou la parole de Paul Jorion a \u00e9t\u00e9 interrompue sur le M\u00e9dia, parce qu\u2019il avait os\u00e9 dire que Zemmour ne disait pas que des choses fausses (au sujet de l\u2019Islam je crois).<\/em><\/p>\n<p><em>Souvenez-vous de la f\u00e9brilit\u00e9 de l\u2019animatrice, de son inqui\u00e9tude m\u00eame, et de la promptitude avec laquelle elle a r\u00e9orient\u00e9 la discussion sur quelqu\u2019un d\u2019autre. \u00c0 tout prix, il fallait que Paul Jorion se taise sur Zemmour, tout de suite.<\/em><\/p><\/blockquote>\n<p>Je rappelle, \u00e0 l&rsquo;intention de celles et ceux qui n&rsquo;auraient pas vu cette \u00e9mission, que j&rsquo;avais d\u00e9plor\u00e9 que les personnalit\u00e9s de gauche que l&rsquo;on oppose \u00e0 Zemmour dans les d\u00e9bats sont le plus souvent des personnes qui n&rsquo;ont pas sa connaissance technique des questions \u00e9voqu\u00e9es, ce qui les d\u00e9force automatiquement. Il n&rsquo;en fallait pas plus pour qu&rsquo;on veuille en effet me faire imm\u00e9diatement taire. La polarisation politique a atteint ce stade o\u00f9 dire, comme je le fais : \u00ab\u00a0m\u00eame s&rsquo;il apporte les mauvaises r\u00e9ponses, il pose les bonnes questions\u00a0\u00bb, suffit \u00e0 ce que l&rsquo;on vous accuse d&rsquo;\u00eatre son ami.<\/p>\n<p>Pour ce qui est de la diff\u00e9rence entre \u00ab\u00a0poser les bonnes questions\u00a0\u00bb et \u00ab\u00a0apporter les mauvaises r\u00e9ponses\u00a0\u00bb, je constate pour commencer que Zemmour avait appliqu\u00e9 de son c\u00f4t\u00e9 exactement ce que je recommande l\u00e0 dans la critique qu&rsquo;il avait r\u00e9dig\u00e9e de mon <em>Le dernier qui s&rsquo;en va \u00e9teint la lumi\u00e8re<\/em> pour le Figaro\u00a0: <a href=\"\/\/www.pauljorion.com\/blog\/2016\/03\/31\/le-figaro-apocalypse-now-par-eric-zemmour-le-31-mars-2016\/\" target=\"_blank\" rel=\"noopener\">\u00ab\u00a0Apocalyse now\u00a0\u00bb<\/a>, le 30 mars 2016, en m&rsquo;attaquant dans cette perspective d&rsquo;un \u00ab\u00a0m\u00eame si Jorion apporte les mauvaises r\u00e9ponses, il pose les bonnes questions\u00a0\u00bb\u00a0:<\/p>\n<blockquote><p><em>Antilib\u00e9ral d\u2019une rare f\u00e9rocit\u00e9, mais pas sans arguments. Il montre avec acuit\u00e9 comment le capitalisme est drogu\u00e9 \u00e0 la croissance tandis que notre survie \u00e9cologique r\u00e9clame la d\u00e9croissance.<\/em><\/p><\/blockquote>\n<p>Mais je n&rsquo;ai pas le souvenir qu&rsquo;on ait dit de lui \u00e0 cette \u00e9poque que cela signifiait que Zemmour avait vir\u00e9 \u00e0 gauche. La raison, je vais vous la dire : d\u00e8s que quelqu&rsquo;un de gauche prononce une phrase ou \u00e9crit une ligne, certains de ses \u00ab\u00a0amis\u00a0\u00bb \u00e0 gauche \u00e9mettront le soup\u00e7on qu&rsquo;il ou elle est peut-\u00eatre en train de virer \u00e0 droite, alors qu&rsquo;\u00e0 droite l&rsquo;opinion commune est que si l&rsquo;on s&rsquo;y trouve, on y est bien et que la tentation est nulle que l&rsquo;on veuille rejoindre le camp d&rsquo;en face.<\/p>\n<p>Qu&rsquo;est-ce que cela signifie ? Cela veut dire qu&rsquo;une fraction importante en tout cas des gens de gauche consid\u00e8rent que penser comme eux tient du miracle et qu&rsquo;au moindre incident de parcours une personne de gauche se mettra \u00e0 penser \u00e0 droite, penser \u00e0 droite \u00e9tant pour l&rsquo;humain la position par d\u00e9faut. Cela s&rsquo;explique \u00e0 mon sens par le fait que ces gens ne sont de gauche que par ressentiment et qu&rsquo;ils savent en leur for int\u00e9rieur que s&rsquo;ils avaient le bonheur de gagner au loto, ils rejoindraient leur camp naturel. Tragiquement pour nous, au cours de l&rsquo;Histoire, ce sont des gens de gauche comme eux qui ont constitu\u00e9 les troupes de la gauche autoritaire, liberticide et meurtri\u00e8re : stalinistes et apparent\u00e9s.<\/p>\n<p>Ce n&rsquo;est pas la gauche du ressentiment qui aura la peau de Zemmour et de ses troupes : ils chassent sur les m\u00eames terres, c&rsquo;est l&rsquo;autre gauche, celle indemne du ressentiment : celle de la bienveillance, de l&rsquo;altruisme et de la solidarit\u00e9, celle d&rsquo;\u00c9lis\u00e9e Reclus, de Jean Jaur\u00e8s, de Jean Moulin, du \u00ab\u00a0tous sur le m\u00eame bateau\u00a0\u00bb. Chez Zemmour, on est loin d&rsquo;\u00eatre tous sur le m\u00eame bateau : nous sommes &#8211; \u00e0 partir d&rsquo;une d\u00e9finition \u00e9triqu\u00e9e, mesquine du \u00ab\u00a0nous\u00a0\u00bb &#8211; embarqu\u00e9s sur une arm\u00e9e de zodiacs dont l&rsquo;\u00e9quipage n&rsquo;a qu&rsquo;une seule pr\u00e9occupation : tenter de crever le boudin des autres. Zemmour a grandi dans un milieu qui se consid\u00e9rait assi\u00e9g\u00e9, enferm\u00e9 dans des vendettas dont le pr\u00e9texte originaire s&rsquo;\u00e9tait perdu dans la nuit des temps. Zemmour me r\u00e9pondait :<\/p>\n<blockquote><p><em>Le danger mortel pour l\u2019humanit\u00e9 n\u2019est-il pas, \u00e0 l\u2019inverse de ce que pr\u00e9tend [Jorion], son pullulement excessif, qui la r\u00e9pand en masse dans des villes devenues invivables et la d\u00e9verse dans de vieilles cit\u00e9s europ\u00e9ennes, les submergeant et d\u00e9truisant leur civilisation mill\u00e9naire ?<\/em><\/p><\/blockquote>\n<p>Une \u00ab\u00a0civilisation mill\u00e9naire\u00a0\u00bb, nous en avons chacun une, ceux dont le \u00ab\u00a0pullulement\u00a0\u00bb (le vocabulaire d&rsquo;usage pour la vermine) terrifie Zemmour, aussi bien que ceux qu&rsquo;il d\u00e9finit comme son \u00ab\u00a0nous\u00a0\u00bb. Que chacun gagne donc les autres \u00e0 sa cause par l&rsquo;attractivit\u00e9 de son exemple ! Cela peut se faire dans le cadre d&rsquo;un \u00e9tat de droit o\u00f9 la loi s&rsquo;applique \u00e0 tous exactement de la m\u00eame mani\u00e8re, \u00e0 l&rsquo;abri &#8211; qui reste en chantier &#8211; de tout d\u00e9lit de faci\u00e8s. Le \u00ab\u00a0nous\u00a0\u00bb de Zemmour est celui de l&rsquo;assimilation et ses ennemis sont ceux qui, vivant parmi nous, n&rsquo;ont pas baiss\u00e9 les armes qu&rsquo;une religion ritualiste et nationaliste les ont encourag\u00e9s \u00e0 prendre. Mais faire en sorte que la paix r\u00e8gne entre tous dans les limites du territoire national n&rsquo;exige pas que des appels \u00e0 la croisade soient lanc\u00e9s. La peur est mauvaise conseill\u00e8re, la terreur \u00e9prouv\u00e9e \u00e0 l&rsquo;\u00e9gard de l&rsquo;autre est grosse d&rsquo;encore bien pire.<\/p>\n<p>Zemmour surfe en effet au point de rencontre de la peur et du ressentiment et rien de bon n&rsquo;en adviendra jamais : seulement des champs de morts \u00e0 l&rsquo;infini. Homme intelligent, il lui reste \u00e0 rejoindre le rang de ceux qui partagent le sentiment d&rsquo;Aristote que \u00ab\u00a0l&rsquo;Homme est un animal social\u00a0\u00bb. Quand Hobbes dit que \u00ab\u00a0L&rsquo;homme est un loup pour l&rsquo;homme\u00a0\u00bb, il avait ajout\u00e9 \u00ab\u00a0&#8230; comme nous l&rsquo;avons vu lors de notre r\u00e9cente guerre civile\u00a0\u00bb. La seconde partie de la phrase est essentielle. Il est vrai que l&rsquo;actualit\u00e9 ne nous y encourage gu\u00e8re mais le moment est venu &#8211; avant que nous n&rsquo;ayons enti\u00e8rement rendu notre plan\u00e8te hors d&rsquo;usage &#8211; d&rsquo;\u00e9merger de la guerre civile !<\/p>\n<p>La r\u00e9ponse de Zemmour \u00e0 ce que je dis l\u00e0, je la connais puisqu&rsquo;il l&rsquo;a d\u00e9j\u00e0 \u00e9nonc\u00e9e\u00a0:<\/p>\n<blockquote><p><em>Jorion est un humaniste \u00e9gar\u00e9 dans un monde techniciste. Son essai sur l\u2019extinction de l\u2019humanit\u00e9 h\u00e9site entre la fable et le pamphlet, entre la parabole et la note \u00e9conomique, entre la proph\u00e9tie mill\u00e9nariste et le rapport d\u2019entreprise. On le suit et on le perd. Il ne se lasse pas de citer le Macbeth de Shakespeare : \u00ab La vie\u2026 est un conte racont\u00e9 par un idiot, rempli de vacarme et de fureur, ne signifiant rien. \u00bb \u00c0 la fin, on ne sait toujours pas s\u2019il pr\u00e9f\u00e8re dispara\u00eetre sur cette terre ou trouver refuge sur une autre plan\u00e8te. Mais on garde la vieille maison. On ne sait jamais : elle peut encore servir.<\/em><\/p><\/blockquote>\n<p>Je vous l&rsquo;accorde, Monsieur Zemmour, mais cette perspective-l\u00e0 n&rsquo;est-elle pas mille fois pr\u00e9f\u00e9rable au repliement sur soi motiv\u00e9 seulement par la crainte, voire par la terreur ? Ma propre famille n&rsquo;a pas \u00e9t\u00e9 \u00e9pargn\u00e9e par les horreurs de l&rsquo;Histoire mais les survivants, ayant b\u00e9n\u00e9fici\u00e9 de l&rsquo;improbable hasard de passer entre les gouttes, m&rsquo;ont transmis le message que nous pouvons chacun, \u00e0 l&rsquo;\u00e9chelle qui nous a \u00e9t\u00e9 offerte par les circonstances, qu&rsquo;il pleuve ou qu&rsquo;il vente, \u0153uvrer pour un mieux. Rejoignez ce camp, il n&rsquo;y a rien \u00e0 perdre pour l&rsquo;humanit\u00e9, seulement tout \u00e0 gagner.<\/p>\n","protected":false},"excerpt":{"rendered":"<p><img loading=\"lazy\" decoding=\"async\" class=\"aligncenter size-large wp-image-138656\" src=\"https:\/\/www.pauljorion.com\/blog\/wp-content\/uploads\/Zemmour-PJ-27-1-24-1024x576.png\" alt=\"\" width=\"1024\" height=\"576\" srcset=\"https:\/\/www.pauljorion.com\/blog\/wp-content\/uploads\/Zemmour-PJ-27-1-24-1024x576.png 1024w, https:\/\/www.pauljorion.com\/blog\/wp-content\/uploads\/Zemmour-PJ-27-1-24-300x169.png 300w, https:\/\/www.pauljorion.com\/blog\/wp-content\/uploads\/Zemmour-PJ-27-1-24-768x432.png 768w, https:\/\/www.pauljorion.com\/blog\/wp-content\/uploads\/Zemmour-PJ-27-1-24.png 1320w\" sizes=\"auto, (max-width: 1024px) 100vw, 1024px\" \/><\/p>\n<p><em>Illustration Stable Diffusion + \u00a9 <a href=\"https:\/\/imagetting.com\/\" target=\"_blank\" rel=\"noopener\">Gregory van Gansen<\/a><\/em><\/p>\n<p>\u00c0 propos de<\/p>\n<p><a href=\"https:\/\/www.pauljorion.com\/blog\/2024\/01\/24\/primaires-du-parti-republicain-dans-le-new-hampshire\/comment-page-1\/#comment-988204\" target=\"_blank\" rel=\"noopener\">Vincent Rey, le 27 janvier 2024<\/a><\/p>\n<blockquote>\n<p><em>Vous vous souvenez s\u00fbrement de cette vid\u00e9o ou la parole de Paul Jorion a \u00e9t\u00e9 interrompue sur le M\u00e9dia, parce qu\u2019il avait os\u00e9 [&hellip;]<\/em><\/p>\n<\/blockquote>\n","protected":false},"author":1,"featured_media":0,"comment_status":"open","ping_status":"closed","sticky":false,"template":"","format":"standard","meta":{"footnotes":""},"categories":[17,6,6381],"tags":[4067,8200,7978,9198,1035],"class_list":["post-138638","post","type-post","status-publish","format-standard","hentry","category-politique","category-questions-essentielles","category-racisme","tag-eric-zemmour","tag-la-droite","tag-la-gauche","tag-logique-identitaire","tag-thomas-hobbes"],"_links":{"self":[{"href":"https:\/\/www.pauljorion.com\/blog\/wp-json\/wp\/v2\/posts\/138638","targetHints":{"allow":["GET"]}}],"collection":[{"href":"https:\/\/www.pauljorion.com\/blog\/wp-json\/wp\/v2\/posts"}],"about":[{"href":"https:\/\/www.pauljorion.com\/blog\/wp-json\/wp\/v2\/types\/post"}],"author":[{"embeddable":true,"href":"https:\/\/www.pauljorion.com\/blog\/wp-json\/wp\/v2\/users\/1"}],"replies":[{"embeddable":true,"href":"https:\/\/www.pauljorion.com\/blog\/wp-json\/wp\/v2\/comments?post=138638"}],"version-history":[{"count":10,"href":"https:\/\/www.pauljorion.com\/blog\/wp-json\/wp\/v2\/posts\/138638\/revisions"}],"predecessor-version":[{"id":138664,"href":"https:\/\/www.pauljorion.com\/blog\/wp-json\/wp\/v2\/posts\/138638\/revisions\/138664"}],"wp:attachment":[{"href":"https:\/\/www.pauljorion.com\/blog\/wp-json\/wp\/v2\/media?parent=138638"}],"wp:term":[{"taxonomy":"category","embeddable":true,"href":"https:\/\/www.pauljorion.com\/blog\/wp-json\/wp\/v2\/categories?post=138638"},{"taxonomy":"post_tag","embeddable":true,"href":"https:\/\/www.pauljorion.com\/blog\/wp-json\/wp\/v2\/tags?post=138638"}],"curies":[{"name":"wp","href":"https:\/\/api.w.org\/{rel}","templated":true}]}}