{"id":140619,"date":"2024-06-27T14:22:45","date_gmt":"2024-06-27T12:22:45","guid":{"rendered":"https:\/\/www.pauljorion.com\/blog\/?p=140619"},"modified":"2024-06-27T14:22:45","modified_gmt":"2024-06-27T12:22:45","slug":"nouveau-front-populaire-les-choses-dont-on-ne-fait-que-parler-mais-en-faisant-semblant-quon-nen-parle-pas","status":"publish","type":"post","link":"https:\/\/www.pauljorion.com\/blog\/2024\/06\/27\/nouveau-front-populaire-les-choses-dont-on-ne-fait-que-parler-mais-en-faisant-semblant-quon-nen-parle-pas\/","title":{"rendered":"<b>Nouveau Front populaire : Les choses dont on ne fait que parler mais en faisant semblant qu&rsquo;on n&rsquo;en parle pas&nbsp;!<\/b>"},"content":{"rendered":"<p><a href=\"https:\/\/www.pauljorion.com\/blog\/wp-content\/uploads\/DALL\u00b7E-2024-06-27-13.59.57-A-realistic-depiction-of-Alexander-the-Great-Julius-Caesar-and-Napoleon-Bonaparte-standing-together.-Alexander-the-Great-is-depicted-as-a-young-str.webp\"><img loading=\"lazy\" decoding=\"async\" class=\"aligncenter size-full wp-image-140622\" src=\"https:\/\/www.pauljorion.com\/blog\/wp-content\/uploads\/DALL\u00b7E-2024-06-27-13.59.57-A-realistic-depiction-of-Alexander-the-Great-Julius-Caesar-and-Napoleon-Bonaparte-standing-together.-Alexander-the-Great-is-depicted-as-a-young-str.webp\" alt=\"\" width=\"1792\" height=\"1024\" srcset=\"https:\/\/www.pauljorion.com\/blog\/wp-content\/uploads\/DALL\u00b7E-2024-06-27-13.59.57-A-realistic-depiction-of-Alexander-the-Great-Julius-Caesar-and-Napoleon-Bonaparte-standing-together.-Alexander-the-Great-is-depicted-as-a-young-str.webp 1792w, https:\/\/www.pauljorion.com\/blog\/wp-content\/uploads\/DALL\u00b7E-2024-06-27-13.59.57-A-realistic-depiction-of-Alexander-the-Great-Julius-Caesar-and-Napoleon-Bonaparte-standing-together.-Alexander-the-Great-is-depicted-as-a-young-str-300x171.webp 300w, https:\/\/www.pauljorion.com\/blog\/wp-content\/uploads\/DALL\u00b7E-2024-06-27-13.59.57-A-realistic-depiction-of-Alexander-the-Great-Julius-Caesar-and-Napoleon-Bonaparte-standing-together.-Alexander-the-Great-is-depicted-as-a-young-str-1024x585.webp 1024w, https:\/\/www.pauljorion.com\/blog\/wp-content\/uploads\/DALL\u00b7E-2024-06-27-13.59.57-A-realistic-depiction-of-Alexander-the-Great-Julius-Caesar-and-Napoleon-Bonaparte-standing-together.-Alexander-the-Great-is-depicted-as-a-young-str-768x439.webp 768w, https:\/\/www.pauljorion.com\/blog\/wp-content\/uploads\/DALL\u00b7E-2024-06-27-13.59.57-A-realistic-depiction-of-Alexander-the-Great-Julius-Caesar-and-Napoleon-Bonaparte-standing-together.-Alexander-the-Great-is-depicted-as-a-young-str-1536x878.webp 1536w\" sizes=\"auto, (max-width: 1792px) 100vw, 1792px\" \/><\/a><\/p>\n<blockquote><p><em>Illustration par DALL\u00b7E<\/em><\/p><\/blockquote>\n<p>Dans ma vid\u00e9o, il y a quinze jours, qui s&rsquo;appelait <a href=\"https:\/\/www.pauljorion.com\/blog\/2024\/06\/14\/video-front-populaire-ce-quil-ne-faut-pas-perdre-de-vue\/\" target=\"_blank\" rel=\"noopener\">Front populaire : ce qu&rsquo;il ne faut pas perdre de vue<\/a>, je vous disais en particulier ceci&nbsp;:<\/p>\n<blockquote><p>\u00ab\u00a0&#8230; quand je viens dire&nbsp;: \u00ab\u00a0\u00c9coutez, il faut vraiment r\u00e9fl\u00e9chir au fonds de vieilles guerres de religion qui est l\u00e0, purulent, en-dessous de la surface\u00a0\u00bb, on me dit : \u00ab\u00a0Mais de quoi vous parlez&nbsp;? etc. Ne faites pas le jeu de l&rsquo;extr\u00eame-droite&nbsp;!\u00a0\u00bb<\/p>\n<p>C&rsquo;est au sein des discussions, en ce moment au sein du Front populaire, la Palestine,\u00a0l&rsquo;antis\u00e9mitisme \u00e9ventuellement latent, \u00e0 l&rsquo;int\u00e9rieur des discussions qui ont lieu !\u00a0\u00bb<\/p><\/blockquote>\n<p>On m&rsquo;a si bien entendu que depuis, on ne parle plus QUE de \u00e7a au sein du NFP ! Et comme je le d\u00e9non\u00e7ais \u00e0 l&rsquo;avance aussi&nbsp;:<\/p>\n<blockquote><p>Ce sont des plaies qui continuent \u00e0 \u00eatre infect\u00e9es. Il faut mettre \u00e7a sur la table, surtout si on en parle mais en faisant semblant qu&rsquo;on n&rsquo;en parle pas !<\/p><\/blockquote>\n<p>Voici la retranscription compl\u00e8te de cette partie de ma vid\u00e9o :<\/p>\n<blockquote>\n<p class=\"p1\">Deuxi\u00e8me chose sur laquelle j&rsquo;attire l&rsquo;attention et toujours source de malentendus parce qu&rsquo;on me dit, d\u00e8s que je soul\u00e8ve la question dans ces termes l\u00e0, on me dit : \u00ab\u00a0Mais vous faites le jeu de l&rsquo;extr\u00eame-droite&nbsp;!\u00a0\u00bb, parce que l&rsquo;extr\u00eame-droite pose la question dans ces termes-l\u00e0.<\/p>\n<p class=\"p1\">Tout petit d\u00e9tour. En 2015, au moment o\u00f9 Monsieur Trump se pr\u00e9sente aux primaires du Parti r\u00e9publicain et il aura le parcours que vous connaissez d&rsquo;\u00eatre en particulier pr\u00e9sident des \u00c9tats-Unis, et d&rsquo;\u00eatre candidat &#8211; il le sera d\u00e9clar\u00e9 officiellement dans quelques jours &#8211; candidat du Parti r\u00e9publicain. Je l&rsquo;ai appel\u00e9 le g\u00e9n\u00e9ral de l&rsquo;arm\u00e9e en d\u00e9route &#8230; de la guerre de S\u00e9cession, du c\u00f4t\u00e9 des Conf\u00e9d\u00e9r\u00e9s.<\/p>\n<p class=\"p1\">Alors pourquoi est-ce que je dis \u00e7a&nbsp;?<\/p>\n<p class=\"p1\">Parce que sous-jacent aux populations, aux \u00e9lecteurs qui votent pour Trump, il y a ces relents de la guerre de S\u00e9cession perdue par les esclavagistes, gagn\u00e9e par les abolitionnistes. Avec, pour r\u00e9tablir la paix dans les m\u00e9nages et dans la politique locale, qu&rsquo;on\u00a0fait des cadeaux. On fait des cadeaux aux perdants et les probl\u00e8mes ne sont jamais r\u00e9gl\u00e9s.<\/p>\n<p class=\"p1\">\u00c0 la fin de la guerre de S\u00e9cession, on avait promis aux esclaves lib\u00e9r\u00e9s 40 acres et une mule. Il n&rsquo;en a jamais \u00e9t\u00e9 question. On a remis en place un syst\u00e8me qu&rsquo;on a appel\u00e9 \u00ab\u00a0sharecropping\u00a0\u00bb, l&rsquo;ancien nom, l&rsquo;\u00e9quivalent en anglais du m\u00e9tayage, et on a simplement r\u00e9tabli quelque chose qui ressemblait vaguement \u00e0 l&rsquo;ancien esclavage. Et on a permis aux gens de se proclamer \u00ab\u00a0libres\u00a0\u00bb alors qu&rsquo;ils travaillaient pratiquement dans les m\u00eames conditions qu&rsquo;avant.<\/p>\n<p class=\"p1\">En Occident, il y a une grande guerre de religion : celle entre protestants et catholiques au sein du christianisme qui a \u00e9t\u00e9 r\u00e9gl\u00e9e, elle est r\u00e9gl\u00e9 dans nos soci\u00e9t\u00e9s. Mais il y a des choses beaucoup plus anciennes, des guerres de religion qui sont toujours sous-jacentes, des plaies infect\u00e9es, purulentes qui sont toujours l\u00e0 : la guerre entre les chr\u00e9tiens et les \u00ab\u00a0Sarrasins\u00a0\u00bb ou les \u00ab\u00a0Maures\u00a0\u00bb est toujours l\u00e0, sous-jacente.<\/p>\n<p class=\"p1\">\u00c7a vous dit quelque chose, \u00ab\u00a0\u00c9vangile de Thomas (l&rsquo;Isra\u00e9lite)\u00a0\u00bb ou \u00ab\u00a0\u00c9vangile de l&rsquo;enfance\u00a0\u00bb ? C&rsquo;est un \u00e9vangile qui n&rsquo;a pas \u00e9t\u00e9 retenu. On appelle \u00e7a un \u00e9vangile \u00ab\u00a0apocryphe\u00a0\u00bb. Mais il a continu\u00e9 \u00e0 circuler.<\/p>\n<p class=\"p1\">Et en particulier il y a des \u00e9l\u00e9ments de cet \u00e9vangile de Thomas qui ont \u00e9t\u00e9 repris dans le message du Coran&nbsp;; il [cet \u00e9vangile de Thomas] contient un message antis\u00e9mite extr\u00eamement virulent.<\/p>\n<p class=\"p1\">Si vous regardez les discussions qui ont lieu en ce moment, les tractations qui ont lieu au sein de ce Front populaire, vous verrez mentionner l&rsquo;antis\u00e9mitisme, l&rsquo;attitude vis-\u00e0-vis de la Palestine, etc.<\/p>\n<p class=\"p1\">En m\u00eame temps, quand je viens dire&nbsp;: \u00ab\u00a0\u00c9coutez, il faut vraiment r\u00e9fl\u00e9chir au fonds de vieilles guerres de religion qui est l\u00e0, purulent, en-dessous de la surface\u00a0\u00bb, on me dit : \u00ab\u00a0Mais de quoi vous parlez ? etc. Ne faites pas le jeu de l&rsquo;extr\u00eame droite !\u00a0\u00bb. C&rsquo;est au sein des discussions, en ce moment au sein du Front populaire, la Palestine, l&rsquo;antis\u00e9mitisme \u00e9ventuellement latent, \u00e0 l&rsquo;int\u00e9rieur des discussions qui ont lieu !<\/p>\n<p class=\"p1\">C&rsquo;est sous-jacent aux discussions qui ont lieu en ce moment autour justement du Front populaire, ces vieilles querelles li\u00e9es \u00e0 des guerres de religion qui datent &#8230;\u00a0 je le mentionne, parce que l&rsquo;extr\u00eame-droite mentionne la bataille de Poitiers, autrefois appel\u00e9e \u00ab\u00a0bataille de Tours\u00a0\u00bb, en 732.<\/p>\n<p class=\"p1\">Ce n&rsquo;est pas indiff\u00e9rent. Ce n&rsquo;est pas indiff\u00e9rent !<\/p>\n<p class=\"p1\">Les Sarrasins, les Maures, sont vaincus sur un champ de bataille \u00e0 Tours, ou entre Tours et Poitiers.<\/p>\n<p class=\"p1\">Regardez sur la carte o\u00f9 \u00e7a se situe&nbsp;!<\/p>\n<p class=\"p1\">Et ne me dites pas : \u00ab\u00a0\u00c7a\u00a0n&rsquo;a aucune importance&nbsp;!\u00a0\u00bb ou alors \u00ab\u00a0C&rsquo;est un truc revanchard&nbsp;!\u00a0\u00bb.<\/p>\n<p class=\"p1\">\u00ab\u00a0Il ne faut pas mentionner les croisades parce que c&rsquo;est une mani\u00e8re de dire qu&rsquo;on avait gagn\u00e9&nbsp;!\u00a0\u00bb<\/p>\n<p class=\"p1\">\u00ab\u00a0Il ne faut pas mentionner la bataille de Poitiers parce que c&rsquo;est une mani\u00e8re de dire qu&rsquo;on avait gagn\u00e9&nbsp;!\u00a0\u00bb.<\/p>\n<p class=\"p1\">Ce n&rsquo;est pas \u00e7a, ce n&rsquo;est pas \u00e7a&nbsp;! C&rsquo;est une vieille guerre qui est l\u00e0 ! C&rsquo;est une vieille guerre qui est encore purulente&nbsp;!<\/p>\n<p class=\"p1\">Et quand des communaut\u00e9s appartenant \u00e0 ces deux camps, le camp vainqueur et le camp vaincu, sont l\u00e0, et qu&rsquo;on met enti\u00e8rement entre parenth\u00e8ses les vieux contentieux, ce n&rsquo;est pas une bonne mani\u00e8re de voir les choses.<\/p>\n<p class=\"p1\">Il y a cette notion chez Hegel : \u00ab\u00a0la ruse de la Raison\u00a0\u00bb. Il appelle \u00e7a aussi \u00ab\u00a0l&rsquo;Esprit du monde\u00a0\u00bb&nbsp;: la \u00ab\u00a0Raison\u00a0\u00bb ou \u00ab\u00a0Esprit du monde\u00a0\u00bb. Il dit que c&rsquo;est \u00e7a qui est \u00e0 l&rsquo;\u0153uvre, c&rsquo;est \u00e7a qui est \u00e0 l&rsquo;\u0153uvre dans l&rsquo;histoire.<\/p>\n<p class=\"p1\">Et\u00a0 pourquoi est-ce qu&rsquo;il y a une ruse ? La ruse, dit-il, c&rsquo;est parce que les contemporains ne comprennent jamais de quoi il est question.<\/p>\n<p class=\"p1\">Si, il y a parfois des personnages ici et l\u00e0. Et il en cite trois dans son ouvrage <i>La Raison dans l&rsquo;histoire<\/i> qui est une partie de ses le\u00e7ons sur la philosophie de l&rsquo;Histoire, il cite Alexandre, Jules C\u00e9sar et Napol\u00e9on.<\/p>\n<p class=\"p1\">Il dit&nbsp;: \u00ab\u00a0Il y a des personnes qui ont compris l&rsquo;\u00e9poque dans laquelle ils se trouvaient. Mais tout le reste en g\u00e9n\u00e9ral\u2026\u00a0\u00bb.<\/p>\n<p class=\"p1\">Et donc trois personnages dans l&rsquo;Histoire, ce n&rsquo;est pas beaucoup.<\/p>\n<p class=\"p1\">Ce qu&rsquo;il faut faire, nous, c&rsquo;est de voir quelles sont encore les grandes forces &#8211; la raison et la d\u00e9raison surtout &#8211; qui sont \u00e0 l&rsquo;\u0153uvre dans l&rsquo;histoire, il faut les rep\u00e9rer et en parler, parce que sinon, voil\u00e0, justement, ce sont des plaies qui ne cicatrisent jamais.<\/p>\n<p class=\"p1\">Ce sont des plaies qui continuent \u00e0 \u00eatre infect\u00e9es. Il faut mettre \u00e7a sur la table, surtout si on en parle mais en faisant semblant qu&rsquo;on n&rsquo;en parle pas !<\/p>\n<p class=\"p1\">Voil\u00e0 quelques petits conseils.<\/p>\n<\/blockquote>\n<p><iframe loading=\"lazy\" title=\"YouTube video player\" src=\"https:\/\/www.youtube.com\/embed\/YMe4bOaywjw?si=J0Ftfy5i7vBRLiie\" width=\"700\" height=\"450\" frameborder=\"0\" allowfullscreen=\"allowfullscreen\"><\/iframe><\/p>\n<p><a href=\"https:\/\/www.pauljorion.com\/blog\/wp-content\/uploads\/DALL\u00b7E-2024-06-27-13.57.11-A-realistic-depiction-of-Alexander-the-Great-Julius-Caesar-and-Napoleon-Bonaparte-standing-together.-Alexander-the-Great-is-depicted-as-a-young-str.webp\"><img loading=\"lazy\" decoding=\"async\" class=\"aligncenter size-full wp-image-140620\" src=\"https:\/\/www.pauljorion.com\/blog\/wp-content\/uploads\/DALL\u00b7E-2024-06-27-13.57.11-A-realistic-depiction-of-Alexander-the-Great-Julius-Caesar-and-Napoleon-Bonaparte-standing-together.-Alexander-the-Great-is-depicted-as-a-young-str.webp\" alt=\"\" width=\"1792\" height=\"1024\" srcset=\"https:\/\/www.pauljorion.com\/blog\/wp-content\/uploads\/DALL\u00b7E-2024-06-27-13.57.11-A-realistic-depiction-of-Alexander-the-Great-Julius-Caesar-and-Napoleon-Bonaparte-standing-together.-Alexander-the-Great-is-depicted-as-a-young-str.webp 1792w, https:\/\/www.pauljorion.com\/blog\/wp-content\/uploads\/DALL\u00b7E-2024-06-27-13.57.11-A-realistic-depiction-of-Alexander-the-Great-Julius-Caesar-and-Napoleon-Bonaparte-standing-together.-Alexander-the-Great-is-depicted-as-a-young-str-300x171.webp 300w, https:\/\/www.pauljorion.com\/blog\/wp-content\/uploads\/DALL\u00b7E-2024-06-27-13.57.11-A-realistic-depiction-of-Alexander-the-Great-Julius-Caesar-and-Napoleon-Bonaparte-standing-together.-Alexander-the-Great-is-depicted-as-a-young-str-1024x585.webp 1024w, https:\/\/www.pauljorion.com\/blog\/wp-content\/uploads\/DALL\u00b7E-2024-06-27-13.57.11-A-realistic-depiction-of-Alexander-the-Great-Julius-Caesar-and-Napoleon-Bonaparte-standing-together.-Alexander-the-Great-is-depicted-as-a-young-str-768x439.webp 768w, https:\/\/www.pauljorion.com\/blog\/wp-content\/uploads\/DALL\u00b7E-2024-06-27-13.57.11-A-realistic-depiction-of-Alexander-the-Great-Julius-Caesar-and-Napoleon-Bonaparte-standing-together.-Alexander-the-Great-is-depicted-as-a-young-str-1536x878.webp 1536w\" sizes=\"auto, (max-width: 1792px) 100vw, 1792px\" \/><\/a><\/p>\n<blockquote><p><em>Illustration par DALL\u00b7E<\/em><\/p><\/blockquote>\n","protected":false},"excerpt":{"rendered":"<p><a href=\"https:\/\/www.pauljorion.com\/blog\/wp-content\/uploads\/DALL\u00b7E-2024-06-27-13.59.57-A-realistic-depiction-of-Alexander-the-Great-Julius-Caesar-and-Napoleon-Bonaparte-standing-together.-Alexander-the-Great-is-depicted-as-a-young-str.webp\"><img loading=\"lazy\" decoding=\"async\" class=\"aligncenter size-full wp-image-140622\" src=\"https:\/\/www.pauljorion.com\/blog\/wp-content\/uploads\/DALL\u00b7E-2024-06-27-13.59.57-A-realistic-depiction-of-Alexander-the-Great-Julius-Caesar-and-Napoleon-Bonaparte-standing-together.-Alexander-the-Great-is-depicted-as-a-young-str.webp\" alt=\"\" width=\"1792\" height=\"1024\" srcset=\"https:\/\/www.pauljorion.com\/blog\/wp-content\/uploads\/DALL\u00b7E-2024-06-27-13.59.57-A-realistic-depiction-of-Alexander-the-Great-Julius-Caesar-and-Napoleon-Bonaparte-standing-together.-Alexander-the-Great-is-depicted-as-a-young-str.webp 1792w, https:\/\/www.pauljorion.com\/blog\/wp-content\/uploads\/DALL\u00b7E-2024-06-27-13.59.57-A-realistic-depiction-of-Alexander-the-Great-Julius-Caesar-and-Napoleon-Bonaparte-standing-together.-Alexander-the-Great-is-depicted-as-a-young-str-300x171.webp 300w, https:\/\/www.pauljorion.com\/blog\/wp-content\/uploads\/DALL\u00b7E-2024-06-27-13.59.57-A-realistic-depiction-of-Alexander-the-Great-Julius-Caesar-and-Napoleon-Bonaparte-standing-together.-Alexander-the-Great-is-depicted-as-a-young-str-1024x585.webp 1024w, https:\/\/www.pauljorion.com\/blog\/wp-content\/uploads\/DALL\u00b7E-2024-06-27-13.59.57-A-realistic-depiction-of-Alexander-the-Great-Julius-Caesar-and-Napoleon-Bonaparte-standing-together.-Alexander-the-Great-is-depicted-as-a-young-str-768x439.webp 768w, https:\/\/www.pauljorion.com\/blog\/wp-content\/uploads\/DALL\u00b7E-2024-06-27-13.59.57-A-realistic-depiction-of-Alexander-the-Great-Julius-Caesar-and-Napoleon-Bonaparte-standing-together.-Alexander-the-Great-is-depicted-as-a-young-str-1536x878.webp 1536w\" sizes=\"auto, (max-width: 1792px) 100vw, 1792px\" \/><\/a><\/p>\n<blockquote>\n<p><em>Illustration par DALL\u00b7E<\/em><\/p>\n<\/blockquote>\n<p>Dans ma vid\u00e9o, il y a quinze jours, qui s&rsquo;appelait <a href=\"https:\/\/www.pauljorion.com\/blog\/2024\/06\/14\/video-front-populaire-ce-quil-ne-faut-pas-perdre-de-vue\/\" target=\"_blank\" rel=\"noopener\">Front populaire : ce qu&rsquo;il ne faut pas perdre de vue<\/a>, je vous disais en particulier ceci&nbsp;:<\/p>\n<blockquote>\n<p>\u00ab\u00a0&#8230; quand je viens dire&nbsp;: \u00ab\u00a0\u00c9coutez, il faut vraiment r\u00e9fl\u00e9chir au fonds [&hellip;]<\/p>\n<\/blockquote>\n","protected":false},"author":1,"featured_media":0,"comment_status":"open","ping_status":"closed","sticky":false,"template":"","format":"standard","meta":{"footnotes":""},"categories":[6093,4454,9517,17],"tags":[8814,4255,9625,4442,9627,361,9658,9659,5326,9657,2302],"class_list":["post-140619","post","type-post","status-publish","format-standard","hentry","category-fascisme","category-france","category-palestine","category-politique","tag-alexandre-le-grand","tag-antisemitisme","tag-bataille-de-poitiers","tag-donald-trump","tag-elections-legislatives-2024","tag-g-w-f-hegel","tag-guerre-de-religions","tag-jules-cesar","tag-napoleon-bonaparte","tag-nouveau-front-populaire","tag-palestine"],"_links":{"self":[{"href":"https:\/\/www.pauljorion.com\/blog\/wp-json\/wp\/v2\/posts\/140619","targetHints":{"allow":["GET"]}}],"collection":[{"href":"https:\/\/www.pauljorion.com\/blog\/wp-json\/wp\/v2\/posts"}],"about":[{"href":"https:\/\/www.pauljorion.com\/blog\/wp-json\/wp\/v2\/types\/post"}],"author":[{"embeddable":true,"href":"https:\/\/www.pauljorion.com\/blog\/wp-json\/wp\/v2\/users\/1"}],"replies":[{"embeddable":true,"href":"https:\/\/www.pauljorion.com\/blog\/wp-json\/wp\/v2\/comments?post=140619"}],"version-history":[{"count":5,"href":"https:\/\/www.pauljorion.com\/blog\/wp-json\/wp\/v2\/posts\/140619\/revisions"}],"predecessor-version":[{"id":140627,"href":"https:\/\/www.pauljorion.com\/blog\/wp-json\/wp\/v2\/posts\/140619\/revisions\/140627"}],"wp:attachment":[{"href":"https:\/\/www.pauljorion.com\/blog\/wp-json\/wp\/v2\/media?parent=140619"}],"wp:term":[{"taxonomy":"category","embeddable":true,"href":"https:\/\/www.pauljorion.com\/blog\/wp-json\/wp\/v2\/categories?post=140619"},{"taxonomy":"post_tag","embeddable":true,"href":"https:\/\/www.pauljorion.com\/blog\/wp-json\/wp\/v2\/tags?post=140619"}],"curies":[{"name":"wp","href":"https:\/\/api.w.org\/{rel}","templated":true}]}}