{"id":141393,"date":"2024-08-24T18:59:22","date_gmt":"2024-08-24T16:59:22","guid":{"rendered":"https:\/\/www.pauljorion.com\/blog\/?p=141393"},"modified":"2024-08-24T18:59:22","modified_gmt":"2024-08-24T16:59:22","slug":"kamala-harris-sur-le-blog-de-paul-jorion-de-2019-a-2021","status":"publish","type":"post","link":"https:\/\/www.pauljorion.com\/blog\/2024\/08\/24\/kamala-harris-sur-le-blog-de-paul-jorion-de-2019-a-2021\/","title":{"rendered":"<b>Kamala Harris sur le Blog de Paul Jorion<\/b>&nbsp;: de 2019 \u00e0 2021"},"content":{"rendered":"<p><img loading=\"lazy\" decoding=\"async\" class=\"aligncenter size-full wp-image-141400\" src=\"https:\/\/www.pauljorion.com\/blog\/wp-content\/uploads\/SD-Kamala-Harris-1-24-8-24.jpg\" alt=\"\" width=\"1024\" height=\"1024\" srcset=\"https:\/\/www.pauljorion.com\/blog\/wp-content\/uploads\/SD-Kamala-Harris-1-24-8-24.jpg 1024w, https:\/\/www.pauljorion.com\/blog\/wp-content\/uploads\/SD-Kamala-Harris-1-24-8-24-300x300.jpg 300w, https:\/\/www.pauljorion.com\/blog\/wp-content\/uploads\/SD-Kamala-Harris-1-24-8-24-150x150.jpg 150w, https:\/\/www.pauljorion.com\/blog\/wp-content\/uploads\/SD-Kamala-Harris-1-24-8-24-768x768.jpg 768w\" sizes=\"auto, (max-width: 1024px) 100vw, 1024px\" \/><\/p>\n<blockquote><p><em>Portrait par Stable Diffusion<\/em><\/p><\/blockquote>\n<h2><b>Trump : \u00ab\u00a0Pas de session de rattrapage pour les D\u00e9mocrates !\u00a0\u00bb<\/b><\/h2>\n<p>Le 6 mai 2019 :<\/p>\n<p>Il y a eu aussi,\u00a0<a href=\"https:\/\/www.pauljorion.com\/blog\/2019\/05\/01\/etats-unis-lethique-est-un-complot-communiste\/\" target=\"_blank\" rel=\"noreferrer noopener\" aria-label=\"la d\u00e9position de Barr devant le S\u00e9nat (ouverture dans un nouvel onglet)\">la d\u00e9position de Barr devant le S\u00e9nat<\/a>, le 1<sup>er<\/sup>\u00a0mai, o\u00f9 a fait preuve d\u2019un art consomm\u00e9,\u00a0<a href=\"https:\/\/fr.wikipedia.org\/wiki\/Kamala_Harris\" target=\"_blank\" rel=\"noreferrer noopener\" aria-label=\"Kamala Harris (ouverture dans un nouvel onglet)\">Kamala Harris<\/a>, avocate et candidate \u00e0 la primaire pr\u00e9sidentielle D\u00e9mocrate, en d\u00e9montrant par A plus B que le comportement de Barr depuis sa nomination \u00e9tait celui d\u2019un avocat personnel de Trump, et non celui attendu d\u2019un ministre de la Justice \u2013 marquant ainsi des points dans sa propre course \u00e0 la Pr\u00e9sidence.<\/p>\n<h2 class=\"wp-block-post-title\"><b>Kamala Harris, candidate D\u00e9mocrate \u00e0 la Vice-pr\u00e9sidence<\/b><\/h2>\n<div class=\"wp-block-columns is-layout-flex wp-container-core-columns-is-layout-1 wp-block-columns-is-layout-flex\">\n<div class=\"wp-block-column is-layout-flow wp-block-column-is-layout-flow\">\n<div class=\"wp-block-post-date\"><time datetime=\"2020-08-11T23:03:46+02:00\">Le 11 ao\u00fbt 2020 :<\/time><\/div>\n<\/div>\n<\/div>\n<blockquote class=\"twitter-tweet\">\n<p dir=\"ltr\" lang=\"fr\">Excellent choix (toutes proportions gard\u00e9es et vu le contexte) &#8211; Sen. Kamala D. Harris named as Joe Biden\u2019s running mate <a href=\"https:\/\/t.co\/tmY9Dyd4GH\">https:\/\/t.co\/tmY9Dyd4GH<\/a><\/p>\n<p>\u2014 Paul Jorion (@PaulJorion) <a href=\"https:\/\/twitter.com\/PaulJorion\/status\/1293291306865905666?ref_src=twsrc%5Etfw\">August 11, 2020<\/a><\/p><\/blockquote>\n<p><script async src=\"https:\/\/platform.twitter.com\/widgets.js\" charset=\"utf-8\"><\/script><\/p>\n<div class=\"addtoany_share_save_container addtoany_content addtoany_content_bottom\">\n<h2 class=\"wp-block-post-title\"><b>Qui est Kamala Harris\u00a0?<\/b><\/h2>\n<p>Le 12 ao\u00fbt 2020 :<\/p>\n<\/div>\n<div>\n<p>Dans le sens des aiguilles d\u2019une montre :<\/p>\n<p><em>USA Today<\/em>\u00a0: \u00ab\u00a0fearless fighter\u00a0\u00bb (combattante sans peur)<br \/>\n<em>The Boston Globe<\/em>\u00a0: \u00ab\u00a0a good vice presidential candidate\u00a0\u00bb<br \/>\n<em>The New York Times<\/em>\u00a0: \u00ab\u00a01st woman of color\u00a0\u00bb<br \/>\n<em>The Wall Street Journal<\/em>\u00a0: \u00ab\u00a0first Black woman and first woman of Asian descent\u00a0\u00bb<br \/>\n<em>The Washington Post<\/em>\u00a0: \u00ab\u00a0first woman of color\u00a0\u00bb<br \/>\n<em>The Los Angeles Times<\/em>\u00a0: \u00ab\u00a0history-making pick\u00a0\u00bb (un choix qui modifie le cours de l\u2019histoire)<br \/>\n<em>The Los Angeles Times<\/em>\u00a0(en espagnol) : \u00ab\u00a0Latinas ven en Harris a una \u2018inspiraci\u00f3n para las mujeres\u2019 y una representante de la diversidad cultural\u00a0\u00bb<\/p>\n<h2 class=\"wp-block-post-title\"><b>Pourquoi le choix de Kamala Harris comme Vice-Pr\u00e9sidente par Joe Biden est une \u00ab\u00a0bonne\u00a0\u00bb chose<\/b><\/h2>\n<p>Le 12 ao\u00fbt 2020 :<\/p>\n<p>Si j\u2019\u00e9tais citoyen des \u00c9tats-Unis et que j\u2019aie l\u2019occasion de voter lors d\u2019une \u00e9lection municipale ou au niveau de l\u2019un des \u00e9tats, je trouverais certainement dans la liste une meilleure candidate ou un meilleur candidat que Joe Biden ou Kamala Harris pour qui voter.<\/p>\n<p>Alors pourquoi affirmer que le choix de Harris comme Vice-Pr\u00e9sidente par Biden est une bonne chose\u00a0?<span id=\"more-122779\"><\/span><\/p>\n<p>En raison de l\u2019\u00e9tat dans lequel se trouve en ce moment cette malheureuse nation que sont les \u00c9tats-Unis. \u00ab\u00a0Malheureuse nation\u00a0\u00bb parce que \u2013 \u00e0 l\u2019image des pseudo-d\u00e9mocraties occidentales [\u00ab\u00a0pseudo\u00a0\u00bb en raison de la distorsion des rapports de force qu\u2019introduit l\u2019existence de fortunes colossales] \u2013 elle n\u2019\u00e9tait pas consciente que le fait que ses institutions soient fond\u00e9es sur la bonne volont\u00e9 et la candeur l\u2019exposait \u00e0 ce qu\u2019un pr\u00e9dateur ne respectant aucun de ces aimables pr\u00e9suppos\u00e9s pouvait n\u2019en faire qu\u2019une bouch\u00e9e.<\/p>\n<p>Joe Biden est un centriste sans grandes convictions ni dans un sens ni dans un autre mais qui a pour lui d\u2019avoir le coeur sur la main dans l\u2019esprit des chaumi\u00e8res et que somm\u00e9 d\u2019improviser, il nous sort toujours quelque chose qui sans \u00eatre l\u2019imagination au pouvoir r\u00e9chauffe au moins le coeur, ce qui n\u2019est d\u00e9j\u00e0 pas rien en nos temps fragilis\u00e9s par la peur et l\u2019isolement, et la solitude que l\u2019on nous offre comme seuls rem\u00e8des glac\u00e9s \u00e0 la peur de mourir.<\/p>\n<p>Kamala Harris, qui nous est pr\u00e9sent\u00e9e essentiellement dans cette nation de colonisation brutale (incapable d\u2019int\u00e9grer son pass\u00e9 de spoliation g\u00e9nocidaire de ses habitants d\u2019origine et d\u2019exploitation \u00e9hont\u00e9e de sa main d\u2019oeuvre import\u00e9e \u00e0 fond de cale et encha\u00een\u00e9e) comme une \u00ab\u00a0femme de couleur \u00e0 la fois noire et asiatique\u00a0\u00bb, n\u2019est pas un personnage a priori tr\u00e8s sympathique puisque l\u2019on garde essentiellement comme souvenir de son r\u00e8gne de \u00ab\u00a0ministre\u00a0\u00bb de la Justice de l\u2019\u00e9tat de Californie, son insensibilit\u00e9 dans des affaires qui r\u00e9clamaient pr\u00e9cis\u00e9ment, et comme \u00e0 l\u2019habitude, exactement le contraire.<\/p>\n<p>C\u2019est dire si, en des temps plus cl\u00e9ments, on aurait pr\u00e9f\u00e9r\u00e9 de loin un \u00ab\u00a0ticket\u00a0\u00bb Elizabeth Warren \u00e0 la pr\u00e9sidence et Alexandria Ocasio-Cortez \u00e0 la vice-pr\u00e9sidence, mais dans le contexte actuel de confiscation de l\u2019\u00c9tat par un proto-fasciste supr\u00e9maciste blanc s\u00e9ditieux, la combinaison d\u2019un Blanc passe-partout et d\u2019une Noire carr\u00e9e en affaires \u2013 dans ce pays victime d\u2019une fascination morbide pour la couleur de la peau, faute d\u2019avoir su comprendre qui il est \u2013 constitue le mieux qu\u2019on puisse esp\u00e9rer, et qu\u2019il faille encourager avec enthousiasme (= \u00ab\u00a0qu\u2019il faille\u00a0<em>h\u00e9las<\/em>\u00a0encourager avec\u00a0<em>un<\/em>\u00a0enthousiasme\u00a0<em>plus ou moins feint\u00a0\u00bb<\/em>).<\/p>\n<h2><b>Kamala : une assurance anti-AOC<\/b><\/h2>\n<p>Le 16 ao\u00fbt 2020 :<\/p>\n<p>\u00ab\u00a0AOC\u00a0\u00bb dans mon titre, c&rsquo;est \u00ab\u00a0Alexandria Ocasio-Cortez\u00a0\u00bb, la gauchiste de choc du Parti d\u00e9mocrate, d&rsquo;origine portoricaine par ses parents &#8211; ce qui la rend sinon \u00ab\u00a0black\u00a0\u00bb, mais tout juste, en tout cas \u00ab\u00a0colored\u00a0\u00bb selon les crit\u00e8res du syst\u00e8me \u00e0 caste des \u00c9tats-Unis.<\/p>\n<p>Dans un excellent article de Lauren Martinchek dans <em>Medium<\/em>, <a href=\"https:\/\/medium.com\/discourse\/why-joe-picked-kamala-52430cf377fe\" target=\"_blank\" rel=\"noopener noreferrer\">\u00ab\u00a0Why Joe Picked Kamala\u00a0\u00bb<\/a>, pourquoi Joe [Biden] a choisi Kamala [Harris, comme colisti\u00e8re dans sa course \u00e0 la pr\u00e9sidence], la commentatrice fait le calcul suivant : Kamala devient Vice-pr\u00e9sidente en 2020, Pr\u00e9sidente en 2024 (Biden sera trop vieux pour se repr\u00e9senter), r\u00e9\u00e9lue en 2028. Ce qui interdit \u00e0 AOC de se pr\u00e9senter \u00e0 la pr\u00e9sidence avant 2032 : douze ans de paix pour Wall Street.<\/p>\n<p>Bien vu Mme Martinchek !<\/p>\n<blockquote class=\"twitter-tweet\">\n<p dir=\"ltr\" lang=\"en\">Congratulations! WSJ: \u00ab\u00a0As Harris Joins Biden Ticket Wall Street Exhales in Relief\u00a0\u00bb <a href=\"https:\/\/t.co\/0dPBkTIEcG\">pic.twitter.com\/0dPBkTIEcG<\/a><\/p>\n<p>\u2014 Matthew Spurlock (@mdslock) <a href=\"https:\/\/twitter.com\/mdslock\/status\/1293901132515901450?ref_src=twsrc%5Etfw\">August 13, 2020<\/a><\/p><\/blockquote>\n<p><script async src=\"https:\/\/platform.twitter.com\/widgets.js\" charset=\"utf-8\"><\/script><\/p>\n<p>Le <em>Wall Street Journal<\/em> : \u00ab\u00a0Alors que Harris rejoint Biden sur le <em>ticket<\/em>, Wall Street soupire de soulagement\u00a0\u00bb<\/p>\n<\/div>\n<div>\n<h2><b>Trump cherche \u00e0 emp\u00eacher les Morbihannais de voter ! Les Vannetais align\u00e9s comme un seul.e homme\/femme derri\u00e8re Kamala Harris\u00a0!<\/b><\/h2>\n<p>Le 17 ao\u00fbt 2020 :\n<\/p><\/div>\n<p><img loading=\"lazy\" decoding=\"async\" class=\"aligncenter size-full wp-image-122897\" src=\"https:\/\/www.pauljorion.com\/blog\/wp-content\/uploads\/Voter-Suppression-Morbihan.png\" alt=\"\" width=\"1169\" height=\"382\" srcset=\"https:\/\/www.pauljorion.com\/blog\/wp-content\/uploads\/Voter-Suppression-Morbihan.png 1169w, https:\/\/www.pauljorion.com\/blog\/wp-content\/uploads\/Voter-Suppression-Morbihan-300x98.png 300w, https:\/\/www.pauljorion.com\/blog\/wp-content\/uploads\/Voter-Suppression-Morbihan-1024x335.png 1024w, https:\/\/www.pauljorion.com\/blog\/wp-content\/uploads\/Voter-Suppression-Morbihan-768x251.png 768w\" sizes=\"auto, (max-width: 1169px) 100vw, 1169px\" \/><\/p>\n<p>Bien que je ne me sois jamais inscrit nulle part (sauf \u00e0 l&rsquo;ACLU il y a une trentaine d&rsquo;ann\u00e9es), un million d&rsquo;organisations de gauche am\u00e9ricaines ont d\u00e9couvert mon adresse mail et, l&rsquo;IA faisant le reste, je re\u00e7ois tous les jours des messages surr\u00e9alistes du genre \u00ab\u00a0Trump cherche \u00e0 emp\u00eacher les Morbihannais de voter !\u00a0\u00bb ou \u00ab\u00a0Les Vannetais align\u00e9s comme un seul.e homme\/femme derri\u00e8re Kamala Harris\u00a0!\u00a0\u00bb \ud83d\ude09 .<\/p>\n<div>\n<h2><b>Victoire des multinationales par K.O. sur l\u2019establishment ? par Thomas Saupique<\/b><\/h2>\n<\/div>\n<p>Le 19 janvier 2021 :<\/p>\n<div>Cependant, la g\u00e9n\u00e9ration de ces septuag\u00e9naires voir octog\u00e9naires associ\u00e9e \u00e0 ce cycle (Pelosi, Biden, Trump, Sanders, McConnell\u2026) \u00e9tant par nature vou\u00e9e \u00e0 disparaitre prochainement de l\u2019\u00e9chiquier politique, la nouvelle g\u00e9n\u00e9ration de leaders compos\u00e9e de voix plus f\u00e9minines (Harris, Alexandria Ocasio-Cortez, Cori Bush, Ilhan Omar\u2026) se fait d\u00e9j\u00e0 entendre. Elle aura fort \u00e0 faire pour inspirer cette transition de leurs concitoyens et du milieu des affaires vers de nouvelles r\u00e8gles du jeu et un retour des politiques publiques, le sang de l\u2019id\u00e9al commun de toute nation d\u00e9mocratique (Egalit\u00e9, Fraternit\u00e9). Ainsi comme Angela Merkel en Allemagne, il semblerait bien que Kamala Harris soit en position id\u00e9ale pour incarner une \u00e9nergie f\u00e9minine du pouvoir durant les ann\u00e9es \u00e0 venir et dans le cas de Kamala, une vision multiculturelle de la soci\u00e9t\u00e9. Sortie \u00e0 inventer de ce cycle durant lequel la notion de profitabilit\u00e9 fut le sceau implacable du n\u00e9o lib\u00e9ralisme.<\/div>\n<p><img loading=\"lazy\" decoding=\"async\" class=\"aligncenter size-full wp-image-141402\" src=\"https:\/\/www.pauljorion.com\/blog\/wp-content\/uploads\/SD-Kamala-Harris-3-24-8-24.jpg\" alt=\"\" width=\"1024\" height=\"1024\" srcset=\"https:\/\/www.pauljorion.com\/blog\/wp-content\/uploads\/SD-Kamala-Harris-3-24-8-24.jpg 1024w, https:\/\/www.pauljorion.com\/blog\/wp-content\/uploads\/SD-Kamala-Harris-3-24-8-24-300x300.jpg 300w, https:\/\/www.pauljorion.com\/blog\/wp-content\/uploads\/SD-Kamala-Harris-3-24-8-24-150x150.jpg 150w, https:\/\/www.pauljorion.com\/blog\/wp-content\/uploads\/SD-Kamala-Harris-3-24-8-24-768x768.jpg 768w\" sizes=\"auto, (max-width: 1024px) 100vw, 1024px\" \/><\/p>\n<blockquote><p><em>Portrait par Stable Diffusion<\/em><\/p><\/blockquote>\n","protected":false},"excerpt":{"rendered":"<p><img loading=\"lazy\" decoding=\"async\" class=\"aligncenter size-full wp-image-141400\" src=\"https:\/\/www.pauljorion.com\/blog\/wp-content\/uploads\/SD-Kamala-Harris-1-24-8-24.jpg\" alt=\"\" width=\"1024\" height=\"1024\" srcset=\"https:\/\/www.pauljorion.com\/blog\/wp-content\/uploads\/SD-Kamala-Harris-1-24-8-24.jpg 1024w, https:\/\/www.pauljorion.com\/blog\/wp-content\/uploads\/SD-Kamala-Harris-1-24-8-24-300x300.jpg 300w, https:\/\/www.pauljorion.com\/blog\/wp-content\/uploads\/SD-Kamala-Harris-1-24-8-24-150x150.jpg 150w, https:\/\/www.pauljorion.com\/blog\/wp-content\/uploads\/SD-Kamala-Harris-1-24-8-24-768x768.jpg 768w\" sizes=\"auto, (max-width: 1024px) 100vw, 1024px\" \/><\/p>\n<blockquote>\n<p><em>Portrait par Stable Diffusion<\/em><\/p>\n<\/blockquote>\n<h2><b>Trump : \u00ab\u00a0Pas de session de rattrapage pour les D\u00e9mocrates !\u00a0\u00bb<\/b><\/h2>\n<p>Le 6 mai 2019 :<\/p>\n<p>Il y a eu aussi,\u00a0<a href=\"https:\/\/www.pauljorion.com\/blog\/2019\/05\/01\/etats-unis-lethique-est-un-complot-communiste\/\" target=\"_blank\" rel=\"noreferrer noopener\" aria-label=\"la d\u00e9position de Barr devant le S\u00e9nat (ouverture dans un nouvel onglet)\">la d\u00e9position de Barr devant le [&hellip;]<\/a><\/p>\n","protected":false},"author":1,"featured_media":0,"comment_status":"open","ping_status":"closed","sticky":false,"template":"","format":"standard","meta":{"footnotes":""},"categories":[72],"tags":[4442,7675,4475,6427,6370,9748],"class_list":["post-141393","post","type-post","status-publish","format-standard","hentry","category-etats-unis","tag-donald-trump","tag-election-presidentielle-aux-etats-unis","tag-etats-unis","tag-joe-biden","tag-kamala-harris","tag-thomas-saupique"],"_links":{"self":[{"href":"https:\/\/www.pauljorion.com\/blog\/wp-json\/wp\/v2\/posts\/141393","targetHints":{"allow":["GET"]}}],"collection":[{"href":"https:\/\/www.pauljorion.com\/blog\/wp-json\/wp\/v2\/posts"}],"about":[{"href":"https:\/\/www.pauljorion.com\/blog\/wp-json\/wp\/v2\/types\/post"}],"author":[{"embeddable":true,"href":"https:\/\/www.pauljorion.com\/blog\/wp-json\/wp\/v2\/users\/1"}],"replies":[{"embeddable":true,"href":"https:\/\/www.pauljorion.com\/blog\/wp-json\/wp\/v2\/comments?post=141393"}],"version-history":[{"count":10,"href":"https:\/\/www.pauljorion.com\/blog\/wp-json\/wp\/v2\/posts\/141393\/revisions"}],"predecessor-version":[{"id":141414,"href":"https:\/\/www.pauljorion.com\/blog\/wp-json\/wp\/v2\/posts\/141393\/revisions\/141414"}],"wp:attachment":[{"href":"https:\/\/www.pauljorion.com\/blog\/wp-json\/wp\/v2\/media?parent=141393"}],"wp:term":[{"taxonomy":"category","embeddable":true,"href":"https:\/\/www.pauljorion.com\/blog\/wp-json\/wp\/v2\/categories?post=141393"},{"taxonomy":"post_tag","embeddable":true,"href":"https:\/\/www.pauljorion.com\/blog\/wp-json\/wp\/v2\/tags?post=141393"}],"curies":[{"name":"wp","href":"https:\/\/api.w.org\/{rel}","templated":true}]}}