{"id":141798,"date":"2024-10-12T22:12:42","date_gmt":"2024-10-12T20:12:42","guid":{"rendered":"https:\/\/www.pauljorion.com\/blog\/?p=141798"},"modified":"2024-10-12T22:12:42","modified_gmt":"2024-10-12T20:12:42","slug":"dans-lesprit-du-conflit-par-the-willing-conscript","status":"publish","type":"post","link":"https:\/\/www.pauljorion.com\/blog\/2024\/10\/12\/dans-lesprit-du-conflit-par-the-willing-conscript\/","title":{"rendered":"<b>Dans l\u2019esprit du conflit<\/b>, par The Willing Conscript"},"content":{"rendered":"<p><img loading=\"lazy\" decoding=\"async\" class=\"aligncenter size-full wp-image-141801\" src=\"https:\/\/www.pauljorion.com\/blog\/wp-content\/uploads\/DALL\u00b7E-2024-10-12-21.57.53-A-scene-under-a-bright-sun-in-a-military-training-ground.-Exhausted-commando-trainees-dressed-in-fatigues-stand-around-an-instructor-who-passionate.webp\" alt=\"\" width=\"1792\" height=\"1024\" srcset=\"https:\/\/www.pauljorion.com\/blog\/wp-content\/uploads\/DALL\u00b7E-2024-10-12-21.57.53-A-scene-under-a-bright-sun-in-a-military-training-ground.-Exhausted-commando-trainees-dressed-in-fatigues-stand-around-an-instructor-who-passionate.webp 1792w, https:\/\/www.pauljorion.com\/blog\/wp-content\/uploads\/DALL\u00b7E-2024-10-12-21.57.53-A-scene-under-a-bright-sun-in-a-military-training-ground.-Exhausted-commando-trainees-dressed-in-fatigues-stand-around-an-instructor-who-passionate-300x171.webp 300w, https:\/\/www.pauljorion.com\/blog\/wp-content\/uploads\/DALL\u00b7E-2024-10-12-21.57.53-A-scene-under-a-bright-sun-in-a-military-training-ground.-Exhausted-commando-trainees-dressed-in-fatigues-stand-around-an-instructor-who-passionate-1024x585.webp 1024w, https:\/\/www.pauljorion.com\/blog\/wp-content\/uploads\/DALL\u00b7E-2024-10-12-21.57.53-A-scene-under-a-bright-sun-in-a-military-training-ground.-Exhausted-commando-trainees-dressed-in-fatigues-stand-around-an-instructor-who-passionate-768x439.webp 768w, https:\/\/www.pauljorion.com\/blog\/wp-content\/uploads\/DALL\u00b7E-2024-10-12-21.57.53-A-scene-under-a-bright-sun-in-a-military-training-ground.-Exhausted-commando-trainees-dressed-in-fatigues-stand-around-an-instructor-who-passionate-1536x878.webp 1536w\" sizes=\"auto, (max-width: 1792px) 100vw, 1792px\" \/><\/p>\n<blockquote>\n<p class=\"p1\"><i>Illustration par DALL\u00b7E \u00e0 partir du texte<\/i><\/p>\n<\/blockquote>\n<p class=\"p1\"><span class=\"s1\">Il est 16h15. Devant le Tableau d\u2019armement et de munitions, entour\u00e9 d\u2019\u00e9l\u00e8ves commandos \u00e9puis\u00e9s par l\u2019intensit\u00e9 de la formation, l\u2019instructeur capte l\u2019attention de l\u2019auditoire sous un soleil \u00e9clatant. Avec passion, il d\u00e9roule la g\u00e9n\u00e9alogie du fusil d\u2019assaut, pendant que des d\u00e9tonations lointaines r\u00e9sonnent : \u00ab\u00a0Pendant la Seconde Guerre mondiale, les Allemands formaient des bin\u00f4mes : l&rsquo;un avec le fusil Mauser pour la longue distance, l\u2019autre avec le MP 40 pour le combat rapproch\u00e9. \u00c0 la fin, ces deux r\u00f4les se sont unis. \u00bb Il joint ses mains en signe d\u2019union. \u00ab Une nouvelle cat\u00e9gorie d\u2019arme est n\u00e9e : le fusil d\u2019assaut, combinant la cadence du pistolet-mitrailleur et la port\u00e9e du fusil. Ce fut le STG 44. Mais pour les Allemands, c&rsquo;\u00e9tait trop tard. \u00c0 l&rsquo;entr\u00e9e des Sovi\u00e9tiques dans Berlin, Kalachnikov \u2013 que vous connaissez tous \u2013 d\u00e9couvre l&rsquo;arme et en saisit le potentiel. Il l&rsquo;am\u00e9liore pour cr\u00e9er l\u2019AK-47, toujours en usage aujourd&rsquo;hui. Une arme tr\u00e8s robuste.\u00a0\u00bb<\/span><\/p>\n<p class=\"p1\">Ce sous-officier poursuit la le\u00e7on d\u2019histoire : \u00ab Les Allemands \u00e9taient des champions en armement. La cadence de tir de la MG 42 est encore aujourd\u2019hui in\u00e9gal\u00e9e. Vous avez tous vu <i>Il faut sauver le soldat Ryan<\/i> ? Ses rafales fauchaient les soldats sur la plage. \u00c0 courte port\u00e9e, elle d\u00e9coupait le corps. Les Am\u00e9ricains en avaient peur \u00e0 cause de son son si particulier. Et les Allemands attendaient que les barges s\u2019ouvrent pour tirer. Ce fut un carnage. Mais la MG 42 avait un d\u00e9faut : le canon surchauffait vite, il fallait le remplacer. C\u2019est l\u00e0 que les Allemands ont fait une erreur : ils ont tir\u00e9 en m\u00eame temps, laissant aux Am\u00e9ricains le temps de progresser sur Omaha Beach.\u00a0\u00bb Un silence s\u2019installe. \u00ab\u00a0La guerre, c\u2019est une saloperie. Et y\u2019a des gens intelligents pour fabriquer des armes. Mais putain, que j\u2019adore les flingues ! \u00bb<\/p>\n<p class=\"p1\">Plus tard, autour d\u2019un caf\u00e9, je discute avec cet instructeur sur la confrontation \u00e0 la guerre : \u00ab\u00a0En entra\u00eenement, l&rsquo;ennemi et l&rsquo;exp\u00e9rience du combat sont des concepts abstraits sur le plan psychologique. Ce n&rsquo;est ni virtuel ni un jeu, mais c\u2019est quand m\u00eame abstrait. Il faut vivre le combat pour savoir si on est pr\u00eat. Dire \u00ab\u00a0Je ne suis pas fait pour \u00e7a\u00a0\u00bb demande du courage. C&rsquo;est frustrant pour certains jeunes commandos, mais je ne juge jamais. Tuer, c&rsquo;est pas rien. En face, on a une vie humaine. Ce n\u2019est pas un m\u00e9tier pour tout le monde.\u00a0\u00bb<\/p>\n<p class=\"p1\">Sans y faire attention, je laisse \u00e9chapper : \u00ab\u00a0La guerre est l\u00e0 depuis toujours.\u00a0\u00bb Il r\u00e9fl\u00e9chit un instant : \u00ab\u00a0La guerre, je ne sais pas, mais le conflit entre humains, \u00e7a, c\u2019est vieux comme le monde. La violence existe depuis les origines humaines. Des fouilles arch\u00e9ologiques montrent des traces de violence sur des squelettes au moye<span class=\"s1\">n d\u2019outils. <\/span>La guerre, c&rsquo;est la version institutionnalis\u00e9e de la violence. C\u2019est mon point de vue. On en parle parfois entre nous, que la guerre pourrait servir \u00e0 r\u00e9guler la d\u00e9mographie. En tant qu\u2019anthropologue, \u00e7a doit vous parler, non ? \u00bb Une citation de Philip K. Dick dans <i>Le Ma\u00eetre du haut ch\u00e2teau<\/i> me traverse l\u2019esprit : \u00ab\u00a0Apr\u00e8s tout, il faut se fier \u00e0 la nature humaine et \u00e0 ce qu\u2019on observe en g\u00e9n\u00e9ral.\u00a0\u00bb<\/p>\n<p class=\"p1\">Je poursuis avec le grad\u00e9 : \u00ab\u00a0Le conflit ne s&rsquo;exprime pas seulement entre individus, il peut aussi se manifester \u00e0 <span class=\"s1\">l\u2019int\u00e9rieur de nous-m\u00eames, se retourner contre nous-m\u00eames\u00a0: la d\u00e9pression.\u00a0\u00bb<\/span> L&rsquo;instructeur acquiesce. Quelques semaines plus t\u00f4t, un autre instructeur me confiait seul \u00e0 seul\u00a0<span class=\"s1\">: \u00ab\u00a0Le conflit s\u2019installe dans notre soci\u00e9t\u00e9. Il y a une d\u00e9testation de notre civilisation. Et les politiques font n\u2019importe quoi. Je ne suis pas optimiste quant \u00e0 l\u2019avenir.\u00a0\u00bb<\/span><\/p>\n<p class=\"p1\">Au fil de mon enqu\u00eate, int\u00e9ress\u00e9 par cette th\u00e9matique, des membres des forces sp\u00e9ciales m\u2019ont guid\u00e9 vers une d\u00e9finition \u00e9mique de la violence : une pique qui transperce une \u00ab\u00a0sph\u00e8re de verre\u00a0\u00bb \u2013 repr\u00e9sentation de l&rsquo;individu. Les fissures symbolisent des blessures, ouvertes ou cicatris\u00e9es, et leur taille refl\u00e8te l\u2019intensit\u00e9 de la douleur psychique. Chaque impact peut rouvrir d&rsquo;anciennes cicatrices, jusqu\u2019\u00e0, le cas \u00e9ch\u00e9ant, briser la sph\u00e8re. C\u2019est alors le \u00ab\u00a0K.O. psychologique\u00a0\u00bb. Bien que chaque sph\u00e8re dispose d\u2019une r\u00e9sistance diff\u00e9rente, elles finissent toutes par s&rsquo;ab\u00eemer sous l\u2019effet des coups.<\/p>\n<p class=\"p1\">Quand la pique p\u00e9n\u00e8tre la sph\u00e8re, l\u2019individu perd son \u00ab \u00e9tanch\u00e9it\u00e9 \u00bb, autrement dit sa capacit\u00e9 \u00e0 rester lucide et faire preuve d\u2019esprit. Le choc l\u2019aspire. La violence de l\u2019\u00e9v\u00e9nement traumatique augmente le risque de syndrome de stress post-traumatique, o\u00f9 le corps revit la sc\u00e8ne en boucle. \u00c0 une certaine profondeur, la pique g\u00e9n\u00e8re une douleur qui devient une fureur, en \u00e9cho aux extr\u00e9mit\u00e9s n\u00e9fastes de la guerre elle-m\u00eame. Ce sentiment gonfle dans la poitrine : \u00ab\u00a0\u00c7a gratte\u00a0\u00bb, \u00ab\u00a0\u00c7a fait mal\u00a0\u00bb, \u00ab\u00a0On pleure\u00a0\u00bb.<\/p>\n<p class=\"p1\">Face \u00e0 ces impacts, quelles solutions de r\u00e9silience trouvent ces guerriers au quotidien ? D\u2019abord, une culture de l\u2019humour et de l\u2019espi\u00e8glerie : \u00ab Si on arr\u00eate de rire, c\u2019est la fin. Il faut surveiller de pr\u00e8s le risque de suicide, surtout quand on quitte le groupe. \u00bb Ensuite, un retour \u00e0 l\u2019enfance : les bureaux des forces sp\u00e9ciales ressemblent davantage \u00e0 des cr\u00e8ches, avec petites voitures et girafes Sophie accroch\u00e9es aux murs, qu\u2019\u00e0 des lieux \u00e9voquant la violence guerri\u00e8re : \u00ab Ils sont toujours en train de rire. On ignore parfois si ce qu\u2019ils disent est vrai. \u00bb Enfin, fonder une famille repr\u00e9sente une autre forme de r\u00e9silience : \u00ab Avoir des enfants apporte une stabilit\u00e9. \u00c7a rassure de savoir que le gars d\u2019\u00e0 c\u00f4t\u00e9 est stable, avec une raison de revenir quand on part en mission. \u00bb En somme, une bulle de (r\u00e9)confort apr\u00e8s un traumatisme mortif\u00e8re, semblable en un sens \u00e0 la culture <i>kawaii<\/i> (<span class=\"s2\">\u304b\u308f\u3044\u3044<\/span>, qui peut se traduire par \u00ab\u00a0mignon\u00a0\u00bb ou \u00ab\u00a0enfantin\u00a0\u00bb), adopt\u00e9e au Japon apr\u00e8s les bombardements atomiques, comme pour retrouver une l\u00e9g\u00e8ret\u00e9 et une douceur face aux cicatrices profondes laiss\u00e9es par ces \u00e9v\u00e8nements.<\/p>\n<p class=\"p1\">Que la manifestation de la violence soit int\u00e9rieure ou ext\u00e9rieure, sa ma\u00eetrise est<i> <\/i>essentielle aux yeux des acteurs. Dans le cas contraire, elle pousse la paix au bord du pr\u00e9cipice, o\u00f9 tout est d\u00e9vor\u00e9 par les aspects sombres de l\u2019horreur humaine.<\/p>\n<p><img loading=\"lazy\" decoding=\"async\" class=\"aligncenter size-full wp-image-141800\" src=\"https:\/\/www.pauljorion.com\/blog\/wp-content\/uploads\/DALL\u00b7E-2024-10-12-21.58.07-A-scene-under-a-bright-sun-in-a-military-training-ground.-Exhausted-commando-trainees-dressed-in-fatigues-stand-around-an-instructor-who-passionate.webp\" alt=\"\" width=\"1792\" height=\"1024\" srcset=\"https:\/\/www.pauljorion.com\/blog\/wp-content\/uploads\/DALL\u00b7E-2024-10-12-21.58.07-A-scene-under-a-bright-sun-in-a-military-training-ground.-Exhausted-commando-trainees-dressed-in-fatigues-stand-around-an-instructor-who-passionate.webp 1792w, https:\/\/www.pauljorion.com\/blog\/wp-content\/uploads\/DALL\u00b7E-2024-10-12-21.58.07-A-scene-under-a-bright-sun-in-a-military-training-ground.-Exhausted-commando-trainees-dressed-in-fatigues-stand-around-an-instructor-who-passionate-300x171.webp 300w, https:\/\/www.pauljorion.com\/blog\/wp-content\/uploads\/DALL\u00b7E-2024-10-12-21.58.07-A-scene-under-a-bright-sun-in-a-military-training-ground.-Exhausted-commando-trainees-dressed-in-fatigues-stand-around-an-instructor-who-passionate-1024x585.webp 1024w, https:\/\/www.pauljorion.com\/blog\/wp-content\/uploads\/DALL\u00b7E-2024-10-12-21.58.07-A-scene-under-a-bright-sun-in-a-military-training-ground.-Exhausted-commando-trainees-dressed-in-fatigues-stand-around-an-instructor-who-passionate-768x439.webp 768w, https:\/\/www.pauljorion.com\/blog\/wp-content\/uploads\/DALL\u00b7E-2024-10-12-21.58.07-A-scene-under-a-bright-sun-in-a-military-training-ground.-Exhausted-commando-trainees-dressed-in-fatigues-stand-around-an-instructor-who-passionate-1536x878.webp 1536w\" sizes=\"auto, (max-width: 1792px) 100vw, 1792px\" \/><\/p>\n<blockquote>\n<p class=\"p1\"><i>Illustration par DALL\u00b7E \u00e0 partir du texte<\/i><\/p>\n<\/blockquote>\n<p><strong>DALL\u00b7E<\/strong> : Voici (ici et ci-dessus) deux interpr\u00e9tations visuelles de la sc\u00e8ne que vous avez d\u00e9crite : l&rsquo;instructeur militaire passionn\u00e9 expliquant l&rsquo;\u00e9volution du fusil d&rsquo;assaut \u00e0 ses \u00e9l\u00e8ves commandos \u00e9puis\u00e9s, sous un soleil \u00e9clatant, avec en toile de fond des d\u00e9tonations lointaines. Ces images capturent \u00e0 la fois la tension et la camaraderie parmi les soldats.<\/p>\n","protected":false},"excerpt":{"rendered":"<p><img loading=\"lazy\" decoding=\"async\" class=\"aligncenter size-full wp-image-141801\" src=\"https:\/\/www.pauljorion.com\/blog\/wp-content\/uploads\/DALL\u00b7E-2024-10-12-21.57.53-A-scene-under-a-bright-sun-in-a-military-training-ground.-Exhausted-commando-trainees-dressed-in-fatigues-stand-around-an-instructor-who-passionate.webp\" alt=\"\" width=\"1792\" height=\"1024\" srcset=\"https:\/\/www.pauljorion.com\/blog\/wp-content\/uploads\/DALL\u00b7E-2024-10-12-21.57.53-A-scene-under-a-bright-sun-in-a-military-training-ground.-Exhausted-commando-trainees-dressed-in-fatigues-stand-around-an-instructor-who-passionate.webp 1792w, https:\/\/www.pauljorion.com\/blog\/wp-content\/uploads\/DALL\u00b7E-2024-10-12-21.57.53-A-scene-under-a-bright-sun-in-a-military-training-ground.-Exhausted-commando-trainees-dressed-in-fatigues-stand-around-an-instructor-who-passionate-300x171.webp 300w, https:\/\/www.pauljorion.com\/blog\/wp-content\/uploads\/DALL\u00b7E-2024-10-12-21.57.53-A-scene-under-a-bright-sun-in-a-military-training-ground.-Exhausted-commando-trainees-dressed-in-fatigues-stand-around-an-instructor-who-passionate-1024x585.webp 1024w, https:\/\/www.pauljorion.com\/blog\/wp-content\/uploads\/DALL\u00b7E-2024-10-12-21.57.53-A-scene-under-a-bright-sun-in-a-military-training-ground.-Exhausted-commando-trainees-dressed-in-fatigues-stand-around-an-instructor-who-passionate-768x439.webp 768w, https:\/\/www.pauljorion.com\/blog\/wp-content\/uploads\/DALL\u00b7E-2024-10-12-21.57.53-A-scene-under-a-bright-sun-in-a-military-training-ground.-Exhausted-commando-trainees-dressed-in-fatigues-stand-around-an-instructor-who-passionate-1536x878.webp 1536w\" sizes=\"auto, (max-width: 1792px) 100vw, 1792px\" \/><\/p>\n<blockquote>\n<p class=\"p1\"><i>Illustration par DALL\u00b7E \u00e0 partir du texte<\/i><\/p>\n<\/blockquote>\n<p class=\"p1\"><span class=\"s1\">Il est 16h15. Devant le Tableau d\u2019armement et de munitions, entour\u00e9 d\u2019\u00e9l\u00e8ves commandos \u00e9puis\u00e9s par l\u2019intensit\u00e9 de la formation, l\u2019instructeur capte l\u2019attention de l\u2019auditoire sous un soleil \u00e9clatant. Avec passion, il d\u00e9roule la g\u00e9n\u00e9alogie [&hellip;]<\/span><\/p>\n","protected":false},"author":1,"featured_media":0,"comment_status":"open","ping_status":"closed","sticky":false,"template":"","format":"standard","meta":{"footnotes":""},"categories":[6739,3001],"tags":[7837,695,9809],"class_list":["post-141798","post","type-post","status-publish","format-standard","hentry","category-armee","category-guerre-2","tag-armee","tag-guerre","tag-violence"],"_links":{"self":[{"href":"https:\/\/www.pauljorion.com\/blog\/wp-json\/wp\/v2\/posts\/141798","targetHints":{"allow":["GET"]}}],"collection":[{"href":"https:\/\/www.pauljorion.com\/blog\/wp-json\/wp\/v2\/posts"}],"about":[{"href":"https:\/\/www.pauljorion.com\/blog\/wp-json\/wp\/v2\/types\/post"}],"author":[{"embeddable":true,"href":"https:\/\/www.pauljorion.com\/blog\/wp-json\/wp\/v2\/users\/1"}],"replies":[{"embeddable":true,"href":"https:\/\/www.pauljorion.com\/blog\/wp-json\/wp\/v2\/comments?post=141798"}],"version-history":[{"count":4,"href":"https:\/\/www.pauljorion.com\/blog\/wp-json\/wp\/v2\/posts\/141798\/revisions"}],"predecessor-version":[{"id":141804,"href":"https:\/\/www.pauljorion.com\/blog\/wp-json\/wp\/v2\/posts\/141798\/revisions\/141804"}],"wp:attachment":[{"href":"https:\/\/www.pauljorion.com\/blog\/wp-json\/wp\/v2\/media?parent=141798"}],"wp:term":[{"taxonomy":"category","embeddable":true,"href":"https:\/\/www.pauljorion.com\/blog\/wp-json\/wp\/v2\/categories?post=141798"},{"taxonomy":"post_tag","embeddable":true,"href":"https:\/\/www.pauljorion.com\/blog\/wp-json\/wp\/v2\/tags?post=141798"}],"curies":[{"name":"wp","href":"https:\/\/api.w.org\/{rel}","templated":true}]}}