{"id":142418,"date":"2024-12-06T11:44:42","date_gmt":"2024-12-06T10:44:42","guid":{"rendered":"https:\/\/www.pauljorion.com\/blog\/?p=142418"},"modified":"2024-12-06T11:44:42","modified_gmt":"2024-12-06T10:44:42","slug":"le-droit-de-depot-dune-motion-de-censure-nest-pas-anti-republicain-il-est-republicain-par-pierre-juillot","status":"publish","type":"post","link":"https:\/\/www.pauljorion.com\/blog\/2024\/12\/06\/le-droit-de-depot-dune-motion-de-censure-nest-pas-anti-republicain-il-est-republicain-par-pierre-juillot\/","title":{"rendered":"<b>Le droit de d\u00e9p\u00f4t d\u2019une motion de censure n&rsquo;est pas anti-r\u00e9publicain&nbsp;: il est r\u00e9publicain<\/b>, par Pierre Juillot"},"content":{"rendered":"<p><img loading=\"lazy\" decoding=\"async\" src=\"https:\/\/www.pauljorion.com\/blog\/wp-content\/uploads\/Capture-de\u0301cran-2024-12-06-a\u0300-11.42.18.png\" alt=\"\" width=\"2184\" height=\"1108\" class=\"aligncenter size-full wp-image-142419\" srcset=\"https:\/\/www.pauljorion.com\/blog\/wp-content\/uploads\/Capture-de\u0301cran-2024-12-06-a\u0300-11.42.18.png 2184w, https:\/\/www.pauljorion.com\/blog\/wp-content\/uploads\/Capture-de\u0301cran-2024-12-06-a\u0300-11.42.18-300x152.png 300w, https:\/\/www.pauljorion.com\/blog\/wp-content\/uploads\/Capture-de\u0301cran-2024-12-06-a\u0300-11.42.18-1024x520.png 1024w, https:\/\/www.pauljorion.com\/blog\/wp-content\/uploads\/Capture-de\u0301cran-2024-12-06-a\u0300-11.42.18-768x390.png 768w, https:\/\/www.pauljorion.com\/blog\/wp-content\/uploads\/Capture-de\u0301cran-2024-12-06-a\u0300-11.42.18-1536x779.png 1536w, https:\/\/www.pauljorion.com\/blog\/wp-content\/uploads\/Capture-de\u0301cran-2024-12-06-a\u0300-11.42.18-2048x1039.png 2048w\" sizes=\"auto, (max-width: 2184px) 100vw, 2184px\" \/>La d\u00e9mesure de l\u2019arrogance de cette pr\u00e9sidence de la monarchie r\u00e9publicaine qu\u2019est ce r\u00e9gime fran\u00e7ais, est ind\u00e9cente.<\/p>\n<p>Comment le garant des institutions r\u00e9publicaines et constitutionnelles peut-il oser affirmer que les forces ayant vot\u00e9 la censure sont \u00ab\u00a0antir\u00e9publicaines\u00a0\u00bb\u00a0?<\/p>\n<p>Qui r\u00e9\u00e9crit sans complexe l\u2019Histoire en omettant de nous rappeler qu\u2019en cas de choix d\u2019un premier ministre du NFP, une censure viendrait allier le RN aux forces macroniennes, du centre extr\u00eame et de la droite extr\u00eame pour s\u2019assurer qu\u2019aucune \u00e9conomie politique keyn\u00e9sienne ne gouvernerait ce qui subsiste d\u2019\u00c9tat providence ?<\/p>\n<p>Y aurait-il eu l\u00e0 aussi pareille critique sur son aspect \u00ab\u00a0antir\u00e9publicain\u00a0\u00bb, critique ne respectant, par ailleurs, en rien, la s\u00e9paration des pouvoirs\u00a0?<\/p>\n<p>Quel hypocrite peut affirmer sans cynisme qu\u2019il \u00e9tait justifi\u00e9, pour d\u00e9fendre cette autre censure possible, qui aurait alli\u00e9e le RN au camp minoritaire de cette pr\u00e9sidence\u2026 qu\u2019aucune atteinte ne serait faite \u00e0 la \u00ab politique de l\u2019offre \u00bb agr\u00e9ment\u00e9e d\u2019une cure d\u2019aust\u00e9rit\u00e9 sans pr\u00e9c\u00e9dent, et leur inefficience respective \u00e0 combattre les in\u00e9galit\u00e9s, injustices sociales, \u00ab soci\u00e9tales \u00bb, climatiques, comme \u00e0 r\u00e9parer les services publics en cours d\u2019effondrement, satur\u00e9s, d\u00e9mantel\u00e9s ?<\/p>\n<p>Comment alors avoir confiance, durant les 30 prochains mois, qu\u2019il est v\u00e9ritablement question de \u00ab consentir \u00bb \u00e0 n\u00e9gocier la formation urgente (genre : ultimatum ?) d\u2019une \u00ab gouvernance de non censure \u00bb ? Comment avoir confiance dans pareil abus de pouvoir ? Rappelons que la dissolution avait lanc\u00e9 une grenade d\u00e9goupill\u00e9e dans les jambes des repr\u00e9sentants(es) si\u00e9geant dans l\u2019h\u00e9micycle du Palais Bourbon, et pas dans celui du S\u00e9nat. Un n\u00e9gationnisme, un nihilisme qui, n\u2019ayant pas pu croire en la censure r\u00e9elle du gouvernement Barnier, confond et jette la confusion sciemment quant \u00e0 notre droit de savoir citoyen : celui de recourir \u00e0 l\u2019outil constitutionnel qu\u2019est le droit de d\u00e9p\u00f4t d\u2019une motion de censure, quelles que soient les intentions \u00e9ventuellement obscures des forces politiques qui le font valoir.<\/p>\n","protected":false},"excerpt":{"rendered":"<p><img loading=\"lazy\" decoding=\"async\" src=\"https:\/\/www.pauljorion.com\/blog\/wp-content\/uploads\/Capture-de\u0301cran-2024-12-06-a\u0300-11.42.18.png\" alt=\"\" width=\"2184\" height=\"1108\" class=\"aligncenter size-full wp-image-142419\" srcset=\"https:\/\/www.pauljorion.com\/blog\/wp-content\/uploads\/Capture-de\u0301cran-2024-12-06-a\u0300-11.42.18.png 2184w, https:\/\/www.pauljorion.com\/blog\/wp-content\/uploads\/Capture-de\u0301cran-2024-12-06-a\u0300-11.42.18-300x152.png 300w, https:\/\/www.pauljorion.com\/blog\/wp-content\/uploads\/Capture-de\u0301cran-2024-12-06-a\u0300-11.42.18-1024x520.png 1024w, https:\/\/www.pauljorion.com\/blog\/wp-content\/uploads\/Capture-de\u0301cran-2024-12-06-a\u0300-11.42.18-768x390.png 768w, https:\/\/www.pauljorion.com\/blog\/wp-content\/uploads\/Capture-de\u0301cran-2024-12-06-a\u0300-11.42.18-1536x779.png 1536w, https:\/\/www.pauljorion.com\/blog\/wp-content\/uploads\/Capture-de\u0301cran-2024-12-06-a\u0300-11.42.18-2048x1039.png 2048w\" sizes=\"auto, (max-width: 2184px) 100vw, 2184px\" \/>La d\u00e9mesure de l\u2019arrogance de cette pr\u00e9sidence de la monarchie r\u00e9publicaine qu\u2019est ce r\u00e9gime fran\u00e7ais, est ind\u00e9cente.<\/p>\n<p>Comment le garant des institutions r\u00e9publicaines et constitutionnelles peut-il oser affirmer que les forces ayant vot\u00e9 la censure sont \u00ab\u00a0antir\u00e9publicaines\u00a0\u00bb\u00a0?<\/p>\n<p>Qui r\u00e9\u00e9crit sans complexe l\u2019Histoire en omettant de nous rappeler [&hellip;]<\/p>\n","protected":false},"author":1,"featured_media":0,"comment_status":"open","ping_status":"closed","sticky":false,"template":"","format":"standard","meta":{"footnotes":""},"categories":[2597,4454,17,171],"tags":[3766,311,588,9884],"class_list":["post-142418","post","type-post","status-publish","format-standard","hentry","category-democratie-2","category-france","category-politique","category-sciences","tag-emmanuel-macron","tag-france","tag-michel-barnier","tag-motion-de-censure"],"_links":{"self":[{"href":"https:\/\/www.pauljorion.com\/blog\/wp-json\/wp\/v2\/posts\/142418","targetHints":{"allow":["GET"]}}],"collection":[{"href":"https:\/\/www.pauljorion.com\/blog\/wp-json\/wp\/v2\/posts"}],"about":[{"href":"https:\/\/www.pauljorion.com\/blog\/wp-json\/wp\/v2\/types\/post"}],"author":[{"embeddable":true,"href":"https:\/\/www.pauljorion.com\/blog\/wp-json\/wp\/v2\/users\/1"}],"replies":[{"embeddable":true,"href":"https:\/\/www.pauljorion.com\/blog\/wp-json\/wp\/v2\/comments?post=142418"}],"version-history":[{"count":1,"href":"https:\/\/www.pauljorion.com\/blog\/wp-json\/wp\/v2\/posts\/142418\/revisions"}],"predecessor-version":[{"id":142420,"href":"https:\/\/www.pauljorion.com\/blog\/wp-json\/wp\/v2\/posts\/142418\/revisions\/142420"}],"wp:attachment":[{"href":"https:\/\/www.pauljorion.com\/blog\/wp-json\/wp\/v2\/media?parent=142418"}],"wp:term":[{"taxonomy":"category","embeddable":true,"href":"https:\/\/www.pauljorion.com\/blog\/wp-json\/wp\/v2\/categories?post=142418"},{"taxonomy":"post_tag","embeddable":true,"href":"https:\/\/www.pauljorion.com\/blog\/wp-json\/wp\/v2\/tags?post=142418"}],"curies":[{"name":"wp","href":"https:\/\/api.w.org\/{rel}","templated":true}]}}