{"id":142884,"date":"2025-01-19T10:33:50","date_gmt":"2025-01-19T09:33:50","guid":{"rendered":"https:\/\/www.pauljorion.com\/blog\/?p=142884"},"modified":"2025-01-19T10:40:12","modified_gmt":"2025-01-19T09:40:12","slug":"pj-tv-bernard-stiegler-sur-la-fin-du-travail-donald-trump-julian-assange-etc","status":"publish","type":"post","link":"https:\/\/www.pauljorion.com\/blog\/2025\/01\/19\/pj-tv-bernard-stiegler-sur-la-fin-du-travail-donald-trump-julian-assange-etc\/","title":{"rendered":"<b>PJ TV : Bernard Stiegler sur la fin du travail, Donald Trump, Julian Assange, etc.<\/b>"},"content":{"rendered":"<p><iframe loading=\"lazy\" class=\"aligncenter\" src=\"https:\/\/www.youtube.com\/embed\/5O5rk7crvbo\" width=\"700\" height=\"450\" frameborder=\"0\" allowfullscreen=\"allowfullscreen\"><span data-mce-type=\"bookmark\" style=\"display: inline-block; width: 0px; overflow: hidden; line-height: 0;\" class=\"mce_SELRES_start\">\ufeff<\/span><\/iframe><\/p>\n<p>De commun accord entre interviewer et interview\u00e9, il y avait \u00e0 PJ TV deux formules : j&rsquo;\u00e9tablissais une liste de questions de mon c\u00f4t\u00e9, sans la communiquer (ce fut le cas par exemple pour Luc Dardenne) ou bien nous nous mettions d&rsquo;accord sur un sc\u00e9nario, ce qui fut le cas avec Bernard Stiegler qui aimait faire, sur les sujets qu&rsquo;il avait \u00e0 c\u0153ur, un expos\u00e9 structur\u00e9. Bernard mit fin \u00e0 ses jours deux mois plus tard.<\/p>\n","protected":false},"excerpt":{"rendered":"<p><iframe loading=\"lazy\" class=\"aligncenter\" src=\"https:\/\/www.youtube.com\/embed\/5O5rk7crvbo\" width=\"700\" height=\"450\" frameborder=\"0\" allowfullscreen=\"allowfullscreen\"><span data-mce-type=\"bookmark\" style=\"display: inline-block; width: 0px; overflow: hidden; line-height: 0;\" class=\"mce_SELRES_start\">\ufeff<\/span><\/iframe><\/p>\n<p>De commun accord entre interviewer et interview\u00e9, il y avait \u00e0 PJ TV deux formules : j&rsquo;\u00e9tablissais une liste de questions de mon c\u00f4t\u00e9, sans la communiquer (ce fut le cas par exemple pour Luc Dardenne) ou bien [&hellip;]<\/p>\n","protected":false},"author":1,"featured_media":0,"comment_status":"open","ping_status":"closed","sticky":false,"template":"","format":"standard","meta":{"footnotes":""},"categories":[8,102],"tags":[1610,4442,2707,9942,6196,1276],"class_list":["post-142884","post","type-post","status-publish","format-standard","hentry","category-philosophie-des-sciences","category-travail","tag-bernard-stiegler","tag-donald-trump","tag-edward-snowden","tag-fin-du-travail","tag-greta-thunberg","tag-julian-assange"],"_links":{"self":[{"href":"https:\/\/www.pauljorion.com\/blog\/wp-json\/wp\/v2\/posts\/142884","targetHints":{"allow":["GET"]}}],"collection":[{"href":"https:\/\/www.pauljorion.com\/blog\/wp-json\/wp\/v2\/posts"}],"about":[{"href":"https:\/\/www.pauljorion.com\/blog\/wp-json\/wp\/v2\/types\/post"}],"author":[{"embeddable":true,"href":"https:\/\/www.pauljorion.com\/blog\/wp-json\/wp\/v2\/users\/1"}],"replies":[{"embeddable":true,"href":"https:\/\/www.pauljorion.com\/blog\/wp-json\/wp\/v2\/comments?post=142884"}],"version-history":[{"count":3,"href":"https:\/\/www.pauljorion.com\/blog\/wp-json\/wp\/v2\/posts\/142884\/revisions"}],"predecessor-version":[{"id":142887,"href":"https:\/\/www.pauljorion.com\/blog\/wp-json\/wp\/v2\/posts\/142884\/revisions\/142887"}],"wp:attachment":[{"href":"https:\/\/www.pauljorion.com\/blog\/wp-json\/wp\/v2\/media?parent=142884"}],"wp:term":[{"taxonomy":"category","embeddable":true,"href":"https:\/\/www.pauljorion.com\/blog\/wp-json\/wp\/v2\/categories?post=142884"},{"taxonomy":"post_tag","embeddable":true,"href":"https:\/\/www.pauljorion.com\/blog\/wp-json\/wp\/v2\/tags?post=142884"}],"curies":[{"name":"wp","href":"https:\/\/api.w.org\/{rel}","templated":true}]}}