{"id":142904,"date":"2025-01-21T10:30:45","date_gmt":"2025-01-21T09:30:45","guid":{"rendered":"https:\/\/www.pauljorion.com\/blog\/?p=142904"},"modified":"2025-01-21T10:30:45","modified_gmt":"2025-01-21T09:30:45","slug":"trump-bonne-nouvelle-on-sattendait-a-encore-pire-pour-son-premier-jour","status":"publish","type":"post","link":"https:\/\/www.pauljorion.com\/blog\/2025\/01\/21\/trump-bonne-nouvelle-on-sattendait-a-encore-pire-pour-son-premier-jour\/","title":{"rendered":"<b>Trump &#8211; Bonne nouvelle : on s&rsquo;attendait \u00e0 encore pire pour son premier jour&nbsp;!<\/b>"},"content":{"rendered":"<p><img loading=\"lazy\" decoding=\"async\" class=\"aligncenter size-full wp-image-142907\" src=\"https:\/\/www.pauljorion.com\/blog\/wp-content\/uploads\/DALL\u00b7E-2025-01-21-10.06.38-A-surreal-scene-of-the-United-States-Capitol-building-isolated-in-the-vast-expanse-of-the-Sahara-Desert.-The-building-is-perfectly-intact-its-white-d.webp\" alt=\"\" width=\"1792\" height=\"1024\" srcset=\"https:\/\/www.pauljorion.com\/blog\/wp-content\/uploads\/DALL\u00b7E-2025-01-21-10.06.38-A-surreal-scene-of-the-United-States-Capitol-building-isolated-in-the-vast-expanse-of-the-Sahara-Desert.-The-building-is-perfectly-intact-its-white-d.webp 1792w, https:\/\/www.pauljorion.com\/blog\/wp-content\/uploads\/DALL\u00b7E-2025-01-21-10.06.38-A-surreal-scene-of-the-United-States-Capitol-building-isolated-in-the-vast-expanse-of-the-Sahara-Desert.-The-building-is-perfectly-intact-its-white-d-300x171.webp 300w, https:\/\/www.pauljorion.com\/blog\/wp-content\/uploads\/DALL\u00b7E-2025-01-21-10.06.38-A-surreal-scene-of-the-United-States-Capitol-building-isolated-in-the-vast-expanse-of-the-Sahara-Desert.-The-building-is-perfectly-intact-its-white-d-1024x585.webp 1024w, https:\/\/www.pauljorion.com\/blog\/wp-content\/uploads\/DALL\u00b7E-2025-01-21-10.06.38-A-surreal-scene-of-the-United-States-Capitol-building-isolated-in-the-vast-expanse-of-the-Sahara-Desert.-The-building-is-perfectly-intact-its-white-d-768x439.webp 768w, https:\/\/www.pauljorion.com\/blog\/wp-content\/uploads\/DALL\u00b7E-2025-01-21-10.06.38-A-surreal-scene-of-the-United-States-Capitol-building-isolated-in-the-vast-expanse-of-the-Sahara-Desert.-The-building-is-perfectly-intact-its-white-d-1536x878.webp 1536w\" sizes=\"auto, (max-width: 1792px) 100vw, 1792px\" \/><\/p>\n<blockquote><p><em>Illustration par DALL\u00b7E<\/em><\/p><\/blockquote>\n<p>Jusqu&rsquo;ici, parmi les mesures prises les plus notables, Trump n&rsquo;a encore fait primo qu&rsquo;accorder la gr\u00e2ce pr\u00e9sidentielle aux \u00e9meutiers du 6 janvier 2021, cautionnant leurs exactions et faisant du coup entrer leur geste dans l&rsquo;Histoire comme une indignation l\u00e9gitime devant une \u00e9lection pr\u00e9sidentielle truqu\u00e9e. Les D\u00e9mocrates qui n&rsquo;avaient pas vraiment inqui\u00e9t\u00e9 le loustic \u00ab\u00a0parce que cela aurait terni l&rsquo;image de la Pr\u00e9sidence\u00a0\u00bb r\u00e9coltent ce qu&rsquo;ils ont sem\u00e9. Et ils n&rsquo;ont encore rien vu en mati\u00e8re d&rsquo;avilissement de l&rsquo;image pr\u00e9sidentielle ! Les braves gens !<\/p>\n<p>Et secundo, d\u00e9noncer l&rsquo;Accord de Paris sur le climat. Trump l&rsquo;avait d\u00e9j\u00e0 fait en 2019 (retrait effectif des \u00c9tats-Unis en 2020), Biden avait restaur\u00e9 la participation des USA. Vous me direz que comme les signataires ont jur\u00e9 de faire quelque chose, croix de bois, croix de fer, avant 2030 et qu&rsquo;on a enfonc\u00e9 le seuil des +1,5\u00b0C de r\u00e9chauffement l&rsquo;ann\u00e9e derni\u00e8re, il n&rsquo;est pas s\u00fbr que pour une nation, \u00eatre dedans ou dehors fasse la moindre diff\u00e9rence&#8230;<\/p>\n<p>P.S. On reparlera des \u00ab\u00a0Heil Hitler\u00a0!\u00a0\u00bb d&rsquo;Elon Musk, une autre fois. Sous la rubrique \u00ab\u00a0technologie\u00a0\u00bb\u00a0\ud83d\ude09\u00a0.<\/p>\n<p><img loading=\"lazy\" decoding=\"async\" class=\"aligncenter size-full wp-image-142908\" src=\"https:\/\/www.pauljorion.com\/blog\/wp-content\/uploads\/DALL\u00b7E-2025-01-21-10.06.56-A-hauntingly-beautiful-depiction-of-the-United-States-Capitol-building-as-a-ruin-in-a-lush-overgrown-rainforest.-The-structure-is-partially-collapsed.webp\" alt=\"\" width=\"1792\" height=\"1024\" srcset=\"https:\/\/www.pauljorion.com\/blog\/wp-content\/uploads\/DALL\u00b7E-2025-01-21-10.06.56-A-hauntingly-beautiful-depiction-of-the-United-States-Capitol-building-as-a-ruin-in-a-lush-overgrown-rainforest.-The-structure-is-partially-collapsed.webp 1792w, https:\/\/www.pauljorion.com\/blog\/wp-content\/uploads\/DALL\u00b7E-2025-01-21-10.06.56-A-hauntingly-beautiful-depiction-of-the-United-States-Capitol-building-as-a-ruin-in-a-lush-overgrown-rainforest.-The-structure-is-partially-collapsed-300x171.webp 300w, https:\/\/www.pauljorion.com\/blog\/wp-content\/uploads\/DALL\u00b7E-2025-01-21-10.06.56-A-hauntingly-beautiful-depiction-of-the-United-States-Capitol-building-as-a-ruin-in-a-lush-overgrown-rainforest.-The-structure-is-partially-collapsed-1024x585.webp 1024w, https:\/\/www.pauljorion.com\/blog\/wp-content\/uploads\/DALL\u00b7E-2025-01-21-10.06.56-A-hauntingly-beautiful-depiction-of-the-United-States-Capitol-building-as-a-ruin-in-a-lush-overgrown-rainforest.-The-structure-is-partially-collapsed-768x439.webp 768w, https:\/\/www.pauljorion.com\/blog\/wp-content\/uploads\/DALL\u00b7E-2025-01-21-10.06.56-A-hauntingly-beautiful-depiction-of-the-United-States-Capitol-building-as-a-ruin-in-a-lush-overgrown-rainforest.-The-structure-is-partially-collapsed-1536x878.webp 1536w\" sizes=\"auto, (max-width: 1792px) 100vw, 1792px\" \/><\/p>\n<blockquote><p><em>Illustration par DALL\u00b7E<\/em><\/p><\/blockquote>\n","protected":false},"excerpt":{"rendered":"<p><img loading=\"lazy\" decoding=\"async\" class=\"aligncenter size-full wp-image-142907\" src=\"https:\/\/www.pauljorion.com\/blog\/wp-content\/uploads\/DALL\u00b7E-2025-01-21-10.06.38-A-surreal-scene-of-the-United-States-Capitol-building-isolated-in-the-vast-expanse-of-the-Sahara-Desert.-The-building-is-perfectly-intact-its-white-d.webp\" alt=\"\" width=\"1792\" height=\"1024\" srcset=\"https:\/\/www.pauljorion.com\/blog\/wp-content\/uploads\/DALL\u00b7E-2025-01-21-10.06.38-A-surreal-scene-of-the-United-States-Capitol-building-isolated-in-the-vast-expanse-of-the-Sahara-Desert.-The-building-is-perfectly-intact-its-white-d.webp 1792w, https:\/\/www.pauljorion.com\/blog\/wp-content\/uploads\/DALL\u00b7E-2025-01-21-10.06.38-A-surreal-scene-of-the-United-States-Capitol-building-isolated-in-the-vast-expanse-of-the-Sahara-Desert.-The-building-is-perfectly-intact-its-white-d-300x171.webp 300w, https:\/\/www.pauljorion.com\/blog\/wp-content\/uploads\/DALL\u00b7E-2025-01-21-10.06.38-A-surreal-scene-of-the-United-States-Capitol-building-isolated-in-the-vast-expanse-of-the-Sahara-Desert.-The-building-is-perfectly-intact-its-white-d-1024x585.webp 1024w, https:\/\/www.pauljorion.com\/blog\/wp-content\/uploads\/DALL\u00b7E-2025-01-21-10.06.38-A-surreal-scene-of-the-United-States-Capitol-building-isolated-in-the-vast-expanse-of-the-Sahara-Desert.-The-building-is-perfectly-intact-its-white-d-768x439.webp 768w, https:\/\/www.pauljorion.com\/blog\/wp-content\/uploads\/DALL\u00b7E-2025-01-21-10.06.38-A-surreal-scene-of-the-United-States-Capitol-building-isolated-in-the-vast-expanse-of-the-Sahara-Desert.-The-building-is-perfectly-intact-its-white-d-1536x878.webp 1536w\" sizes=\"auto, (max-width: 1792px) 100vw, 1792px\" \/><\/p>\n<blockquote>\n<p><em>Illustration par DALL\u00b7E<\/em><\/p>\n<\/blockquote>\n<p>Jusqu&rsquo;ici, parmi les mesures prises les plus notables, Trump n&rsquo;a encore fait primo qu&rsquo;accorder la gr\u00e2ce pr\u00e9sidentielle aux \u00e9meutiers du 6 janvier 2021, cautionnant leurs exactions et faisant du coup entrer leur geste dans l&rsquo;Histoire comme une indignation l\u00e9gitime devant une \u00e9lection pr\u00e9sidentielle [&hellip;]<\/p>\n","protected":false},"author":1,"featured_media":0,"comment_status":"open","ping_status":"closed","sticky":false,"template":"","format":"standard","meta":{"footnotes":""},"categories":[6686,2597,72],"tags":[5357,4442,4633,6427,5883,8078,172],"class_list":["post-142904","post","type-post","status-publish","format-standard","hentry","category-climat","category-democratie-2","category-etats-unis","tag-accords-de-paris-sur-le-climat","tag-donald-trump","tag-elon-musk","tag-joe-biden","tag-parti-democrate","tag-prise-du-capitole-le-6-janvier-2021","tag-rechauffement-climatique"],"_links":{"self":[{"href":"https:\/\/www.pauljorion.com\/blog\/wp-json\/wp\/v2\/posts\/142904","targetHints":{"allow":["GET"]}}],"collection":[{"href":"https:\/\/www.pauljorion.com\/blog\/wp-json\/wp\/v2\/posts"}],"about":[{"href":"https:\/\/www.pauljorion.com\/blog\/wp-json\/wp\/v2\/types\/post"}],"author":[{"embeddable":true,"href":"https:\/\/www.pauljorion.com\/blog\/wp-json\/wp\/v2\/users\/1"}],"replies":[{"embeddable":true,"href":"https:\/\/www.pauljorion.com\/blog\/wp-json\/wp\/v2\/comments?post=142904"}],"version-history":[{"count":6,"href":"https:\/\/www.pauljorion.com\/blog\/wp-json\/wp\/v2\/posts\/142904\/revisions"}],"predecessor-version":[{"id":142913,"href":"https:\/\/www.pauljorion.com\/blog\/wp-json\/wp\/v2\/posts\/142904\/revisions\/142913"}],"wp:attachment":[{"href":"https:\/\/www.pauljorion.com\/blog\/wp-json\/wp\/v2\/media?parent=142904"}],"wp:term":[{"taxonomy":"category","embeddable":true,"href":"https:\/\/www.pauljorion.com\/blog\/wp-json\/wp\/v2\/categories?post=142904"},{"taxonomy":"post_tag","embeddable":true,"href":"https:\/\/www.pauljorion.com\/blog\/wp-json\/wp\/v2\/tags?post=142904"}],"curies":[{"name":"wp","href":"https:\/\/api.w.org\/{rel}","templated":true}]}}