{"id":143617,"date":"2025-03-21T20:48:46","date_gmt":"2025-03-21T19:48:46","guid":{"rendered":"https:\/\/www.pauljorion.com\/blog\/?p=143617"},"modified":"2025-03-21T20:48:46","modified_gmt":"2025-03-21T19:48:46","slug":"le-temps-qui-passe-par-gerard-legrand","status":"publish","type":"post","link":"https:\/\/www.pauljorion.com\/blog\/2025\/03\/21\/le-temps-qui-passe-par-gerard-legrand\/","title":{"rendered":"<b>Le temps qui passe<\/b>, par G\u00e9rard Legrand"},"content":{"rendered":"<p><img loading=\"lazy\" decoding=\"async\" class=\"aligncenter size-full wp-image-143622\" src=\"https:\/\/www.pauljorion.com\/blog\/wp-content\/uploads\/DALL\u00b7E-2025-03-21-20.40.12-A-panoramic-cinematic-illustration-with-a-film-like-analog-style-capturing-the-passage-of-time-and-generational-memory.-The-scene-is-split-into-thre.webp\" alt=\"\" width=\"1792\" height=\"1024\" srcset=\"https:\/\/www.pauljorion.com\/blog\/wp-content\/uploads\/DALL\u00b7E-2025-03-21-20.40.12-A-panoramic-cinematic-illustration-with-a-film-like-analog-style-capturing-the-passage-of-time-and-generational-memory.-The-scene-is-split-into-thre.webp 1792w, https:\/\/www.pauljorion.com\/blog\/wp-content\/uploads\/DALL\u00b7E-2025-03-21-20.40.12-A-panoramic-cinematic-illustration-with-a-film-like-analog-style-capturing-the-passage-of-time-and-generational-memory.-The-scene-is-split-into-thre-300x171.webp 300w, https:\/\/www.pauljorion.com\/blog\/wp-content\/uploads\/DALL\u00b7E-2025-03-21-20.40.12-A-panoramic-cinematic-illustration-with-a-film-like-analog-style-capturing-the-passage-of-time-and-generational-memory.-The-scene-is-split-into-thre-1024x585.webp 1024w, https:\/\/www.pauljorion.com\/blog\/wp-content\/uploads\/DALL\u00b7E-2025-03-21-20.40.12-A-panoramic-cinematic-illustration-with-a-film-like-analog-style-capturing-the-passage-of-time-and-generational-memory.-The-scene-is-split-into-thre-768x439.webp 768w, https:\/\/www.pauljorion.com\/blog\/wp-content\/uploads\/DALL\u00b7E-2025-03-21-20.40.12-A-panoramic-cinematic-illustration-with-a-film-like-analog-style-capturing-the-passage-of-time-and-generational-memory.-The-scene-is-split-into-thre-1536x878.webp 1536w\" sizes=\"auto, (max-width: 1792px) 100vw, 1792px\" \/><\/p>\n<p style=\"text-align: center;\"><em>Illustration par DALL\u00b7E<\/em><\/p>\n<p class=\"p1\">Ce n\u2019est que tout r\u00e9cemment que j\u2019ai autant ressenti l\u2019empreinte du temps tant dans ma chair que dans mon psychisme et ma pens\u00e9e.<\/p>\n<p class=\"p1\">N\u00e9 en 1947, je ne me suis pas rendu compte de la proximit\u00e9, pour mes parents et mes proches en g\u00e9n\u00e9ral, de la fin de la seconde guerre mondiale, et par cons\u00e9quent de leur fa\u00e7on d\u2019\u00eatre et de penser dans la p\u00e9riode de l\u2019apr\u00e8s-guerre durant laquelle la France et l\u2019Europe en g\u00e9n\u00e9ral (Europe dite de l\u2019Ouest) ont connu un redressement rapide et un enrichissement consid\u00e9rable. Les souffrances qu\u2019ils ont subies pendant 4 ans\u00a0: faim, crainte des bombardements, rafles, prises d\u2019otages, etc., ont laiss\u00e9 en eux une empreinte ind\u00e9l\u00e9bile. Le choc provoqu\u00e9 par l\u2019arriv\u00e9e massive d\u2019une arm\u00e9e apportant avec elle un mode de civilisation diff\u00e9rent, fond\u00e9 sur la consommation voire le gaspillage les a d\u00e9sorient\u00e9s et a provoqu\u00e9 chez certains un v\u00e9ritable rejet.<\/p>\n<p class=\"p1\">De plus l\u2019influence de la culture, des modes de pens\u00e9e, de vie, de la musique des \u00c9tats-Unis d\u2019Am\u00e9rique sur ma g\u00e9n\u00e9ration a \u00e9t\u00e9 tr\u00e8s pr\u00e9gnante, sans que l\u2019on en ait toujours \u00e9t\u00e9 conscient.<\/p>\n<p class=\"p1\">Enti\u00e8rement tourn\u00e9 vers mon devenir, je ne pouvais imaginer la force de l\u2019empreinte qu\u2019avait laiss\u00e9 en eux la p\u00e9riode dite \u00ab\u00a0<i>de l\u2019entre-deux-guerres\u00a0<\/i>\u00bb pour les enfants n\u00e9s entre 1920 et 1921, ce qui est le cas de mes parents.<\/p>\n<p class=\"p1\">L\u2019opposition entre ces g\u00e9n\u00e9rations a trouv\u00e9 son acm\u00e9 en 1968.<\/p>\n<p class=\"p1\">La reconfiguration de l\u2019Europe (au sens g\u00e9opolitique) et du Monde apr\u00e8s 1945, offrait un cadre tout \u00e0 fait diff\u00e9rent de celui de l\u2019\u00ab<i> avant-guerre\u00a0<\/i>\u00bb et il \u00e9tait difficile d\u2019essayer d\u2019en prendre pleinement la mesure avec les outils mentaux forg\u00e9s durant la p\u00e9riode d\u2019\u00ab\u00a0<i>avant<\/i>\u00a0\u00bb.<\/p>\n<p class=\"p1\">Si l\u2019on \u00e9tablit un parall\u00e8le entre ce qui pr\u00e9c\u00e8de et notre temps, les \u00e9v\u00e8nements qui se sont d\u00e9roul\u00e9s depuis le premier quart du XXI<span class=\"s1\"><sup>e <\/sup><\/span>si\u00e8cle exigent \u00e9galement une grille de lecture tout \u00e0 fait diff\u00e9rente de celle que moi-m\u00eame, n\u00e9 au milieu du XX<span class=\"s1\"><sup>e<span class=\"Apple-converted-space\">\u00a0 <\/span><\/sup><\/span>si\u00e8cle, je me suis construite pendant mes ann\u00e9es d\u2019apprentissage et de formation.<\/p>\n<p class=\"p1\">Lorsque l\u2019on prend de l\u2019\u00e2ge, on a tendance \u00e0 se repr\u00e9senter le monde comme agit\u00e9 et incoh\u00e9rent par rapport \u00e0 celui que l\u2019on croit avoir connu, dont on se souvient ou croit se souvenir et qui, g\u00e9n\u00e9ralement, est le monde de l\u2019entr\u00e9e dans l\u2019\u00e2ge adulte (qui quelquefois peut \u00eatre tardif).<\/p>\n<p class=\"p1\">La chute du mur de Berlin en novembre 1989 et l\u2019effondrement de l\u2019URSS ainsi que l\u2019irruption sur la sc\u00e8ne internationale du monde musulman, la mont\u00e9e en puissance de la Chine (et de l\u2019Inde)<span class=\"Apple-converted-space\">\u00a0 <\/span>et la revendication des anciens pays africains colonis\u00e9s, demandaient une remise en question totale de la part des Europ\u00e9ens, et particuli\u00e8rement de la France, de la politique \u00e9trang\u00e8re et aurait d\u00fb provoquer une analyse et une prise de conscience qui n\u2019ont pas \u00e9t\u00e9 faites.<\/p>\n<p class=\"p1\">Les Europ\u00e9ens et les gouvernements fran\u00e7ais qui se sont succ\u00e9d\u00e9s ont fait \u00ab\u00a0comme si\u00a0\u00bb ce \u00ab<i>\u00a0sous-continent<\/i>\u00a0\u00bb l\u2019Europe, serait encore pour longtemps (?) prot\u00e9g\u00e9 par le \u00ab\u00a0<i>parapluie am\u00e9ricain<\/i>\u00a0\u00bb et en cons\u00e9quence ne se sentant nullement menac\u00e9s, n\u2019ont pas vraiment \u00e9labor\u00e9 de doctrine strat\u00e9gique pour se prot\u00e9ger \u00e0 la fois militairement et \u00e9conomiquement. Mieux, ils ont d\u00e9mantel\u00e9 leurs industries et leurs protections douani\u00e8res avec une na\u00efvet\u00e9 et un app\u00e2t du gain imm\u00e9diat, se comportant comme des ma\u00eetres envers leurs vassaux.<\/p>\n<p class=\"p1\">La situation actuelle est le r\u00e9sultat de d\u00e9cennies d\u2019aveuglement et de suffisance.<\/p>\n<p><img loading=\"lazy\" decoding=\"async\" src=\"https:\/\/www.pauljorion.com\/blog\/wp-content\/uploads\/DALL\u00b7E-2025-03-21-20.30.54-A-panoramic-cinematic-illustration-with-a-film-like-analog-style-capturing-the-passage-of-time-and-generational-memory.-The-scene-is-split-into-thre.webp\" alt=\"\" width=\"1792\" height=\"1024\" class=\"aligncenter size-full wp-image-143619\" srcset=\"https:\/\/www.pauljorion.com\/blog\/wp-content\/uploads\/DALL\u00b7E-2025-03-21-20.30.54-A-panoramic-cinematic-illustration-with-a-film-like-analog-style-capturing-the-passage-of-time-and-generational-memory.-The-scene-is-split-into-thre.webp 1792w, https:\/\/www.pauljorion.com\/blog\/wp-content\/uploads\/DALL\u00b7E-2025-03-21-20.30.54-A-panoramic-cinematic-illustration-with-a-film-like-analog-style-capturing-the-passage-of-time-and-generational-memory.-The-scene-is-split-into-thre-300x171.webp 300w, https:\/\/www.pauljorion.com\/blog\/wp-content\/uploads\/DALL\u00b7E-2025-03-21-20.30.54-A-panoramic-cinematic-illustration-with-a-film-like-analog-style-capturing-the-passage-of-time-and-generational-memory.-The-scene-is-split-into-thre-1024x585.webp 1024w, https:\/\/www.pauljorion.com\/blog\/wp-content\/uploads\/DALL\u00b7E-2025-03-21-20.30.54-A-panoramic-cinematic-illustration-with-a-film-like-analog-style-capturing-the-passage-of-time-and-generational-memory.-The-scene-is-split-into-thre-768x439.webp 768w, https:\/\/www.pauljorion.com\/blog\/wp-content\/uploads\/DALL\u00b7E-2025-03-21-20.30.54-A-panoramic-cinematic-illustration-with-a-film-like-analog-style-capturing-the-passage-of-time-and-generational-memory.-The-scene-is-split-into-thre-1536x878.webp 1536w\" sizes=\"auto, (max-width: 1792px) 100vw, 1792px\" \/><\/p>\n<p style=\"text-align: center;\"><em>Illustration par DALL\u00b7E<\/em><\/p>\n","protected":false},"excerpt":{"rendered":"<p><img loading=\"lazy\" decoding=\"async\" class=\"aligncenter size-full wp-image-143622\" src=\"https:\/\/www.pauljorion.com\/blog\/wp-content\/uploads\/DALL\u00b7E-2025-03-21-20.40.12-A-panoramic-cinematic-illustration-with-a-film-like-analog-style-capturing-the-passage-of-time-and-generational-memory.-The-scene-is-split-into-thre.webp\" alt=\"\" width=\"1792\" height=\"1024\" srcset=\"https:\/\/www.pauljorion.com\/blog\/wp-content\/uploads\/DALL\u00b7E-2025-03-21-20.40.12-A-panoramic-cinematic-illustration-with-a-film-like-analog-style-capturing-the-passage-of-time-and-generational-memory.-The-scene-is-split-into-thre.webp 1792w, https:\/\/www.pauljorion.com\/blog\/wp-content\/uploads\/DALL\u00b7E-2025-03-21-20.40.12-A-panoramic-cinematic-illustration-with-a-film-like-analog-style-capturing-the-passage-of-time-and-generational-memory.-The-scene-is-split-into-thre-300x171.webp 300w, https:\/\/www.pauljorion.com\/blog\/wp-content\/uploads\/DALL\u00b7E-2025-03-21-20.40.12-A-panoramic-cinematic-illustration-with-a-film-like-analog-style-capturing-the-passage-of-time-and-generational-memory.-The-scene-is-split-into-thre-1024x585.webp 1024w, https:\/\/www.pauljorion.com\/blog\/wp-content\/uploads\/DALL\u00b7E-2025-03-21-20.40.12-A-panoramic-cinematic-illustration-with-a-film-like-analog-style-capturing-the-passage-of-time-and-generational-memory.-The-scene-is-split-into-thre-768x439.webp 768w, https:\/\/www.pauljorion.com\/blog\/wp-content\/uploads\/DALL\u00b7E-2025-03-21-20.40.12-A-panoramic-cinematic-illustration-with-a-film-like-analog-style-capturing-the-passage-of-time-and-generational-memory.-The-scene-is-split-into-thre-1536x878.webp 1536w\" sizes=\"auto, (max-width: 1792px) 100vw, 1792px\" \/><\/p>\n<p style=\"text-align: center;\"><em>Illustration par DALL\u00b7E<\/em><\/p>\n<p class=\"p1\">Ce n\u2019est que tout r\u00e9cemment que j\u2019ai autant ressenti l\u2019empreinte du temps tant dans ma chair que dans mon psychisme et ma pens\u00e9e.<\/p>\n<p class=\"p1\">N\u00e9 en 1947, je ne me suis pas rendu compte de la proximit\u00e9, pour mes parents [&hellip;]<\/p>\n","protected":false},"author":1,"featured_media":0,"comment_status":"open","ping_status":"closed","sticky":false,"template":"","format":"standard","meta":{"footnotes":""},"categories":[204,4454,7,6],"tags":[1187,4475,311,468],"class_list":["post-143617","post","type-post","status-publish","format-standard","hentry","category-europe","category-france","category-histoire","category-questions-essentielles","tag-chute-du-mur-de-berlin","tag-etats-unis","tag-france","tag-mai-68"],"_links":{"self":[{"href":"https:\/\/www.pauljorion.com\/blog\/wp-json\/wp\/v2\/posts\/143617","targetHints":{"allow":["GET"]}}],"collection":[{"href":"https:\/\/www.pauljorion.com\/blog\/wp-json\/wp\/v2\/posts"}],"about":[{"href":"https:\/\/www.pauljorion.com\/blog\/wp-json\/wp\/v2\/types\/post"}],"author":[{"embeddable":true,"href":"https:\/\/www.pauljorion.com\/blog\/wp-json\/wp\/v2\/users\/1"}],"replies":[{"embeddable":true,"href":"https:\/\/www.pauljorion.com\/blog\/wp-json\/wp\/v2\/comments?post=143617"}],"version-history":[{"count":3,"href":"https:\/\/www.pauljorion.com\/blog\/wp-json\/wp\/v2\/posts\/143617\/revisions"}],"predecessor-version":[{"id":143624,"href":"https:\/\/www.pauljorion.com\/blog\/wp-json\/wp\/v2\/posts\/143617\/revisions\/143624"}],"wp:attachment":[{"href":"https:\/\/www.pauljorion.com\/blog\/wp-json\/wp\/v2\/media?parent=143617"}],"wp:term":[{"taxonomy":"category","embeddable":true,"href":"https:\/\/www.pauljorion.com\/blog\/wp-json\/wp\/v2\/categories?post=143617"},{"taxonomy":"post_tag","embeddable":true,"href":"https:\/\/www.pauljorion.com\/blog\/wp-json\/wp\/v2\/tags?post=143617"}],"curies":[{"name":"wp","href":"https:\/\/api.w.org\/{rel}","templated":true}]}}