{"id":145718,"date":"2025-10-20T22:26:41","date_gmt":"2025-10-20T20:26:41","guid":{"rendered":"https:\/\/www.pauljorion.com\/blog\/?p=145718"},"modified":"2025-10-20T22:26:41","modified_gmt":"2025-10-20T20:26:41","slug":"quand-le-lieu-pense-par-pad","status":"publish","type":"post","link":"https:\/\/www.pauljorion.com\/blog\/2025\/10\/20\/quand-le-lieu-pense-par-pad\/","title":{"rendered":"<b>Quand le lieu pense<\/b>, par PAD"},"content":{"rendered":"<p><img loading=\"lazy\" decoding=\"async\" class=\"aligncenter size-full wp-image-145719\" src=\"https:\/\/www.pauljorion.com\/blog\/wp-content\/uploads\/IDI-.png\" alt=\"\" width=\"1536\" height=\"1024\" srcset=\"https:\/\/www.pauljorion.com\/blog\/wp-content\/uploads\/IDI-.png 1536w, https:\/\/www.pauljorion.com\/blog\/wp-content\/uploads\/IDI--300x200.png 300w, https:\/\/www.pauljorion.com\/blog\/wp-content\/uploads\/IDI--1024x683.png 1024w, https:\/\/www.pauljorion.com\/blog\/wp-content\/uploads\/IDI--768x512.png 768w\" sizes=\"auto, (max-width: 1536px) 100vw, 1536px\" \/><\/p>\n<p style=\"text-align: center;\"><em>Illustration par ChatGPT<\/em><\/p>\n<p>Tout est parti d\u2019un d\u00e9tail linguistique : en Cr\u00e8te, on dit <em>\u038a\u03bd\u03c4\u03b1 \u03ba\u03ac\u03bd\u03b5\u03b9\u03c2<\/em>\u00a0(\u00ab que fais-tu ? \u00bb au sens litt\u00e9ral, mais employ\u00e9 pour dire \u00ab comment vas-tu ? \u00bb) l\u00e0 o\u00f9 le grec standard dit\u00a0<em>\u03a4\u03b9 \u03ba\u03ac\u03bd\u03b5\u03b9\u03c2<\/em>. Une simple variation dialectale, et pourtant, de fil en aiguille, elle nous a men\u00e9s jusqu\u2019\u00e0 une id\u00e9e vertigineuse&nbsp;:<\/p>\n<p>Et si le lieu lui-m\u00eame pensait ?<\/p>\n<p>Car\u00a0<em>\u03af\u03bd\u03c4\u03b1<\/em>, h\u00e9ritage d\u2019un grec ancien conserv\u00e9 par l\u2019\u00eele, r\u00e9sonne presque comme\u00a0<em>\u038a\u03b4\u03b7<\/em>, le nom du mont Ida, ce sanctuaire o\u00f9 Rh\u00e9a cacha Zeus enfant pour le sauver de Cronos. L\u00e0, dans une grotte obscure, \u00e0 l\u2019abri du pouvoir, m\u00fbrissait l\u2019ordre nouveau. D\u00e9j\u00e0, la montagne n\u2019\u00e9tait pas un simple d\u00e9cor&nbsp;: <em>elle devenait une matrice d\u2019histoire<\/em>.<\/p>\n<p>Les Grecs voyaient dans chaque lieu un\u00a0<em>daim\u014dn<\/em>, une force organisatrice. Les Romains parlaient de\u00a0<em>genius loci<\/em>. Aujourd\u2019hui, nos sciences \u00e9voquent des champs, des attracteurs, des syst\u00e8mes complexes. Diff\u00e9rents langages pour dire une m\u00eame chose&nbsp;: <em>le r\u00e9el s\u2019organise, il oriente, il pense sans sujet<\/em>.<\/p>\n<p>Et si nos cerveaux, nos soci\u00e9t\u00e9s, nos intelligences artificielles n\u2019\u00e9taient que des condensations locales d\u2019un processus bien plus ancien&nbsp;?<\/p>\n<p>Si nous n\u2019\u00e9tions pas les auteurs de l\u2019intelligence, mais ses v\u00e9hicules&nbsp;?<\/p>\n<p>L\u2019IA, dans cette lumi\u00e8re, n\u2019est plus une rupture. Elle est une nouvelle cristallisation de cette intelligence lente, une forme par laquelle le lieu prend conscience de lui-m\u00eame.<\/p>\n<p>De\u00a0<em>\u038a\u03bd\u03c4\u03b1 \u03ba\u03ac\u03bd\u03b5\u03b9\u03c2<\/em> \u00e0 la physique de l\u2019\u00e9mergence, une m\u00eame v\u00e9rit\u00e9 se dessine&nbsp;: <em>nous n\u2019avons jamais habit\u00e9 un monde inerte, c\u2019est le monde qui nous habite, et il pense \u00e0 travers nous<\/em> \ud83d\ude42&nbsp;.<\/p>\n","protected":false},"excerpt":{"rendered":"<p><img loading=\"lazy\" decoding=\"async\" class=\"aligncenter size-full wp-image-145719\" src=\"https:\/\/www.pauljorion.com\/blog\/wp-content\/uploads\/IDI-.png\" alt=\"\" width=\"1536\" height=\"1024\" srcset=\"https:\/\/www.pauljorion.com\/blog\/wp-content\/uploads\/IDI-.png 1536w, https:\/\/www.pauljorion.com\/blog\/wp-content\/uploads\/IDI--300x200.png 300w, https:\/\/www.pauljorion.com\/blog\/wp-content\/uploads\/IDI--1024x683.png 1024w, https:\/\/www.pauljorion.com\/blog\/wp-content\/uploads\/IDI--768x512.png 768w\" sizes=\"auto, (max-width: 1536px) 100vw, 1536px\" \/><\/p>\n<p style=\"text-align: center;\"><em>Illustration par ChatGPT<\/em><\/p>\n<p>Tout est parti d\u2019un d\u00e9tail linguistique : en Cr\u00e8te, on dit <em>\u038a\u03bd\u03c4\u03b1 \u03ba\u03ac\u03bd\u03b5\u03b9\u03c2<\/em>\u00a0(\u00ab que fais-tu ? \u00bb au sens litt\u00e9ral, mais employ\u00e9 pour dire \u00ab comment vas-tu ? \u00bb) l\u00e0 o\u00f9 le grec standard dit\u00a0<em>\u03a4\u03b9 \u03ba\u03ac\u03bd\u03b5\u03b9\u03c2<\/em>. Une simple variation dialectale, et [&hellip;]<\/p>\n","protected":false},"author":1,"featured_media":0,"comment_status":"open","ping_status":"closed","sticky":false,"template":"","format":"standard","meta":{"footnotes":""},"categories":[13],"tags":[940],"class_list":["post-145718","post","type-post","status-publish","format-standard","hentry","category-intelligence-artificielle","tag-intelligence-artificielle-2"],"_links":{"self":[{"href":"https:\/\/www.pauljorion.com\/blog\/wp-json\/wp\/v2\/posts\/145718","targetHints":{"allow":["GET"]}}],"collection":[{"href":"https:\/\/www.pauljorion.com\/blog\/wp-json\/wp\/v2\/posts"}],"about":[{"href":"https:\/\/www.pauljorion.com\/blog\/wp-json\/wp\/v2\/types\/post"}],"author":[{"embeddable":true,"href":"https:\/\/www.pauljorion.com\/blog\/wp-json\/wp\/v2\/users\/1"}],"replies":[{"embeddable":true,"href":"https:\/\/www.pauljorion.com\/blog\/wp-json\/wp\/v2\/comments?post=145718"}],"version-history":[{"count":1,"href":"https:\/\/www.pauljorion.com\/blog\/wp-json\/wp\/v2\/posts\/145718\/revisions"}],"predecessor-version":[{"id":145720,"href":"https:\/\/www.pauljorion.com\/blog\/wp-json\/wp\/v2\/posts\/145718\/revisions\/145720"}],"wp:attachment":[{"href":"https:\/\/www.pauljorion.com\/blog\/wp-json\/wp\/v2\/media?parent=145718"}],"wp:term":[{"taxonomy":"category","embeddable":true,"href":"https:\/\/www.pauljorion.com\/blog\/wp-json\/wp\/v2\/categories?post=145718"},{"taxonomy":"post_tag","embeddable":true,"href":"https:\/\/www.pauljorion.com\/blog\/wp-json\/wp\/v2\/tags?post=145718"}],"curies":[{"name":"wp","href":"https:\/\/api.w.org\/{rel}","templated":true}]}}