{"id":15700,"date":"2010-09-06T12:03:06","date_gmt":"2010-09-06T10:03:06","guid":{"rendered":"http:\/\/www.pauljorion.com\/blog\/?p=15700"},"modified":"2013-01-02T17:57:05","modified_gmt":"2013-01-02T16:57:05","slug":"bfm-radio-lundi-6-septembre-2010-a-10h46","status":"publish","type":"post","link":"https:\/\/www.pauljorion.com\/blog\/2010\/09\/06\/bfm-radio-lundi-6-septembre-2010-a-10h46\/","title":{"rendered":"BFM Radio, lundi 6 septembre 2010 \u00e0 10h46 &#8211; D\u00e9sordres mon\u00e9taires et \u00e9meutes de la faim"},"content":{"rendered":"<blockquote><p><strong>Ce texte est un \u00ab article presslib\u2019 \u00bb (*) <\/strong><\/p><\/blockquote>\n<p><object width=\"480\" height=\"360\"><param name=\"movie\" value=\"http:\/\/www.dailymotion.com\/swf\/video\/xeprmm?additionalInfos=0\"\/><param name=\"allowFullScreen\" value=\"true\"\/><param name=\"allowScriptAccess\" value=\"always\"\/><embed type=\"application\/x-shockwave-flash\" src=\"http:\/\/www.dailymotion.com\/swf\/video\/xeprmm?additionalInfos=0\" width=\"480\" height=\"360\" allowfullscreen=\"true\" allowscriptaccess=\"always\"\/><\/object><\/p>\n<p><strong>D\u00e9sordres mon\u00e9taires et \u00e9meutes de la faim<\/strong><\/p>\n<p>\u00c9voquons d\u2019abord les faits. On reparle ces jours-ci du prix des c\u00e9r\u00e9ales, au plus haut depuis deux ans. La mauvaise r\u00e9colte en Russie, gros exportateur de bl\u00e9 en g\u00e9n\u00e9ral (13,6 % de la production mondiale), a conduit Poutine \u00e0 en interdire l\u2019exportation jusqu\u2019\u00e0 la fin de l\u2019ann\u00e9e 2011. On reparle, comme en 2008, d\u2019\u00ab \u00e9meutes de la faim \u00bb et Maputo, la capitale du Mozambique a connu, la semaine derni\u00e8re des \u00e9meutes de la vie ch\u00e8re qui ont fait sept morts. Le 24 septembre, la FAO, l\u2019organisation des Nations-Unies pour l\u2019alimentation et l\u2019agriculture, consacrera une session sp\u00e9ciale \u00e0 ces questions, on insiste \u00e0 Rome, au si\u00e8ge de l\u2019organisation, sur le fait qu\u2019il s\u2019agit d\u2019une r\u00e9union \u00ab sp\u00e9ciale \u00bb et non \u00ab extraordinaire \u00bb, pour souligner qu\u2019il n\u2019y a pas urgence : le prix du bl\u00e9 est encore plus faible de 38 % du sommet qu\u2019il atteignit \u00e0 l\u2019\u00e9t\u00e9 2008.<\/p>\n<p>En arri\u00e8re-plan de tout cela, la suspicion, non pas tellement de sp\u00e9culation cette fois, que d\u2019accaparement. Qu\u2019est-ce que l\u2019accaparement ? La cr\u00e9ation artificielle d\u2019une p\u00e9nurie par le stockage de quantit\u00e9s qui pourraient \u00eatre propos\u00e9es \u00e0 l\u2019offre.<\/p>\n<p>L\u2019accaparement fait l\u2019actualit\u00e9 en ce moment, ainsi, le fret maritime est \u00e0 ce point bon march\u00e9 en l\u2019absence d\u2019une reprise \u00e9conomique, que des cargos inutilis\u00e9s pour le transport sont mobilis\u00e9s pour le stockage de gaz naturel liquide. Cela donne lieu \u00e0 des comptes d\u2019apothicaire : de combien peut-on faire grimper le prix en accaparant, alors que l\u2019on perd du gaz liquide par \u00ab \u00e9bullition \u00bb, parce qu\u2019il se r\u00e9chauffe au stockage ?<\/p>\n<p>On a \u00e9galement beaucoup parl\u00e9 ces temps derniers de Mr. Anthony Ward, \u00ab\u00a0analyste du march\u00e9 du cacao\u00a0\u00bb, insiste-t-il dans un entretien, et non \u00ab\u00a0accapareur\u00a0\u00bb, qui est parvenu cette ann\u00e9e \u00e0 acheter \u00e0 luiseul, 7% de la r\u00e9colte. Les exemples plus anciens ne manquent pas non plus, comme celui des fr\u00e8res Nelson et William Hunt, qui \u00e9taient parvenus \u00e0 accaparer le march\u00e9 de l\u2019argent en 1979-80. Ils avaient perdu leur pari, ce qui leur avait co\u00fbt\u00e9 tr\u00e8s cher.<\/p>\n<p>Quand le pain est hors de prix, on le sait, le peuple gronde. La fin du XVIII<sup>e<\/sup> si\u00e8cle a connu de nombreux rench\u00e9rissements du prix du pain et l\u2019une des rares choses que la plupart d\u2019entre nous savent de Marie-Antoinette, c\u2019est son fameux : \u00ab S\u2019ils n\u2019ont pas de pain, qu\u2019ils mangent de la brioche \u00bb. Jacques Roux, \u00e0 la t\u00eate des Enrag\u00e9s, obtiendra de la Convention qu\u2019elle passe le 8 d\u00e9cembre 1792 un d\u00e9cret, jamais appliqu\u00e9, qui frappe de la peine de mort les accapareurs. On combat la hausse des prix qui accompagne l\u2019accaparement par la fixation des prix. Mais comme le grain est cher, c\u2019est la qualit\u00e9 du pain qui p\u00e2tit : davantage de son\u2026 et de sciure de bois, jusqu\u2019\u00e0 ce qu\u2019il devienne immangeable !  <\/p>\n<p>Il y a plusieurs motifs \u00e0 l\u2019accaparement, et si l\u2019on entend aller chercher au-del\u00e0 de la simple cupidit\u00e9 et de la m\u00e9chancet\u00e9 humaine, on d\u00e9couvre le facteur sans doute le plus puissant : le d\u00e9sordre mon\u00e9taire. Quand la monnaie cesse d\u2019\u00eatre fiable, il est plus prudent \u2013 et plus payant \u00e0 moyen terme \u2013 de stocker le produit. Celui qui avait le mieux d\u00e9mont\u00e9 ce m\u00e9canisme, c\u2019est Saint-Just, qui d\u00e9clarait dans un discours sur les subsistances, prononc\u00e9 \u00e0 la Convention le 29 novembre 1792 : \u00ab Ce qui a renvers\u00e9, en France, le syst\u00e8me du commerce des grains depuis la r\u00e9volution, c\u2019est l\u2019\u00e9mission d\u00e9r\u00e9gl\u00e9e du signe \u00bb (488). Le \u00ab signe \u00bb, c\u2019est le \u00ab signe mon\u00e9taire \u00bb, et en l\u2019occurrence l\u2019assignat, dont la planche \u00e0 billets ne ch\u00f4mait pas. \u00ab Le laboureur, qui ne veut point mettre de papier dans son tr\u00e9sor, vend \u00e0 regret ses grains, ajoutait-il, cette classe\u2026 pr\u00e9f\u00e8re de conserver ses grains \u00e0 amasser du papier \u00bb (491-492). Et il conclut : \u00ab Il faut donc que le l\u00e9gislateur fasse en sorte que le laboureur d\u00e9pense ou ne r\u00e9pugne point \u00e0 amasser le papier ; que tous les produits de la terre soient dans le commerce, et balancent le signe. Il faut enfin \u00e9quipoller le signe, les produits, les besoins : voil\u00e0 le secret de l\u2019administration \u00e9conomique \u00bb (492).<\/p>\n<p>Qu\u2019il faut un \u00e9quilibre entre la monnaie et la richesse produite, Saint-Just le savait donc d\u00e9j\u00e0. Mr. Milton Friedman lui le niait, et son \u00e9l\u00e8ve Ben Bernanke, le nie \u00e9galement, il \u00e9vite en tout cas ainsi le reproche de contradiction alors qu\u2019il s\u2019appr\u00eate \u00e0 relancer la planche \u00e0 dollars. Mr. Friedman n\u2019apprendra jamais : pour lui, il est trop tard. Pour Mr. Bernanke, il est toujours temps : il l\u2019apprendra \u00e0 ses d\u00e9pens.<\/p>\n<p>========<br \/>\nSaint-Just, Antoine-Louis, <em>\u00c5\u2019uvres compl\u00e8tes<\/em>, \u00e9dition \u00e9tablie et pr\u00e9sent\u00e9e par Anne Kupiec et Miguel Abensour. Pr\u00e9c\u00e9d\u00e9 de \u00ab Lire Saint-Just \u00bb par Miguel Abensour, Paris : Gallimard, 2004<\/p>\n<blockquote><p><strong>(*) Un \u00ab article presslib\u2019 \u00bb est libre de reproduction en tout ou en partie \u00e0 condition que le pr\u00e9sent alin\u00e9a soit reproduit \u00e0 sa suite. Paul Jorion est un \u00ab journaliste presslib\u2019 \u00bb qui vit exclusivement de ses droits d\u2019auteurs et de vos contributions. Il pourra continuer d\u2019\u00e9crire comme il le fait aujourd\u2019hui tant que vous l\u2019y aiderez. Votre soutien peut s\u2019exprimer <a href=\"http:\/\/www.pauljorion.com\/blog\/?page_id=647\">ici<\/a>.<\/strong><\/p><\/blockquote>\n","protected":false},"excerpt":{"rendered":"<blockquote>\n<p><strong>Ce texte est un \u00ab article presslib\u2019 \u00bb (*) <\/strong><\/p>\n<\/blockquote>\n<p><object width=\"480\" height=\"360\"><param name=\"movie\" value=\"http:\/\/www.dailymotion.com\/swf\/video\/xeprmm?additionalInfos=0\"\/><param name=\"allowFullScreen\" value=\"true\"\/><param name=\"allowScriptAccess\" value=\"always\"\/><embed type=\"application\/x-shockwave-flash\" src=\"http:\/\/www.dailymotion.com\/swf\/video\/xeprmm?additionalInfos=0\" width=\"480\" height=\"360\" allowfullscreen=\"true\" allowscriptaccess=\"always\"\/><\/object><\/p>\n<p><strong>D\u00e9sordres mon\u00e9taires et \u00e9meutes de la faim<\/strong><\/p>\n<p>\u00c9voquons d\u2019abord les faits. On reparle ces jours-ci du prix des c\u00e9r\u00e9ales, au plus haut depuis deux ans. La mauvaise r\u00e9colte en Russie, [&hellip;]<\/p>\n","protected":false},"author":1,"featured_media":0,"comment_status":"closed","ping_status":"open","sticky":false,"template":"","format":"standard","meta":{"footnotes":""},"categories":[23],"tags":[707,837,61,834,836,839,838,60,835,771,362],"class_list":["post-15700","post","type-post","status-publish","format-standard","hentry","category-matieres-premieres","tag-accaparement","tag-anthony-ward","tag-ben-bernanke","tag-emeutes-de-la-faim","tag-fao","tag-jacques-roux","tag-marie-antoinette","tag-milton-friedman","tag-mozambique","tag-revolution-francaise","tag-saint-just"],"_links":{"self":[{"href":"https:\/\/www.pauljorion.com\/blog\/wp-json\/wp\/v2\/posts\/15700","targetHints":{"allow":["GET"]}}],"collection":[{"href":"https:\/\/www.pauljorion.com\/blog\/wp-json\/wp\/v2\/posts"}],"about":[{"href":"https:\/\/www.pauljorion.com\/blog\/wp-json\/wp\/v2\/types\/post"}],"author":[{"embeddable":true,"href":"https:\/\/www.pauljorion.com\/blog\/wp-json\/wp\/v2\/users\/1"}],"replies":[{"embeddable":true,"href":"https:\/\/www.pauljorion.com\/blog\/wp-json\/wp\/v2\/comments?post=15700"}],"version-history":[{"count":10,"href":"https:\/\/www.pauljorion.com\/blog\/wp-json\/wp\/v2\/posts\/15700\/revisions"}],"predecessor-version":[{"id":48037,"href":"https:\/\/www.pauljorion.com\/blog\/wp-json\/wp\/v2\/posts\/15700\/revisions\/48037"}],"wp:attachment":[{"href":"https:\/\/www.pauljorion.com\/blog\/wp-json\/wp\/v2\/media?parent=15700"}],"wp:term":[{"taxonomy":"category","embeddable":true,"href":"https:\/\/www.pauljorion.com\/blog\/wp-json\/wp\/v2\/categories?post=15700"},{"taxonomy":"post_tag","embeddable":true,"href":"https:\/\/www.pauljorion.com\/blog\/wp-json\/wp\/v2\/tags?post=15700"}],"curies":[{"name":"wp","href":"https:\/\/api.w.org\/{rel}","templated":true}]}}