{"id":19614,"date":"2010-12-24T00:10:59","date_gmt":"2010-12-24T05:10:59","guid":{"rendered":"http:\/\/www.pauljorion.com\/blog\/?p=19614"},"modified":"2013-01-02T14:50:39","modified_gmt":"2013-01-02T13:50:39","slug":"lactualite-de-la-crise-des-fractures-qui-ne-se-reduisent-pas-par-francois-leclerc","status":"publish","type":"post","link":"https:\/\/www.pauljorion.com\/blog\/2010\/12\/24\/lactualite-de-la-crise-des-fractures-qui-ne-se-reduisent-pas-par-francois-leclerc\/","title":{"rendered":"<i>L&rsquo;actualit\u00e9 de la crise<\/i> : <b>DES FRACTURES QUI NE SE R\u00c9DUISENT PAS<\/b>, par Fran\u00e7ois Leclerc"},"content":{"rendered":"<blockquote><p>Billet invit\u00e9.<\/p><\/blockquote>\n<p>Il n\u2019y a pas que nos soci\u00e9t\u00e9s qui soient \u00e0 deux vitesses, l\u2019Europe aussi en a pris le chemin. Etrange et frappante similitude, qui veut que les in\u00e9galit\u00e9s s\u2019accroissent, aussi bien entre pays qu\u2019au sein de chacun d\u2019entre eux. Pers\u00e9v\u00e9rant ainsi dans ce qui a \u00e9t\u00e9 consid\u00e9r\u00e9 &#8211; par les plus \u00e9clair\u00e9s &#8211; comme cause majeure de la crise dans laquelle nous restons plong\u00e9s\u00a0: la distribution in\u00e9gale de la richesse. Faut-il s\u2019en \u00e9tonner ? <\/p>\n<p>Tandis que les agences de notation continuent de d\u00e9grader \u00e0 tour de bras la note de l\u2019Europe d\u2019en-bas, l\u2019\u00e9cart s\u2019est d\u00e9sormais creus\u00e9 sur le march\u00e9 obligataire avec celle d\u2019en-haut. L\u2019acc\u00e8s au march\u00e9 financier est devenu hors de prix pour les pays dans le besoin et en comparaison presque donn\u00e9 pour les riches. D\u00e9routante constatation\u00a0: l\u2019argent n\u2019a pas le m\u00eame prix pour tout le monde. <\/p>\n<p>Entr\u00e9s \u00e0 reculons dans des dispositifs infernaux de sauvetage, la Gr\u00e8ce et l\u2019Irlande se pr\u00e9parent \u00e0 devoir repousser toujours plus loin toute perspective de sortir de ceux-ci et de recouvrir leur autonomie financi\u00e8re, en attendant que d\u2019autres les rejoignent dans leur calvaire. Car il semble qu\u2019une fois la pente descendue, elle ne puisse plus \u00eatre remont\u00e9e. Comme si l\u2019ascenseur social &#8211; dont on sait qu\u2019il ne fonctionne plus &#8211; avait trouv\u00e9 \u00e0 une autre \u00e9chelle son \u00e9quivalent. <\/p>\n<p><!--more-->En Irlande, les banques sont les unes apr\u00e8s les autres nationalis\u00e9es, \u00e0 tr\u00e8s grands frais, afin de prot\u00e9ger leurs cons\u0153urs cr\u00e9anci\u00e8res des pays d\u2019en-haut. Les transferts financiers vont des d\u00e9munis vers les nantis, ce dont on devine les cons\u00e9quences pour l\u2019avenir. <\/p>\n<p>Le march\u00e9 interbancaire donne des signes d\u2019am\u00e9lioration, suite \u00e0 diff\u00e9rentes \u00e9ch\u00e9ances de remboursement et op\u00e9rations de la BCE de financement des banques. Le nombre de banques qui utilisent ses facilit\u00e9s diminue, leur en-cours global \u00e9galement. Mais la d\u00e9pendance des banques continuant de b\u00e9n\u00e9ficier du dispositif s\u2019accro\u00eet. Le monde bancaire europ\u00e9en, lui aussi, est de moins en moins homog\u00e8ne. <\/p>\n<p>L\u2019Europe est \u00e0 deux vitesses, la seule question \u00e9tant de savoir qui va rejoindre ceux qui sont l\u00e2ch\u00e9s. D\u2019abord le Portugal et l\u2019Espagne, qui continuent de se d\u00e9battre mais glissent irr\u00e9sistiblement sur la pente fatale, n\u2019en faisant jamais assez au regard <i>des march\u00e9s<\/i> et de ceux qui cherchent \u00e0 calmer leur courroux en pr\u00e9conisant de nouveaux sacrifices humains. Car c\u2019est bien de cela qu\u2019il s\u2019agit\u00a0: r\u00e9aliser des r\u00e9formes <i>structurelles<\/i> du march\u00e9 du travail afin d\u2019am\u00e9liorer la <i>comp\u00e9titivit\u00e9<\/i> et d\u00e9graisser le budget de l\u2019Etat en compressant au passage les d\u00e9penses sociales. <\/p>\n<p>La situation des Britanniques devrait pourtant inciter ces oracles mal inspir\u00e9s \u00e0 r\u00e9fl\u00e9chir. Avant m\u00eame que ne d\u00e9bute en d\u00e9but d\u2019ann\u00e9e prochaine le plan Cameron de quatre ans, le pays est au bord d\u2019une nouvelle r\u00e9cession, agr\u00e9ment\u00e9e d\u2019une forte pouss\u00e9e d\u2019inflation et d\u2019une augmentation du d\u00e9ficit public, qui \u00e9tait cens\u00e9 se stabiliser. Des chiffres qualifi\u00e9s d&rsquo;\u00ab\u00a0horribles\u00a0\u00bb en font foi, bloquant toute relance via la planche \u00e0 billet et retoquant toute perspective d\u2019augmentation des recettes fiscales. Plus que tout autre pays, le Royaume-Uni met en \u00e9vidence le non-sens <i>arch\u00e9o-lib\u00e9ral<\/i> d\u2019une m\u00e9decine reposant sur la saign\u00e9e en lieu et place de la redistribution de la richesse. <\/p>\n<p>De savantes \u00e9laborations sont en cours dans les cabinets. Tout tourne autour d\u2019un nouveau projet franco-allemand, p\u00e9niblement en cours de gestation, autour duquel une Europe partie dans tous les sens et sans ressort politique pourrait resserrer les rangs. Au moment o\u00f9 toute augmentation du budget communautaire &#8211; par lequel des mesures de relance europ\u00e9enne auraient pu transiter &#8211; a \u00e9t\u00e9 bloqu\u00e9e nette par les Britanniques alli\u00e9s aux Allemands et Fran\u00e7ais, ces derniers n\u00e9gocient pour leur propre compte du mou dans la ligne de l&rsquo;aust\u00e9rit\u00e9, sous couvert de la mise en place d\u2019un <i>gouvernement \u00e9conomique europ\u00e9en<\/i> \u00e0 g\u00e9om\u00e9trie et argumentaire variables, suivant l\u2019orientation et la force du vent qui provient d\u2019outre-Rhin. <\/p>\n<p>Les Allemands ne veulent toujours pas en entendre parler, s\u2019en tenant au seul objectif de la protection de l\u2019euro. D\u2019apr\u00e8s le S\u00fcddeutsche Zeitung, ils travailleraient au projet d\u2019un fonds europ\u00e9en, dot\u00e9 pour la galerie d\u2019une enseigne en faveur de \u00ab\u00a0la stabilit\u00e9, la croissance et l&rsquo;investissement\u00a0\u00bb. Cette nouvelle institution europ\u00e9enne &#8211; ind\u00e9pendante tout comme la BCE &#8211;  serait en fait charg\u00e9e d\u2019aider financi\u00e8rement les pays en difficult\u00e9s, en contrepartie de garanties financi\u00e8res et selon des conditions \u00e9conomiques s\u00e9v\u00e8res. <\/p>\n<p>On revient \u00e0 l\u2019id\u00e9e d\u00e9j\u00e0 \u00e9voqu\u00e9e d\u2019une sorte de FMI europ\u00e9en, avec la cr\u00e9ation d\u2019un nouvel organisme sur lequel les gouvernements n\u2019auraient statutairement pas de prise, recette de son inflexibilit\u00e9 voulue par les Allemands. Les 16 pays de la zone euro seraient alors r\u00e9gis, pour les questions mon\u00e9taires et \u00e9galement fiscales, par des institutions sur lesquelles aucun contr\u00f4le d\u00e9mocratique ne s\u2019exercerait. <\/p>\n<p>Une autre n\u00e9gociation tr\u00e8s politique est engag\u00e9e, entre Chinois et Europ\u00e9ens. Les premiers envisageant d\u2019accentuer le volume de leurs achats obligataires europ\u00e9ens ; soulageant dans un premier temps de mani\u00e8re symbolique le Portugal, pour 4 \u00e0 5 milliards d\u2019euros uniquement. Les commentateurs mettent l\u2019accent sur l\u2019int\u00e9r\u00eat que les Chinois ont \u00e0 soutenir des partenaires commerciaux de premi\u00e8re importance, ainsi qu\u2019\u00e0 continuer de diversifier l\u2019usage de leurs surplus commerciaux au d\u00e9triment des obligations am\u00e9ricaines. Mais les brillants adeptes de ce que l\u2019on avait appel\u00e9 en d\u2019autres temps <i>la diplomatie du ping-pong<\/i> veulent de s\u00e9rieuses contreparties et la partie ne fait que commencer. <\/p>\n<p>La fracture qui est apparue en Europe ne sera pas r\u00e9duite, ni avec les moyens actuellement employ\u00e9s, ni avec ceux qui sont discut\u00e9s et s\u2019inscrivent dans la m\u00eame strat\u00e9gie. Aucun signe annonciateur d\u2019une \u00e9volution de celle-ci n&rsquo;appara\u00eet, m\u00eame minime, depuis que la tentative de cr\u00e9ation d\u2019euro-obligations a fait long feu. <\/p>\n<p>C\u2019est au plan politique que des points de faiblesse apparaissent. Au sein des coalitions gouvernementales britannique et allemande. A la faveur d\u2019\u00e9ch\u00e9ances \u00e9lectorales programm\u00e9es ou qui pourraient se pr\u00e9cipiter dans d\u2019autres pays. Le constat s&rsquo;impose pourtant : aucune rel\u00e8ve n&rsquo;est pr\u00eate, dont on pourrait escompter l&rsquo;amorce tangible d&rsquo;une alternative. <\/p>\n<p>Mais quel facteur pourrait donc favoriser l\u2019\u00e9mergence de celle-ci ? Seule la d\u00e9gradation pr\u00e9visible de la situation \u00e9conomique et sociale semble pouvoir en \u00eatre le ferment, car les accommodements dont les h\u00e9ritiers de la social-d\u00e9mocratie europ\u00e9enne sont porteurs sont eux aussi d\u00e9pass\u00e9s par la crise. L&rsquo;\u00e9tendue du d\u00e9sastre que repr\u00e9sentent nos soci\u00e9t\u00e9s <i>\u00e0 deux vitesses<\/i>, ou bien celui qu&rsquo;annonce l&rsquo;\u00e9clatement de l&rsquo;Europe, r\u00e9clament une autre vision. <\/p>\n","protected":false},"excerpt":{"rendered":"<blockquote>\n<p>Billet invit\u00e9.<\/p>\n<\/blockquote>\n<p>Il n\u2019y a pas que nos soci\u00e9t\u00e9s qui soient \u00e0 deux vitesses, l\u2019Europe aussi en a pris le chemin. Etrange et frappante similitude, qui veut que les in\u00e9galit\u00e9s s\u2019accroissent, aussi bien entre pays qu\u2019au sein de chacun d\u2019entre eux. Pers\u00e9v\u00e9rant ainsi dans ce qui a \u00e9t\u00e9 consid\u00e9r\u00e9 &#8211; par les plus \u00e9clair\u00e9s &#8211; [&hellip;]<\/p>\n","protected":false},"author":37,"featured_media":0,"comment_status":"closed","ping_status":"open","sticky":false,"template":"","format":"standard","meta":{"footnotes":""},"categories":[1,307],"tags":[40,164,4479,1058,74,264],"class_list":["post-19614","post","type-post","status-publish","format-standard","hentry","category-economie","category-finance","tag-chine","tag-deficits","tag-europe","tag-fracture-sociale","tag-grande-bretagne","tag-portugal"],"_links":{"self":[{"href":"https:\/\/www.pauljorion.com\/blog\/wp-json\/wp\/v2\/posts\/19614","targetHints":{"allow":["GET"]}}],"collection":[{"href":"https:\/\/www.pauljorion.com\/blog\/wp-json\/wp\/v2\/posts"}],"about":[{"href":"https:\/\/www.pauljorion.com\/blog\/wp-json\/wp\/v2\/types\/post"}],"author":[{"embeddable":true,"href":"https:\/\/www.pauljorion.com\/blog\/wp-json\/wp\/v2\/users\/37"}],"replies":[{"embeddable":true,"href":"https:\/\/www.pauljorion.com\/blog\/wp-json\/wp\/v2\/comments?post=19614"}],"version-history":[{"count":12,"href":"https:\/\/www.pauljorion.com\/blog\/wp-json\/wp\/v2\/posts\/19614\/revisions"}],"predecessor-version":[{"id":47790,"href":"https:\/\/www.pauljorion.com\/blog\/wp-json\/wp\/v2\/posts\/19614\/revisions\/47790"}],"wp:attachment":[{"href":"https:\/\/www.pauljorion.com\/blog\/wp-json\/wp\/v2\/media?parent=19614"}],"wp:term":[{"taxonomy":"category","embeddable":true,"href":"https:\/\/www.pauljorion.com\/blog\/wp-json\/wp\/v2\/categories?post=19614"},{"taxonomy":"post_tag","embeddable":true,"href":"https:\/\/www.pauljorion.com\/blog\/wp-json\/wp\/v2\/tags?post=19614"}],"curies":[{"name":"wp","href":"https:\/\/api.w.org\/{rel}","templated":true}]}}