{"id":21224,"date":"2011-02-13T11:43:15","date_gmt":"2011-02-13T10:43:15","guid":{"rendered":"http:\/\/www.pauljorion.com\/blog\/?p=21224"},"modified":"2013-01-02T14:47:16","modified_gmt":"2013-01-02T13:47:16","slug":"lactualite-de-la-crise-vaillants-cost-killers-par-francois-leclerc","status":"publish","type":"post","link":"https:\/\/www.pauljorion.com\/blog\/2011\/02\/13\/lactualite-de-la-crise-vaillants-cost-killers-par-francois-leclerc\/","title":{"rendered":"<i>L&rsquo;actualit\u00e9 de la crise<\/i> : <b>VAILLANTS COST-KILLERS<\/b>, par Fran\u00e7ois Leclerc"},"content":{"rendered":"<blockquote><p>Billet invit\u00e9.<\/p><\/blockquote>\n<p>Dans le monde des affaires, on appelle  <i>cost-killers<\/i> les managers rompus \u00e0 l\u2019exercice qui consiste \u00e0 faire tomber les t\u00eates, sauf la leur, se forgeant ainsi une flatteuse mais usurp\u00e9e r\u00e9putation d\u2019excellent gestionnaire. <\/p>\n<p>Le parall\u00e8le s\u2019imposant, les chefs d\u2019Etat et de gouvernement europ\u00e9ens m\u00e9ritent-ils une autre \u00e9tiquette, qui n\u2019ont comme r\u00e9ponse \u00e0 la crise que la r\u00e9duction des d\u00e9ficits publics, et comme arme favorite les coupes budg\u00e9taires ? Revendiquant une strat\u00e9gie &#8211; n\u2019ayant ce nom que <i>par d\u00e9faut<\/i> &#8211; dont la vanit\u00e9 montre au fil des semaines et de leurs reculades combien ils sont dans les faits d\u00e9munis, se cramponnant au d\u00e9ni et esp\u00e9rant s\u2019en tirer ainsi. Ne voulant pas reconna\u00eetre les vrais contours de la crise pour ne pas avoir \u00e0 tailler dans un autre vif. <\/p>\n<p>Ils s\u2019accrochent n\u00e9anmoins \u00e0 une ligne de conduite, dont ils ne d\u00e9rogent pas. Celle de r\u00e9gler avec l\u2019argent public l\u2019addition pr\u00e9sent\u00e9e par un syst\u00e8me financier dont la chute libre a \u00e9t\u00e9 stopp\u00e9e, mais pas son d\u00e9rapage qui plus sournoisement se poursuit. Ayant malencontreusement <i>oubli\u00e9<\/i> combien les d\u00e9ficits budg\u00e9taires contre lesquels ils montent \u00e0 l\u2019assaut avec tant de vaillance doivent \u00e0 une crise financi\u00e8re \u00e9vacu\u00e9e, pass\u00e9e aux profits des uns et aux pertes des autres. <\/p>\n<p>Les gouvernements europ\u00e9ens appliquent tous cette m\u00eame politique, avec des variantes et selon des d\u00e9calages dans le calendrier. Inscrivant leurs plans respectifs dans une unique perspective\u00a0: l\u2019amoindrissement du r\u00f4le de l\u2019Etat et la poursuite de l\u2019extension de la <i>financiarisation<\/i>. Un total paradoxe si l\u2019on consid\u00e8re ce qui vient d\u2019intervenir et se poursuit, mais qu\u2019importe\u00a0! <\/p>\n<p><!--more-->Apr\u00e8s tout, aux Etats-Unis, pourtant aux premi\u00e8res loges de la crise, le <i>Tea party movement<\/i> et la droite r\u00e9publicaine ne tirent-ils pas comme le\u00e7on de la crise que l\u2019Etat en est le responsable et qu\u2019il faut le r\u00e9duire \u00e0 la portion congrue\u00a0?  Faisant des saisies de millions de maisons et du ch\u00f4mage, des pertes des fonds de pension ainsi que tout ce qui reste \u00e0 venir, les victimes d\u2019un Etat responsables de tout avec ses complices les banques voraces ? Ce n\u2019est plus un contresens, c\u2019est une totale falsification. <\/p>\n<p>Que viennent de r\u00e9clamer au gouvernement grec les <i>contr\u00f4leurs<\/i> de la mission conjointe de l\u2019Union europ\u00e9enne et du FMI\u00a0?  Que d\u2019ici 2015 la Gr\u00e8ce privatise massivement pour combler sa dette et sortir de la crise\u00a0: 50 milliards d&rsquo;euros d&rsquo;ici 2015, dont 15 milliards d&rsquo;ici 2013, au lieu des 7 milliards initialement annonc\u00e9s. Ils reconnaissaient pourtant que le gouvernement est <i>dans les clous<\/i> du plan adopt\u00e9 mais anticipent des difficult\u00e9s suppl\u00e9mentaires li\u00e9es aux co\u00fbts des futurs emprunts, anticipant le refus de toute restructuration de dette. <\/p>\n<p>Que vient de d\u00e9clarer dans les colonnes du Telegraph le ministre de la justice britannique, Jenneth Clarke, en parlant de l\u2019impact du plan d\u2019aust\u00e9rit\u00e9 gouvernemental\u00a0? \u00ab\u00a0Je ne pense pas que les classes moyennes aient bien r\u00e9alis\u00e9 l&rsquo;ampleur du probl\u00e8me, c&rsquo;est une des raisons pour lesquelles nous allons \u00eatre confront\u00e9s \u00e0 des difficult\u00e9s politiques (&#8230;) Cela va \u00e9merger quand l&rsquo;effet des coupes budg\u00e9taires va commencer \u00e0 se faire sentir dans les foyers cette ann\u00e9e\u00a0\u00bb. <\/p>\n<p>Que vient de craindre publiquement le polonais Janusz Lewandowski, commissaire europ\u00e9en au budget\u00a0? Le pacte de comp\u00e9titivit\u00e9 franco-allemand ne doit pas mener \u00e0 \u00ab\u00a0une Europe \u00e0 deux vitesses\u00a0\u00a0\u00bb, a-t-il dit, en ajoutant\u00a0: \u00ab\u00a0Nous ne devons pas tol\u00e9rer, apr\u00e8s avoir \u00e9t\u00e9 int\u00e9gr\u00e9s, d&rsquo;\u00eatre \u00e0 nouveau exclus parce que la zone euro construit une sorte d&rsquo;Union europ\u00e9enne int\u00e9rieure\u00a0\u00bb. <\/p>\n<p>En \u00e9voquant la cr\u00e9ation d\u2019une \u00ab\u00a0cinqui\u00e8me protection\u00a0\u00bb (pour ne pas dire branche) de la S\u00e9curit\u00e9 sociale, afin de prendre en charge la d\u00e9pendance, que Nicolas Sarkozy a-t-il en t\u00eate qui \u00e9voque prudemment \u00e0 la t\u00e9l\u00e9vision la possibilit\u00e9 d\u2019avoir recours aux assurances priv\u00e9es, faisant valoir qu\u2019il ne fallait pas l\u2019\u00e9carter pour des \u00ab\u00a0raisons id\u00e9ologiques\u00a0\u00bb\u00a0? Devant le Conseil \u00e9conomique, social et environnemental, il avait d\u00e9j\u00e0 tourn\u00e9 autour du pot\u00a0: \u00ab\u00a0pour la prise en charge de la d\u00e9pendance, il nous faut sans doute inventer autre chose que le mod\u00e8le traditionnel de couverture des risques par la S\u00e9curit\u00e9 sociale\u00a0\u00bb.<\/p>\n<p>Par opposition et pour ne prendre que deux exemples, comment ne pas \u00eatre frapp\u00e9 par la pugnacit\u00e9 des d\u00e9fenseurs des bonus des banquiers au Royaume-Uni, qui ont n\u00e9goci\u00e9 pour conserver leur enti\u00e8re libert\u00e9 un accord bidon avec David Cameron, le premier ministre, ou la d\u00e9cision de Nicolas Sarkozy de ne pas taxer la plus-value r\u00e9alis\u00e9e lors de la vente de la r\u00e9sidence principale en contrepartie de la suppression de l\u2019imp\u00f4t sur la fortune, bruyamment applaudie par les professionnels de l\u2019immobilier ? <\/p>\n<p>Comment \u00e9galement ne pas remarquer comment le financement du <i>filet de protection<\/i> social est menac\u00e9 en France, apr\u00e8s avoir \u00e9t\u00e9 confi\u00e9 \u00e0 des collectivit\u00e9s locales \u00e9trangl\u00e9es par l\u2019insuffisance d\u2019une dotation de l\u2019Etat qui ne compense pas le transfert de charges\u00a0? Alors que nombre d\u2019entre elles font face aux charges d\u2019int\u00e9r\u00eat d\u00e9mentes d\u2019emprunts toxiques et ne sont toujours pas parvenues \u00e0 obtenir un soutien de l\u2019Etat dans leurs ren\u00e9gociations avec les banques ? <\/p>\n<p>Ainsi, les contours d\u2019une nouvelle soci\u00e9t\u00e9 sont progressivement dessin\u00e9s, \u00e0 grands traits dans les pays de la zone des temp\u00eates, ou plus esquiss\u00e9 dans celles qui n\u2019y sont pas. Non seulement les in\u00e9galit\u00e9s sociales, \u00e0 la racine de la crise, ne sont pas combattues, mais leur d\u00e9veloppement est \u00e0 nouveau encourag\u00e9. Faisant de la crise elle-m\u00eame un pr\u00e9texte pour approfondir ce qui \u00e9tait avant entrepris, dans une logique d\u2019enfermement financier qui d\u00e9j\u00e0 pr\u00e9valait et en sort renouvel\u00e9e. <\/p>\n<p>Mais cette dynamique est d\u2019une grande fragilit\u00e9, menac\u00e9e par de v\u00e9ritables bombes \u00e0 retardement financi\u00e8res, aux Etats-Unis, au Japon ou en Europe. Le d\u00e9r\u00e8glement a port\u00e9 ses fruits au-del\u00e0 de toute esp\u00e9rance et les tentatives timor\u00e9es de revenir dessus, qui pr\u00e9tendent contenir la prochaine crise alors que l\u2019actuelle n\u2019est pas termin\u00e9e, ne sont pas \u00e0 la hauteur. Combien de temps les pauvres constructions id\u00e9ologiques des riches vont-elles pouvoir tenir ? <\/p>\n","protected":false},"excerpt":{"rendered":"<blockquote>\n<p>Billet invit\u00e9.<\/p>\n<\/blockquote>\n<p>Dans le monde des affaires, on appelle <i>cost-killers<\/i> les managers rompus \u00e0 l\u2019exercice qui consiste \u00e0 faire tomber les t\u00eates, sauf la leur, se forgeant ainsi une flatteuse mais usurp\u00e9e r\u00e9putation d\u2019excellent gestionnaire. <\/p>\n<p>Le parall\u00e8le s\u2019imposant, les chefs d\u2019Etat et de gouvernement europ\u00e9ens m\u00e9ritent-ils une autre \u00e9tiquette, qui n\u2019ont comme r\u00e9ponse \u00e0 [&hellip;]<\/p>\n","protected":false},"author":37,"featured_media":0,"comment_status":"closed","ping_status":"open","sticky":false,"template":"","format":"standard","meta":{"footnotes":""},"categories":[1,307],"tags":[164,4479],"class_list":["post-21224","post","type-post","status-publish","format-standard","hentry","category-economie","category-finance","tag-deficits","tag-europe"],"_links":{"self":[{"href":"https:\/\/www.pauljorion.com\/blog\/wp-json\/wp\/v2\/posts\/21224","targetHints":{"allow":["GET"]}}],"collection":[{"href":"https:\/\/www.pauljorion.com\/blog\/wp-json\/wp\/v2\/posts"}],"about":[{"href":"https:\/\/www.pauljorion.com\/blog\/wp-json\/wp\/v2\/types\/post"}],"author":[{"embeddable":true,"href":"https:\/\/www.pauljorion.com\/blog\/wp-json\/wp\/v2\/users\/37"}],"replies":[{"embeddable":true,"href":"https:\/\/www.pauljorion.com\/blog\/wp-json\/wp\/v2\/comments?post=21224"}],"version-history":[{"count":18,"href":"https:\/\/www.pauljorion.com\/blog\/wp-json\/wp\/v2\/posts\/21224\/revisions"}],"predecessor-version":[{"id":47684,"href":"https:\/\/www.pauljorion.com\/blog\/wp-json\/wp\/v2\/posts\/21224\/revisions\/47684"}],"wp:attachment":[{"href":"https:\/\/www.pauljorion.com\/blog\/wp-json\/wp\/v2\/media?parent=21224"}],"wp:term":[{"taxonomy":"category","embeddable":true,"href":"https:\/\/www.pauljorion.com\/blog\/wp-json\/wp\/v2\/categories?post=21224"},{"taxonomy":"post_tag","embeddable":true,"href":"https:\/\/www.pauljorion.com\/blog\/wp-json\/wp\/v2\/tags?post=21224"}],"curies":[{"name":"wp","href":"https:\/\/api.w.org\/{rel}","templated":true}]}}