{"id":21749,"date":"2011-03-06T17:01:32","date_gmt":"2011-03-06T16:01:32","guid":{"rendered":"http:\/\/www.pauljorion.com\/blog\/?p=21749"},"modified":"2013-01-02T14:45:46","modified_gmt":"2013-01-02T13:45:46","slug":"alberto-granado-1922-2011","status":"publish","type":"post","link":"https:\/\/www.pauljorion.com\/blog\/2011\/03\/06\/alberto-granado-1922-2011\/","title":{"rendered":"<b>ALBERTO GRANADO (1922- 2011)<\/b>"},"content":{"rendered":"<p><a href=\"http:\/\/www.lemonde.fr\/carnet\/article\/2011\/03\/06\/mort-d-alberto-granado-compagnon-de-che-guevara_1489143_3382.html\">Le Monde<\/a> :<\/p>\n<p>\u00ab Alberto Granado, le biochimiste argentin qui avait accompagn\u00e9 Ernesto Che Guevara pendant une tourn\u00e9e \u00e0 moto dans plusieurs pays d&rsquo;Am\u00e9rique latine dans les ann\u00e9es 50, est mort, samedi, \u00e0 La Havane. \u00ab\u00a0Ce matin, \u00e0 l&rsquo;\u00e2ge de 88 ans, est mort subitement, dans notre capitale le camarade Alberto Granado, ami ins\u00e9parable du Commandant Ernesto Guevara\u00a0\u00bb, pr\u00e9cise le communiqu\u00e9 lu \u00e0 la t\u00e9l\u00e9vision cubaine. \u00bb<\/p>\n<p><iframe loading=\"lazy\" title=\"YouTube video player\" width=\"640\" height=\"390\" src=\"http:\/\/www.youtube.com\/embed\/tvU6FAj70zk\" frameborder=\"0\" allowfullscreen><\/iframe><\/p>\n","protected":false},"excerpt":{"rendered":"<p><a href=\"http:\/\/www.lemonde.fr\/carnet\/article\/2011\/03\/06\/mort-d-alberto-granado-compagnon-de-che-guevara_1489143_3382.html\">Le Monde<\/a> :<\/p>\n<p>\u00ab Alberto Granado, le biochimiste argentin qui avait accompagn\u00e9 Ernesto Che Guevara pendant une tourn\u00e9e \u00e0 moto dans plusieurs pays d&rsquo;Am\u00e9rique latine dans les ann\u00e9es 50, est mort, samedi, \u00e0 La Havane. \u00ab\u00a0Ce matin, \u00e0 l&rsquo;\u00e2ge de 88 ans, est mort subitement, dans notre capitale le camarade Alberto Granado, ami ins\u00e9parable [&hellip;]<\/p>\n","protected":false},"author":1,"featured_media":0,"comment_status":"closed","ping_status":"open","sticky":false,"template":"","format":"standard","meta":{"footnotes":""},"categories":[17,6],"tags":[1229,1230],"class_list":["post-21749","post","type-post","status-publish","format-standard","hentry","category-politique","category-questions-essentielles","tag-alberto-granado","tag-ernesto-che-guevara"],"_links":{"self":[{"href":"https:\/\/www.pauljorion.com\/blog\/wp-json\/wp\/v2\/posts\/21749","targetHints":{"allow":["GET"]}}],"collection":[{"href":"https:\/\/www.pauljorion.com\/blog\/wp-json\/wp\/v2\/posts"}],"about":[{"href":"https:\/\/www.pauljorion.com\/blog\/wp-json\/wp\/v2\/types\/post"}],"author":[{"embeddable":true,"href":"https:\/\/www.pauljorion.com\/blog\/wp-json\/wp\/v2\/users\/1"}],"replies":[{"embeddable":true,"href":"https:\/\/www.pauljorion.com\/blog\/wp-json\/wp\/v2\/comments?post=21749"}],"version-history":[{"count":5,"href":"https:\/\/www.pauljorion.com\/blog\/wp-json\/wp\/v2\/posts\/21749\/revisions"}],"predecessor-version":[{"id":47639,"href":"https:\/\/www.pauljorion.com\/blog\/wp-json\/wp\/v2\/posts\/21749\/revisions\/47639"}],"wp:attachment":[{"href":"https:\/\/www.pauljorion.com\/blog\/wp-json\/wp\/v2\/media?parent=21749"}],"wp:term":[{"taxonomy":"category","embeddable":true,"href":"https:\/\/www.pauljorion.com\/blog\/wp-json\/wp\/v2\/categories?post=21749"},{"taxonomy":"post_tag","embeddable":true,"href":"https:\/\/www.pauljorion.com\/blog\/wp-json\/wp\/v2\/tags?post=21749"}],"curies":[{"name":"wp","href":"https:\/\/api.w.org\/{rel}","templated":true}]}}