{"id":25479,"date":"2011-06-21T10:26:25","date_gmt":"2011-06-21T08:26:25","guid":{"rendered":"http:\/\/www.pauljorion.com\/blog\/?p=25479"},"modified":"2013-01-02T14:39:54","modified_gmt":"2013-01-02T13:39:54","slug":"seminaire-franco-russe-sur-les-problemes-monetaires-et-financiers-le-22-juin-a-14h30","status":"publish","type":"post","link":"https:\/\/www.pauljorion.com\/blog\/2011\/06\/21\/seminaire-franco-russe-sur-les-problemes-monetaires-et-financiers-le-22-juin-a-14h30\/","title":{"rendered":"<b>S\u00c9MINAIRE FRANCO-RUSSE SUR LES PROBL\u00c8MES MON\u00c9TAIRES ET FINANCIERS, LE 22 JUIN \u00c0 14H30<\/b>"},"content":{"rendered":"<p>Il s&rsquo;agit du s\u00e9minaire que dirige Jacques Sapir et qui se tient au 105 du bd. Raspail, 75006 Paris (m\u00e9tro Notre-Dame des Champs). Je parlerai \u00e0 14h30 de \u00ab La crise de la dette am\u00e9ricaine et le blocage actuel \u00bb.<\/p>\n<p><strong>Programme complet :<\/strong><br \/>\n<!--more--><\/p>\n<h2>S\u00e9minaire Franco-Russe sur les probl\u00e8mes mon\u00e9taires et financiers du D\u00e9veloppement \u00c9conomique de la Russie<\/h2>\n<p>CEMI \u2013 EHESS<\/p>\n<p>INP \u2013 RAN<br \/>\nFMSH<\/p>\n<p>XXXXIe session<\/p>\n<h2>Sorties de crise<\/h2>\n<h2>Russie, France, Europe, Monde ?<\/h2>\n<p>20 juin \u2013 22 juin 2011<\/p>\n<p>Paris<\/p>\n<p>CEMI-EHESS et FMSH<\/p>\n<p>105 Bd Raspail, 75006 Paris<\/p>\n<p>M\u00e9tro : Notre-Dame des Champs<\/p>\n<h2>Lundi 20 Juin<\/h2>\n<p>Accueil des participants au 105 Bd Raspail :<\/p>\n<p>9h30-9h45<\/p>\n<p>Accueil par l\u2019administrateur de la Fondation Maison des Sciences de l\u2019Homme<\/p>\n<p>9h45-10h00<\/p>\n<h3>1\u00e8re S\u00e9ance :<\/h3>\n<p>10h00\u2013 13h00<\/p>\n<p>Sortie de crise : le cas de la Russie et de l\u2019Ukraine<\/p>\n<p>Pr\u00e9sident de s\u00e9ance<\/p>\n<p>Jacques Sapir<\/p>\n<p>Victor Ivanter<\/p>\n<p>Directeur de l\u2019Institut de Pr\u00e9visions (INP-RAN) :<\/p>\n<p>La situation actuelle en Russie.<\/p>\n<p>Vladimir Geetz<\/p>\n<p>Directeur de l\u2019Institut de Pr\u00e9vision (Kiev)<\/p>\n<p>La situation actuelle en Ukraine.<\/p>\n<p>Marat Uzyakov<\/p>\n<p>Vice-Directeur de l\u2019Institut de Pr\u00e9visions (INP-RAN)<\/p>\n<p>Les perspectives de l\u2019\u00e9conomie russe.<\/p>\n<p>Jacques Sapir<\/p>\n<p>Directeur du CEMI-EHESS<\/p>\n<p>Quelles le\u00e7ons peut-on tirer de la crise pour la Russie ?<\/p>\n<h3>2\u00e8me S\u00e9ance.<\/h3>\n<p>15h00 \u2013 17h30<\/p>\n<p>Les dynamiques du secteur r\u00e9el dans la logique de la sortie de crise<\/p>\n<p>Pr\u00e9sident de s\u00e9ance<\/p>\n<p>Victor V. Ivanter<\/p>\n<p>Dmitry Kuvalin<\/p>\n<p>INP-RAN<\/p>\n<p>La situation des petites et moyennes entreprises dans la sortie de crise en Russie.<\/p>\n<p>Anton Moiseev<\/p>\n<p>INP-RAN<\/p>\n<p>Alexandre Shirov<\/p>\n<p>INP-RAN<\/p>\n<h2>Mardi 21 juin<\/h2>\n<h3>3\u00e8me S\u00e9ance.<\/h3>\n<p>10h00 \u2013 13h00<\/p>\n<p>Les relations entre Banques et Gouvernements : confrontation des exp\u00e9riences russes et europ\u00e9ennes.<\/p>\n<p>Pr\u00e9sident de S\u00e9ance<\/p>\n<p>Fran\u00e7oise Renversez<\/p>\n<p>Viacheslav Panfilov<\/p>\n<p>INP-RAN<\/p>\n<p>Oleg Govtvan<\/p>\n<p>INP-RAN<\/p>\n<p>Alexandre Handruyev<\/p>\n<p>Pr\u00e9sident de l\u2019association r\u00e9gionale des Banques (Russie)<\/p>\n<p>Victor Mel\u2019nikov<\/p>\n<p>Banque Centrale de Russie<\/p>\n<h3>4\u00e8me S\u00e9ance<\/h3>\n<p>14h30-18h00<\/p>\n<p>Les relations entre Banques et Gouvernements : confrontation des exp\u00e9riences russes et europ\u00e9ennes. (suite)<\/p>\n<p>Pr\u00e9sident de S\u00e9ance :<\/p>\n<p>Jean-Pierre Pag\u00e9<\/p>\n<p>Anton Brender<\/p>\n<p>Groupe DEXIA<\/p>\n<p>La sortie de crise des pays europ\u00e9ens<\/p>\n<p>Fran\u00e7oise Renversez<\/p>\n<p>Universit\u00e9 Paris-X  Nanterre<\/p>\n<p>ECODIX<\/p>\n<p>Confrontation des Exp\u00e9riences europ\u00e9ennes et russes en mati\u00e8re de gestion et de sortie de crise.<\/p>\n<p>H\u00e9l\u00e8ne Cl\u00e9ment Pitiot<\/p>\n<p>Universit\u00e9 de Cergy-Pontoise<\/p>\n<h2>Mercredi 22 Juin<\/h2>\n<h3>5\u00e8me S\u00e9ance<\/h3>\n<p>10h00\u2013 12h30<\/p>\n<p>(1\u00e8re partie)<\/p>\n<p>Processus d\u2019endettement, crise de la dette souveraine et r\u00e9forme du syst\u00e8me mon\u00e9taire international<\/p>\n<p>Pr\u00e9sident de S\u00e9ance<\/p>\n<p>Vyacheslav Panfilov<\/p>\n<p>Jean-Pierre Pag\u00e9<\/p>\n<p>CERI-FNSP<\/p>\n<p>La sortie de crise dans les pays industrialis\u00e9s.<\/p>\n<p>Jacques Sapir<\/p>\n<p>CEMI-EHESS<\/p>\n<p>Le risque d\u2019un \u00ab retour de crise \u00bb et les cons\u00e9quences pour la Russie.<\/p>\n<h3>6\u00e8me S\u00e9ance<\/h3>\n<p>14h30 \u2013 16h30<\/p>\n<p>(2\u00e8me partie)<\/p>\n<p>Paul Jorion<\/p>\n<p>FMSH-Consultant<\/p>\n<p>\u00ab La crise de la dette am\u00e9ricaine et le blocage actuel \u00bb.<\/p>\n<p>C\u00e9dric Durand<\/p>\n<p>Paris-XIII (CEPN) et CMI-EHESS<\/p>\n<p>Le r\u00f4le du FMI dans la crise et la sortie de crise des pays \u00e9mergents.<\/p>\n<p>7\u00e8me S\u00e9ance<\/p>\n<p>17h00-18h00<\/p>\n<p>Conclusions du s\u00e9minaire<\/p>\n<p>Pr\u00e9sident de s\u00e9ance<\/p>\n<p>Marat Uzyakov<\/p>\n<p>Victor Ivanter<\/p>\n<p>Jacques Sapir<\/p>\n","protected":false},"excerpt":{"rendered":"<p>Il s&rsquo;agit du s\u00e9minaire que dirige Jacques Sapir et qui se tient au 105 du bd. Raspail, 75006 Paris (m\u00e9tro Notre-Dame des Champs). Je parlerai \u00e0 14h30 de \u00ab La crise de la dette am\u00e9ricaine et le blocage actuel \u00bb.<\/p>\n<p><strong>Programme complet :<\/strong><\/p>\n","protected":false},"author":1,"featured_media":0,"comment_status":"closed","ping_status":"open","sticky":false,"template":"","format":"standard","meta":{"footnotes":""},"categories":[1,18],"tags":[69],"class_list":["post-25479","post","type-post","status-publish","format-standard","hentry","category-economie","category-monde-financier","tag-russie"],"_links":{"self":[{"href":"https:\/\/www.pauljorion.com\/blog\/wp-json\/wp\/v2\/posts\/25479","targetHints":{"allow":["GET"]}}],"collection":[{"href":"https:\/\/www.pauljorion.com\/blog\/wp-json\/wp\/v2\/posts"}],"about":[{"href":"https:\/\/www.pauljorion.com\/blog\/wp-json\/wp\/v2\/types\/post"}],"author":[{"embeddable":true,"href":"https:\/\/www.pauljorion.com\/blog\/wp-json\/wp\/v2\/users\/1"}],"replies":[{"embeddable":true,"href":"https:\/\/www.pauljorion.com\/blog\/wp-json\/wp\/v2\/comments?post=25479"}],"version-history":[{"count":11,"href":"https:\/\/www.pauljorion.com\/blog\/wp-json\/wp\/v2\/posts\/25479\/revisions"}],"predecessor-version":[{"id":47349,"href":"https:\/\/www.pauljorion.com\/blog\/wp-json\/wp\/v2\/posts\/25479\/revisions\/47349"}],"wp:attachment":[{"href":"https:\/\/www.pauljorion.com\/blog\/wp-json\/wp\/v2\/media?parent=25479"}],"wp:term":[{"taxonomy":"category","embeddable":true,"href":"https:\/\/www.pauljorion.com\/blog\/wp-json\/wp\/v2\/categories?post=25479"},{"taxonomy":"post_tag","embeddable":true,"href":"https:\/\/www.pauljorion.com\/blog\/wp-json\/wp\/v2\/tags?post=25479"}],"curies":[{"name":"wp","href":"https:\/\/api.w.org\/{rel}","templated":true}]}}