{"id":25697,"date":"2011-07-20T00:11:51","date_gmt":"2011-07-19T22:11:51","guid":{"rendered":"http:\/\/www.pauljorion.com\/blog\/?p=25697"},"modified":"2013-01-02T14:38:11","modified_gmt":"2013-01-02T13:38:11","slug":"appel-de-juillet-2011","status":"publish","type":"post","link":"https:\/\/www.pauljorion.com\/blog\/2011\/07\/20\/appel-de-juillet-2011\/","title":{"rendered":"<b>APPEL DE JUILLET 2011<\/b>"},"content":{"rendered":"<p>L\u2019appel de juin a rapport\u00e9\u00a0<strong>2 562<\/strong> \u20ac. Merci beaucoup \u00e0 vous pour votre\u00a0<em>m\u00e9c\u00e9nat citoyen<\/em> !<\/p>\n<p>Somme (brute) re\u00e7ue \u00e0 ce jour, le 31 juillet 2011 :\u00a0<strong>2 526 \u20ac<\/strong>.<\/p>\n<p>Un r\u00e9sum\u00e9 de l\u2019activit\u00e9\u00a0<em>extra-blogaire<\/em> du mois de juin que vous soutenez, tout comme le blog lui-m\u00eame, par vos dons.<\/p>\n<p>Activit\u00e9 fr\u00e9n\u00e9tique, comme en mai.<\/p>\n<p>Le 3 juin, j\u2019intervenais dans <a href=\"http:\/\/www.pauljorion.com\/blog\/?p=25054\">Le journal de 12h30<\/a> sur <strong>France Culture<\/strong> \u00e0 propos de l\u2019actualit\u00e9.<\/p>\n<p>Le 4 juin, je participais \u00e0 une table-ronde d\u00e9sopilante au <a href=\"http:\/\/www.pauljorion.com\/blog\/?p=25043\">Festival du documentaire de Lasalle<\/a>. Nous en avons abondamment parl\u00e9\u00a0!<\/p>\n<p>Le 6 juin, ma chronique mensuelle dans\u00a0<strong>Le Monde \u00c9conomie<\/strong>, \u00e9tait intitul\u00e9e\u00a0: \u00ab\u00a0<a href=\"http:\/\/www.pauljorion.com\/blog\/?p=25080\">e-G8 : l&rsquo;ordre r\u00e8gne sur internet<\/a> \u00bb.<\/p>\n<p>Le 8 juin, j\u2019ai fait une <a href=\"http:\/\/www.pauljorion.com\/blog\/?p=25112\">conf\u00e9rence \u00e0 l\u2019Universit\u00e9 Europ\u00e9enne de Tirana<\/a>, en Albanie.<\/p>\n<p>Le soir du m\u00eame jour, j\u2019\u00e9tais <a href=\"http:\/\/www.pauljorion.com\/blog\/?p=25125\">l\u2019invit\u00e9 de Top Show<\/a> sur la cha\u00eene albanaise <strong>Top Channel<\/strong>.<\/p>\n<p>Le 11 juin, je faisais une conf\u00e9rence \u00e0 Rennes, \u00e0 propos de <strong>Le capitalisme \u00e0 l\u2019agonie<\/strong> : \u00ab\u00a0<a href=\"http:\/\/www.pauljorion.com\/blog\/?p=25159\">Ainsi va la crise\u2026<\/a> \u00bb, au Mus\u00e9e de Bretagne.<\/p>\n<p>Le 16 juin, je faisais un expos\u00e9\u00a0: \u00ab\u00a0<a href=\"http:\/\/www.pauljorion.com\/blog\/?p=25291\">Financial Markets to Serve the World Economy<\/a> \u00bb au <strong>Sommet de Zermatt<\/strong> en Suisse.<\/p>\n<p>Le 17 juin, <strong>L\u2019Humanit\u00e9 Dimanche<\/strong> publiait un petit texte de moi\u00a0: \u00ab\u00a0<a href=\"http:\/\/www.pauljorion.com\/blog\/?p=25341\">Partage de la richesse : on a besoin de radicaliser Marx<\/a> !\u00a0\u00bb.<\/p>\n<p>Le m\u00eame jour, <strong>L\u2019argus de l\u2019assurance<\/strong> publiait un entretien intitul\u00e9\u00a0: \u00ab\u00a0<a href=\"http:\/\/www.pauljorion.com\/blog\/?p=25442\">Vers une crise majeure de la zone euro<\/a> \u00bb.<\/p>\n<p>Le 18 juin, le quotidien financier n\u00e9erlandais <strong>NRC Handelsblad<\/strong> publiait un entretien que j\u2019avais eu avec Caroline de Gruyter\u00a0: \u00ab\u00a0<a href=\"http:\/\/www.pauljorion.com\/blog\/?p=25433\">Dit kapitalisme is gedoemd te mislukken<\/a> \u00bb.<\/p>\n<p>Le 22 juin, \u00e0 l\u2019invitation de Jacques Sapir, je faisais une communication au <strong>S\u00e9minaire franco-russe<\/strong> \u00e0 Paris\u00a0: \u00ab <a href=\"http:\/\/www.pauljorion.com\/blog\/?p=25479\">La crise de la dette am\u00e9ricaine et le blocage actuel<\/a> \u00bb.<\/p>\n<p>Le 27 juin, je faisais <a href=\"http:\/\/www.pauljorion.com\/blog\/?p=25619\">une conf\u00e9rence au SRIW<\/a> en Belgique \u00e0 propos de <strong>Le capitalisme \u00e0 l\u2019agonie<\/strong>.<\/p>\n<p>Le 28 juin, je participais \u00e0 un d\u00e9bat \u00e0 la <strong>Fondation Madariaga &#8211; Coll\u00e8ge d&rsquo;Europe <\/strong>: \u00ab\u00a0<a href=\"http:\/\/www.pauljorion.com\/blog\/?p=25587\">Le capitalisme a-t-il encore un avenir ?<\/a> \u00bb.<\/p>\n<p>Le 29 juin, je participais sur <strong>France 2<\/strong> \u00e0 l\u2019\u00e9mission \u00ab\u00a0<a href=\"http:\/\/www.pauljorion.com\/blog\/?p=25638\">Des mots de minuit<\/a> \u00bb.<\/p>\n<p>Merci \u00e0 tous les contributeurs de\u00a0<em>billets invit\u00e9s<\/em> qui font que le cerveau collectif fonctionne \u00e0 plein r\u00e9gime. Merci aux habitu\u00e9s et merci aux nouveaux venus\u00a0!<\/p>\n<p>Merci \u00e0 Julien, \u00e0 Fran\u00e7ois, \u00e0 B\u00e9n\u00e9dicte, \u00e0 Jean-Baptiste et \u00e0 Nathana\u00eblle pour \u0153uvrer en coulisses au bon fonctionnement du blog\u00a0!<\/p>\n<p>En juin,\u00a0<em>Le blog de Paul Jorion<\/em>, \u00e9tait\u00a0<a href=\"http:\/\/www.wikio.fr\/blogs\/top\/economie\">N<sup>o<\/sup> 1 pour l\u2019\u00e9conomie<\/a> sur Wikio\u00a0; c\u2019\u00e9tait la 17<sup>e<\/sup> fois au cours des 19 derniers mois.<\/p>\n","protected":false},"excerpt":{"rendered":"<p>L\u2019appel de juin a rapport\u00e9\u00a0<strong>2 562<\/strong> \u20ac. Merci beaucoup \u00e0 vous pour votre\u00a0<em>m\u00e9c\u00e9nat citoyen<\/em> !<\/p>\n<p>Somme (brute) re\u00e7ue \u00e0 ce jour, le 31 juillet 2011 :\u00a0<strong>2 526 \u20ac<\/strong>.<\/p>\n<p>Un r\u00e9sum\u00e9 de l\u2019activit\u00e9\u00a0<em>extra-blogaire<\/em> du mois de juin que vous soutenez, tout comme le blog lui-m\u00eame, par vos dons.<\/p>\n<p>Activit\u00e9 fr\u00e9n\u00e9tique, comme en mai.<\/p>\n<p>Le 3 juin, [&hellip;]<\/p>\n","protected":false},"author":1,"featured_media":0,"comment_status":"closed","ping_status":"closed","sticky":false,"template":"","format":"standard","meta":{"footnotes":""},"categories":[24],"tags":[],"class_list":["post-25697","post","type-post","status-publish","format-standard","hentry","category-blog"],"_links":{"self":[{"href":"https:\/\/www.pauljorion.com\/blog\/wp-json\/wp\/v2\/posts\/25697","targetHints":{"allow":["GET"]}}],"collection":[{"href":"https:\/\/www.pauljorion.com\/blog\/wp-json\/wp\/v2\/posts"}],"about":[{"href":"https:\/\/www.pauljorion.com\/blog\/wp-json\/wp\/v2\/types\/post"}],"author":[{"embeddable":true,"href":"https:\/\/www.pauljorion.com\/blog\/wp-json\/wp\/v2\/users\/1"}],"replies":[{"embeddable":true,"href":"https:\/\/www.pauljorion.com\/blog\/wp-json\/wp\/v2\/comments?post=25697"}],"version-history":[{"count":35,"href":"https:\/\/www.pauljorion.com\/blog\/wp-json\/wp\/v2\/posts\/25697\/revisions"}],"predecessor-version":[{"id":26855,"href":"https:\/\/www.pauljorion.com\/blog\/wp-json\/wp\/v2\/posts\/25697\/revisions\/26855"}],"wp:attachment":[{"href":"https:\/\/www.pauljorion.com\/blog\/wp-json\/wp\/v2\/media?parent=25697"}],"wp:term":[{"taxonomy":"category","embeddable":true,"href":"https:\/\/www.pauljorion.com\/blog\/wp-json\/wp\/v2\/categories?post=25697"},{"taxonomy":"post_tag","embeddable":true,"href":"https:\/\/www.pauljorion.com\/blog\/wp-json\/wp\/v2\/tags?post=25697"}],"curies":[{"name":"wp","href":"https:\/\/api.w.org\/{rel}","templated":true}]}}