{"id":27899,"date":"2011-08-23T14:55:31","date_gmt":"2011-08-23T12:55:31","guid":{"rendered":"http:\/\/www.pauljorion.com\/blog\/?p=27899"},"modified":"2013-01-02T14:35:15","modified_gmt":"2013-01-02T13:35:15","slug":"lactualite-de-la-crise-la-grande-perdition-par-francois-leclerc","status":"publish","type":"post","link":"https:\/\/www.pauljorion.com\/blog\/2011\/08\/23\/lactualite-de-la-crise-la-grande-perdition-par-francois-leclerc\/","title":{"rendered":"<i>L&rsquo;actualit\u00e9 de la crise<\/i> : <b>LA GRANDE PERDITION<\/b>, par Fran\u00e7ois Leclerc"},"content":{"rendered":"<blockquote><p>Billet invit\u00e9<\/p><\/blockquote>\n<p>Omnipr\u00e9sent, le mot <i>crise<\/i> est devenu galvaud\u00e9 et on \u00e9vite en cons\u00e9quence de l\u2019utiliser. C\u2019est \u00e0 partir de ce constat &#8211; modestement partag\u00e9 par l\u2019auteur &#8211; qu&rsquo;Alphaville, le blog phare du Financial Times, a engag\u00e9 une consultation de ses lecteurs pour lui trouver un rempla\u00e7ant. La liste est longue des propositions qui ont \u00e9t\u00e9 faites, mais autant dire tout de suite que le vainqueur est&#8230; <i>La Grande Perdition<\/i>, en r\u00e9f\u00e9rence transparente \u00e0 la Grande D\u00e9pression. <\/p>\n<p>Comment, \u00e0 ce propos, se porte le plan A des autorit\u00e9s europ\u00e9ennes ? <\/p>\n<p>Ce serait tomber dans le pi\u00e8ge de l\u2019arrogance que de commencer ce survol par l\u2019appel de 16 riches Fran\u00e7ais \u00e0 \u00eatre mis \u00e0 contribution, appel publi\u00e9 la veille de l\u2019annonce du plan d\u2019aust\u00e9rit\u00e9 gouvernemental et au lendemain d\u2019une d\u00e9claration de Jean-Fran\u00e7ois Cop\u00e9, patron du parti gouvernemental UMP, favorable \u00e0 \u00ab une contribution <b>exceptionnelle<\/b> \u00bb (soulign\u00e9 par moi), qui reprenait la balle au bond suite \u00e0 une tribune de Maurice L\u00e9vy, PDG de Publicis, qui avait utilis\u00e9 le m\u00eame mot. <\/p>\n<p>Appel \u00e9minemment louable bien entendu dans son esprit, mais \u00e0 condition sans doute d\u2019en ignorer les termes : la contrepartie exig\u00e9e, si l\u2019on comprend bien, par Maurice L\u00e9vy, au nom de ces 16 riches Fran\u00e7ais : \u00ab une vraie, une s\u00e9rieuse, une profonde r\u00e9forme de nos structures administratives et de nos syst\u00e8mes sociaux, pour pouvoir \u00e0 l\u2019avenir r\u00e9duire drastiquement nos co\u00fbts&#8230; \u00bb. Pour qu\u2019il n\u2019y ait pas d\u2019ambigu\u00eft\u00e9, il ajoutait : \u00ab Osons nous attaquer aux vaches sacr\u00e9es \u00bb. D\u00e9cid\u00e9ment, les grands gestes g\u00e9n\u00e9reux et d\u00e9sint\u00e9ress\u00e9s ne sont plus ce qu\u2019ils \u00e9taient !<\/p>\n<p><!--more-->Dans le m\u00eame ordre d\u2019id\u00e9e, Umberto Bossi, le chef de la Ligue du Nord et par ailleurs membre de la coalition gouvernementale, annon\u00e7ait que le syst\u00e8me italien \u00e9tait \u00ab\u00a0condamn\u00e9 \u00e0 mort\u00a0\u00bb. Il n\u2019entendait pas par l\u00e0 le syst\u00e8me financier, mais la redistribution au Sud de la richesse du Nord du pays, via Rome, pour lui opposer la cr\u00e9ation de la <i>Padanie<\/i>. Les riches pr\u00e9f\u00e8rent vivre entre eux, dans leurs aises et en s\u00e9curit\u00e9, et abandonner les autres \u00e0 leur d\u00e9sh\u00e9rence. C\u2019est un ph\u00e9nom\u00e8ne appel\u00e9 \u00e0 trouver d\u2019autres illustrations par chez nous, que l\u2019on rencontre fr\u00e9quemment dans les pays <i>\u00e9mergents<\/i>. <\/p>\n<p>Sur le d\u00e9part, en Espagne, Jos\u00e9 Luis Rodriguez Zapatero a trouv\u00e9 son cadeau d\u2019adieu. Il propose une r\u00e9forme de la Constitution afin d\u2019y inscrire \u00ab\u00a0une r\u00e8gle pour garantir la stabilit\u00e9 budg\u00e9taire\u00a0\u00bb, une mesure destin\u00e9e \u00e0 \u00ab\u00a0renforcer la confiance \u00e0 moyen et long terme dans l\u2019\u00e9conomie espagnole\u00a0\u00bb. A court terme non\u00a0? <\/p>\n<p>Laurence Parisot, pr\u00e9sidente du Medef, a d\u2019autres plans. D\u00e9termin\u00e9e \u00e0 <i>aller chercher des points de croissance<\/i>, selon cette absurde expression, elle est dans son r\u00f4le en affirmant qu\u2019il\u00a0ne faut pas \u00ab\u00a0p\u00e9naliser les entreprises\u00a0\u00bb, conc\u00e9dant toutefois qu\u2019il y a peut-\u00eatre des marges de man\u0153uvre pour les grandes entreprises (dont on conna\u00eet les r\u00e9sultats), \u00e0 condition de ne pas entraver leur comp\u00e9titivit\u00e9. Vient la suite, qui annonce les intentions. Des <i>d\u00e9l\u00e9gations de service public au secteur priv\u00e9<\/i> pourraient \u00eatre envisag\u00e9es, car \u00ab\u00a0cela permettrait \u00e0 l\u2019\u00c9tat de moins d\u00e9penser\u00a0\u00bb. Qu\u2019elle ne cherche pas plus loin, elle a trouv\u00e9 ses points de croissance\u00a0!<\/p>\n<p>Ces louables intentions ne doivent toutefois pas faire oublier la poursuite de <i>La Grande Perdition<\/i>. Claqu\u00e9e, la porte des Euro-obligations est depuis cadenass\u00e9e par Angela Merkel, la Bundesbank et les lib\u00e9raux allemands, entra\u00eenant Wolfgang Scha\u00fcble, le ministre des finances &#8211; qui n\u2019y serait pas oppos\u00e9 \u00e0 titre personnel &#8211; \u00e0 en repousser l\u2019\u00e9ventuelle cr\u00e9ation \u00e0 la Saint Glinglin. <\/p>\n<p>La solidit\u00e9 du Fonds de stabilit\u00e9 financi\u00e8re europ\u00e9en (FESF) lui-m\u00eame &#8211; seul canot de sauvetage de disponible dans la temp\u00eate &#8211; est menac\u00e9e par Moody\u2019s, qui pr\u00e9vient que les garanties consenties par la Gr\u00e8ce \u00e0 la Finlande pour qu\u2019elle participe \u00e0 son <i>sauvetage<\/i>, ainsi que la demande identique d\u2019autres pays, fissurent l\u2019union des \u00c9tats de la zone euro et \u00ab\u00a0suscitent des pr\u00e9occupations suppl\u00e9mentaires \u00e0 propos de la nature et de l\u2019\u00e9volution du m\u00e9canisme actuel de soutien financier\u00a0\u00bb. A la cl\u00e9, le FSFE pourrait perdre sa note AAA, le montage financier mont\u00e9 \u00e0 grand peine risquant alors de ne plus fonctionner. <\/p>\n<p>Maria Fekter, la ministre autrichienne des finances, vient de mettre \u00e0 ce sujet de l&rsquo;huile sur le feu, en d\u00e9clarant que \u00ab\u00a0L&rsquo;Autriche a toujours \u00e9t\u00e9 claire sur ce point: s&rsquo;il y a des garanties pour un pays, alors tous les autres doivent \u00eatre trait\u00e9s de la m\u00eame fa\u00e7on\u00a0\u00bb&#8230;<\/p>\n<p>La ratification par les Parlements europ\u00e9ens des d\u00e9cisions du sommet des chefs d\u2019\u00c9tat et de gouvernement du 21 juillet dernier reste par ailleurs \u00e0 accomplir, notamment en Allemagne, dans des d\u00e9lais qui sont partis pour s\u2019allonger. Cela ne fait pas l\u2019affaire de la BCE qui, en attendant le relais du FESF, est coinc\u00e9e et doit continuer \u00e0 soutenir le march\u00e9 obligataire. Le cap des 100 milliards d\u2019achats sur le march\u00e9 secondaire a \u00e9t\u00e9 d\u00e9pass\u00e9. Ewald Nowotny, le gouverneur autrichien de la banque centrale, a ainsi d\u00e9j\u00e0 reconnu que l\u2019\u00e9ch\u00e9ance convenue de la fin octobre risquait de ne pas pouvoir \u00eatre respect\u00e9e. <\/p>\n<p>Et les banques, comment se portent-elles ? Elles se remettent p\u00e9niblement de leurs \u00e9motions et les plus atteintes survivent gr\u00e2ce aux liquidit\u00e9s de la BCE. L&rsquo;une d&rsquo;entre elles a failli chuter en Gr\u00e8ce, que ses cons\u0153urs ont sauv\u00e9e. La Soci\u00e9t\u00e9 G\u00e9n\u00e9rale a demand\u00e9 le soutien de la banque Rotschild. Il se confirme que les fonds mon\u00e9taires am\u00e9ricains prennent leurs pr\u00e9cautions et ass\u00e8chent les liquidit\u00e9s des m\u00e9gabanques europ\u00e9ennes. La premi\u00e8re qui craquera aura une tapette ! <\/p>\n<p>En r\u00e9alit\u00e9, en guise de plan A, les autorit\u00e9s naviguent totalement \u00e0 vue. <\/p>\n","protected":false},"excerpt":{"rendered":"<blockquote>\n<p>Billet invit\u00e9<\/p>\n<\/blockquote>\n<p>Omnipr\u00e9sent, le mot <i>crise<\/i> est devenu galvaud\u00e9 et on \u00e9vite en cons\u00e9quence de l\u2019utiliser. C\u2019est \u00e0 partir de ce constat &#8211; modestement partag\u00e9 par l\u2019auteur &#8211; qu&rsquo;Alphaville, le blog phare du Financial Times, a engag\u00e9 une consultation de ses lecteurs pour lui trouver un rempla\u00e7ant. La liste est longue des propositions qui ont [&hellip;]<\/p>\n","protected":false},"author":37,"featured_media":0,"comment_status":"closed","ping_status":"open","sticky":false,"template":"","format":"standard","meta":{"footnotes":""},"categories":[1,307],"tags":[],"class_list":["post-27899","post","type-post","status-publish","format-standard","hentry","category-economie","category-finance"],"_links":{"self":[{"href":"https:\/\/www.pauljorion.com\/blog\/wp-json\/wp\/v2\/posts\/27899","targetHints":{"allow":["GET"]}}],"collection":[{"href":"https:\/\/www.pauljorion.com\/blog\/wp-json\/wp\/v2\/posts"}],"about":[{"href":"https:\/\/www.pauljorion.com\/blog\/wp-json\/wp\/v2\/types\/post"}],"author":[{"embeddable":true,"href":"https:\/\/www.pauljorion.com\/blog\/wp-json\/wp\/v2\/users\/37"}],"replies":[{"embeddable":true,"href":"https:\/\/www.pauljorion.com\/blog\/wp-json\/wp\/v2\/comments?post=27899"}],"version-history":[{"count":22,"href":"https:\/\/www.pauljorion.com\/blog\/wp-json\/wp\/v2\/posts\/27899\/revisions"}],"predecessor-version":[{"id":47125,"href":"https:\/\/www.pauljorion.com\/blog\/wp-json\/wp\/v2\/posts\/27899\/revisions\/47125"}],"wp:attachment":[{"href":"https:\/\/www.pauljorion.com\/blog\/wp-json\/wp\/v2\/media?parent=27899"}],"wp:term":[{"taxonomy":"category","embeddable":true,"href":"https:\/\/www.pauljorion.com\/blog\/wp-json\/wp\/v2\/categories?post=27899"},{"taxonomy":"post_tag","embeddable":true,"href":"https:\/\/www.pauljorion.com\/blog\/wp-json\/wp\/v2\/tags?post=27899"}],"curies":[{"name":"wp","href":"https:\/\/api.w.org\/{rel}","templated":true}]}}