{"id":28953,"date":"2011-09-25T13:25:59","date_gmt":"2011-09-25T11:25:59","guid":{"rendered":"http:\/\/www.pauljorion.com\/blog\/?p=28953"},"modified":"2013-01-02T14:33:24","modified_gmt":"2013-01-02T13:33:24","slug":"flash-bnp-paribas-controle-t-elle-bercy-par-francois-leclerc","status":"publish","type":"post","link":"https:\/\/www.pauljorion.com\/blog\/2011\/09\/25\/flash-bnp-paribas-controle-t-elle-bercy-par-francois-leclerc\/","title":{"rendered":"<i>FLASH<\/i> : <b>BNP PARIBAS CONTR\u00d4LE-T-ELLE BERCY ?<\/b> par Fran\u00e7ois Leclerc"},"content":{"rendered":"<blockquote><p>Billet invit\u00e9<\/p><\/blockquote>\n<p>Bien qu\u2019ayant depuis fait l\u2019objet de d\u00e9mentis formels de l\u2019Elys\u00e9e, de la Banque de France et de Bercy &#8211; qui n\u2019engagent que leurs auteurs &#8211; un article du Journal du Dimanche vient confirmer une bien triste nouvelle\u00a0: c\u2019est BNP Paribas qui ferait la politique de la France \u00a0!<\/p>\n<p>Comment interpr\u00e9ter autrement les informations d\u00e9taill\u00e9es que le journal publie, qui font \u00e9tat d\u2019une r\u00e9union du 11 septembre dernier au cours de laquelle une proposition de renforcement des fonds propres de 10 \u00e0 15 milliards d\u2019euros auraient \u00e9t\u00e9 faite \u00e0 cinq grandes banques fran\u00e7aises\u00a0? Et qui aurait \u00e9t\u00e9 repouss\u00e9e par Baudoin Prot, son directeur g\u00e9n\u00e9ral, dont on pensait jusqu\u2019\u00e0 ce jour qu\u2019il n\u2019avait qu\u2019un r\u00f4le d\u2019influence, certes pouss\u00e9 !<\/p>\n<p>BNP Paribas, la Soci\u00e9t\u00e9 G\u00e9n\u00e9rale, le Cr\u00e9dit Mutuel, le Cr\u00e9dit Agricole et la BPCE auraient re\u00e7u comme proposition de se voir simplement pr\u00eater cette somme, ou qu\u2019il soit souscrit par l\u2019Etat \u00e0 des \u00e9missions d\u2019actions de pr\u00e9f\u00e9rence (des titres priv\u00e9s de droit de vote). La Soci\u00e9t\u00e9 G\u00e9n\u00e9rale aurait \u00e9t\u00e9 \u00e0 l\u2019origine de cette proposition de soutien, l\u2019acceptant, tandis que la BNP Paribas l\u2019aurait refus\u00e9e.<\/p>\n<p>Pour m\u00e9moire, il a depuis \u00e9t\u00e9 fait \u00e9tat dans la presse d\u2019une mission de l\u2019ancien directeur g\u00e9n\u00e9ral du FMI, Jacques de la Rosi\u00e8re, charg\u00e9 semble-t-il de recueillir des fonds dans les Emirats pour le compte de BNP Paribas, ce qui a \u00e9t\u00e9 \u00e9galement d\u00e9menti et qui rappellerait, si cela devait \u00eatre finalement confirm\u00e9, l\u2019op\u00e9ration r\u00e9alis\u00e9e avec succ\u00e8s par la banque Barclays lorsqu\u2019elle a refus\u00e9 en 2008 l\u2019entr\u00e9e \u00e0 son capital de l\u2019Etat britannique. <\/p>\n<p>Selon l\u2019AFP, les banques en question se sont quant \u00e0 elles refus\u00e9es \u00e0 tout commentaire, ce qui ne vaut tout de m\u00eame pas d\u00e9menti. Parfois donc les banquiers sont capables de prudence ! <\/p>\n","protected":false},"excerpt":{"rendered":"<blockquote>\n<p>Billet invit\u00e9<\/p>\n<\/blockquote>\n<p>Bien qu\u2019ayant depuis fait l\u2019objet de d\u00e9mentis formels de l\u2019Elys\u00e9e, de la Banque de France et de Bercy &#8211; qui n\u2019engagent que leurs auteurs &#8211; un article du Journal du Dimanche vient confirmer une bien triste nouvelle\u00a0: c\u2019est BNP Paribas qui ferait la politique de la France \u00a0!<\/p>\n<p>Comment interpr\u00e9ter autrement les informations [&hellip;]<\/p>\n","protected":false},"author":37,"featured_media":0,"comment_status":"closed","ping_status":"open","sticky":false,"template":"","format":"standard","meta":{"footnotes":""},"categories":[1,307],"tags":[],"class_list":["post-28953","post","type-post","status-publish","format-standard","hentry","category-economie","category-finance"],"_links":{"self":[{"href":"https:\/\/www.pauljorion.com\/blog\/wp-json\/wp\/v2\/posts\/28953","targetHints":{"allow":["GET"]}}],"collection":[{"href":"https:\/\/www.pauljorion.com\/blog\/wp-json\/wp\/v2\/posts"}],"about":[{"href":"https:\/\/www.pauljorion.com\/blog\/wp-json\/wp\/v2\/types\/post"}],"author":[{"embeddable":true,"href":"https:\/\/www.pauljorion.com\/blog\/wp-json\/wp\/v2\/users\/37"}],"replies":[{"embeddable":true,"href":"https:\/\/www.pauljorion.com\/blog\/wp-json\/wp\/v2\/comments?post=28953"}],"version-history":[{"count":18,"href":"https:\/\/www.pauljorion.com\/blog\/wp-json\/wp\/v2\/posts\/28953\/revisions"}],"predecessor-version":[{"id":47032,"href":"https:\/\/www.pauljorion.com\/blog\/wp-json\/wp\/v2\/posts\/28953\/revisions\/47032"}],"wp:attachment":[{"href":"https:\/\/www.pauljorion.com\/blog\/wp-json\/wp\/v2\/media?parent=28953"}],"wp:term":[{"taxonomy":"category","embeddable":true,"href":"https:\/\/www.pauljorion.com\/blog\/wp-json\/wp\/v2\/categories?post=28953"},{"taxonomy":"post_tag","embeddable":true,"href":"https:\/\/www.pauljorion.com\/blog\/wp-json\/wp\/v2\/tags?post=28953"}],"curies":[{"name":"wp","href":"https:\/\/api.w.org\/{rel}","templated":true}]}}