{"id":29543,"date":"2011-10-11T11:53:04","date_gmt":"2011-10-11T09:53:04","guid":{"rendered":"http:\/\/www.pauljorion.com\/blog\/?p=29543"},"modified":"2013-01-02T14:31:37","modified_gmt":"2013-01-02T13:31:37","slug":"la-situation-reelle-de-lemploi-americain-par-oiivier-berruyer","status":"publish","type":"post","link":"https:\/\/www.pauljorion.com\/blog\/2011\/10\/11\/la-situation-reelle-de-lemploi-americain-par-oiivier-berruyer\/","title":{"rendered":"<b>LA SITUATION REELLE DE L&rsquo;EMPLOI AMERICAIN<\/b>, par OIivier Berruyer*"},"content":{"rendered":"<blockquote><p>Billet invit\u00e9<\/p><\/blockquote>\n<p>Ce billet met \u00e0 jour pour ce trimestre l\u2019analyse du ch\u00f4mage am\u00e9ricain que nous avons pr\u00e9c\u00e9demment effectu\u00e9e, et qui montrait que la baisse du taux de ch\u00f4mage observ\u00e9e masquait en fait une importante hausse des Am\u00e9ricains d\u00e9courag\u00e9s qui abandonnaient l\u2019id\u00e9e de trouver du travail. Voici o\u00f9 nous en sommes.<\/p>\n<p><a href=\"http:\/\/www.pauljorion.com\/blog\/wp-content\/uploads\/Graph-1.png\"><img loading=\"lazy\" decoding=\"async\" src=\"http:\/\/www.pauljorion.com\/blog\/wp-content\/uploads\/Graph-1.png\" alt=\"\" title=\"Graph 1\" width=\"628\" height=\"423\" class=\"aligncenter size-full wp-image-29544\" srcset=\"https:\/\/www.pauljorion.com\/blog\/wp-content\/uploads\/Graph-1.png 628w, https:\/\/www.pauljorion.com\/blog\/wp-content\/uploads\/Graph-1-300x202.png 300w\" sizes=\"auto, (max-width: 628px) 100vw, 628px\" \/><\/a><\/p>\n<p><!--more-->On constate que le taux de ch\u00f4mage a d\u00e9sormais clairement cess\u00e9 sa d\u00e9crue, entam\u00e9e en juillet 2010. Le nombre de ch\u00f4meurs vient ainsi de d\u00e9passer de nouveau les 14 millions.<\/p>\n<p><a href=\"http:\/\/www.pauljorion.com\/blog\/wp-content\/uploads\/Graph-2.png\"><img loading=\"lazy\" decoding=\"async\" src=\"http:\/\/www.pauljorion.com\/blog\/wp-content\/uploads\/Graph-2.png\" alt=\"\" title=\"Graph 2\" width=\"628\" height=\"422\" class=\"aligncenter size-full wp-image-29545\" srcset=\"https:\/\/www.pauljorion.com\/blog\/wp-content\/uploads\/Graph-2.png 628w, https:\/\/www.pauljorion.com\/blog\/wp-content\/uploads\/Graph-2-300x201.png 300w\" sizes=\"auto, (max-width: 628px) 100vw, 628px\" \/><\/a><\/p>\n<p>Si on s\u2019int\u00e9resse \u00e0 la variation du taux d\u2019emploi (qui est le compl\u00e9ment du taux de ch\u00f4mage, \u00e0 savoir le nombre de personnes ayant un emploi, ramen\u00e9 \u00e0 la population active = personnes pouvant et voulant travailler), on note que le r\u00e9tablissement est relativement net, et semble en ligne avec les reprises de 1975 et 1983.<\/p>\n<p><a href=\"http:\/\/www.pauljorion.com\/blog\/wp-content\/uploads\/Graph-3.png\"><img loading=\"lazy\" decoding=\"async\" src=\"http:\/\/www.pauljorion.com\/blog\/wp-content\/uploads\/Graph-3.png\" alt=\"\" title=\"Graph 3\" width=\"628\" height=\"422\" class=\"aligncenter size-full wp-image-29546\" srcset=\"https:\/\/www.pauljorion.com\/blog\/wp-content\/uploads\/Graph-3.png 628w, https:\/\/www.pauljorion.com\/blog\/wp-content\/uploads\/Graph-3-300x201.png 300w\" sizes=\"auto, (max-width: 628px) 100vw, 628px\" \/><\/a><\/p>\n<p>On constate bien un net retournement de tendance\u00a0: le ch\u00f4mage ne diminue plus depuis 8 mois, il stagne. En fait, l\u2019am\u00e9lioration constat\u00e9e depuis un an n\u2019est pas aussi florissante qu\u2019il y parait. Comme nous l\u2019avons expos\u00e9, si le calcul du nombre de personnes employ\u00e9es est facile, celui du nombre de ch\u00f4meurs l\u2019est moins, car cette notion peut \u00eatre extensive.<\/p>\n<p>Rappelons que les statistiques officielles am\u00e9ricaines partent de la <em>population totale<\/em> (313,1 millions en septembre 2011), et d\u00e9finissent la <em>population civile hors institutions<\/em> (<em>Civilian Noninstitutional Population<\/em>) comme \u00e9tant celle des 16 ans et plus, qui ne sont pas pensionnaires d\u2019\u00e9tablissements (prisons, h\u00f4pitaux psychiatriques, maisons de retraite). Elle est \u00e9gale \u00e0 240,1 millions de personnes, qui pourraient donc potentiellement travailler. Un certain nombre ne le veut pas (essentiellement les retrait\u00e9s \u2013 puisqu\u2019il n\u2019y a pas de limite d\u2019\u00e2ge dans la d\u00e9finition, beaucoup de personnes \u00e2g\u00e9es travaillant aux \u00c9tats-Unis).<\/p>\n<p>Cette population se scinde entre 154 millions d\u2019Am\u00e9ricains d\u00e9sirant travailler, qui constituent la <em>population active civile<\/em> (<em>Civilian Labor Force<\/em>) et 86 millions qui ne veulent pas, la <em>population non active<\/em> (<em>Not In Labor Force<\/em>). Sur les 154 millions, 14 sont au ch\u00f4mage, soit 9,1 %. En mai 2010, on comptait 15,5 millions de ch\u00f4meurs pour 154,5 millions d\u2019actifs, soit 10,1 % de ch\u00f4mage\u00a0: le taux de ch\u00f4mage a bel et bien nettement baiss\u00e9 (apr\u00e8s un minimum \u00e0 8,8 % en mars 2011).<\/p>\n<p>Mais \u00e0 la lecture de ces chiffres, on voit vite le probl\u00e8me\u00a0: la population active a diminu\u00e9\u00a0dans l\u2019ann\u00e9e ! Or, on oublie fr\u00e9quemment un point majeur\u00a0: la population des \u00c9tats-Unis est une des plus dynamiques dans le\u00a0 monde d\u00e9velopp\u00e9. <strong>La population am\u00e9ricaine cro\u00eet de 1 million tous les 4 mois<\/strong>. Observons l\u2019\u00e9volution de la population sur les 40 derni\u00e8res ann\u00e9es.<\/p>\n<p><a href=\"http:\/\/www.pauljorion.com\/blog\/wp-content\/uploads\/Graph-4.png\"><img loading=\"lazy\" decoding=\"async\" src=\"http:\/\/www.pauljorion.com\/blog\/wp-content\/uploads\/Graph-4.png\" alt=\"\" title=\"Graph 4\" width=\"628\" height=\"423\" class=\"aligncenter size-full wp-image-29547\" srcset=\"https:\/\/www.pauljorion.com\/blog\/wp-content\/uploads\/Graph-4.png 628w, https:\/\/www.pauljorion.com\/blog\/wp-content\/uploads\/Graph-4-300x202.png 300w\" sizes=\"auto, (max-width: 628px) 100vw, 628px\" \/><\/a><\/p>\n<p>On constate que la population totale a une croissance tr\u00e8s r\u00e9guli\u00e8re, un peu sup\u00e9rieure au cours des vingt derni\u00e8res ann\u00e9es par rapport aux vingt pr\u00e9c\u00e9dentes. On observe la chute historique de la population employ\u00e9e et la hausse cons\u00e9cutive du ch\u00f4mage en 2008. Mais ce qui est plus int\u00e9ressant est la quasi-stabilit\u00e9 de la population active depuis deux ans, alors que la <em>population totale<\/em> ainsi que la <em>population hors institutions<\/em> ne connaissent aucune rupture dans leur \u00e9volution tendancielle. Zoomons.<\/p>\n<p><a href=\"http:\/\/www.pauljorion.com\/blog\/wp-content\/uploads\/Graph-5.png\"><img loading=\"lazy\" decoding=\"async\" src=\"http:\/\/www.pauljorion.com\/blog\/wp-content\/uploads\/Graph-5.png\" alt=\"\" title=\"Graph 5\" width=\"628\" height=\"421\" class=\"aligncenter size-full wp-image-29548\" srcset=\"https:\/\/www.pauljorion.com\/blog\/wp-content\/uploads\/Graph-5.png 628w, https:\/\/www.pauljorion.com\/blog\/wp-content\/uploads\/Graph-5-300x201.png 300w\" sizes=\"auto, (max-width: 628px) 100vw, 628px\" \/><\/a><\/p>\n<p>On observe la chute \u00e9norme de la <em>population employ\u00e9e<\/em>, qui est toujours sous son niveau de 2005 \u2013 ceci \u00e9tait attendu. \u00c9videmment, la crise n\u2019a eu aucun effet sur la <em>population totale<\/em>, qui continue d\u2019augmenter lin\u00e9airement. Il en est de m\u00eame pour la <em>population civile hors institutions<\/em>.<\/p>\n<p>Le point saillant est que la population active a cess\u00e9 de croitre depuis l\u2019automne 2008. Et qu\u2019elle a m\u00eame diminu\u00e9 depuis lors. <strong>Un tel ph\u00e9nom\u00e8ne n\u2019est tout simplement jamais arriv\u00e9 aux \u00c9tats-Unis depuis 40 ans<\/strong>, m\u00eame au pire de la crise des ann\u00e9es 1970. En cons\u00e9quence, c\u2019est la population non active qui a tr\u00e8s fortement augment\u00e9 depuis 2009. Nous n\u2019avons pas de statistiques d\u00e9taill\u00e9es sur ces travailleurs d\u00e9courag\u00e9s, mais ce sont probablement en bonne partie des sexag\u00e9naires et des septuag\u00e9naires qui ont cess\u00e9 de travailler, alors qu\u2019ils auraient continu\u00e9 avant la crise. Et au vu des retraites mis\u00e9rables am\u00e9ricaines, on comprend que cette population se retrouve en situation difficile.<\/p>\n<p>Grossi\u00e8rement, le bilan entre le 1\/5\/2007 et le 30\/09\/2011 est de\u00a0: <strong>11 millions d\u2019Am\u00e9ricains en plus<\/strong>, dont 3 millions dans des institutions (y compris \u00e9coles dans ce sens) et 8 millions hors institutions<strong>. Ce sont 7,3 millions d\u2019Am\u00e9ricains en plus dans la population non active, et \u00e0 peine 700.000 en plus dans la population active<\/strong>. C\u2019est 6,6 millions d\u2019employ\u00e9s en moins, et 7,3 millions de ch\u00f4meurs en plus.<\/p>\n<p>Depuis 2007, si on prolonge la population active par sa tendance moyenne des 15 derni\u00e8res ann\u00e9es (elle a toujours \u00e9t\u00e9 tr\u00e8s lin\u00e9aire), <strong>ce sont en fait 12 millions d\u2019emplois qui manquent toujours \u00e0 l\u2019appel <\/strong> \u2013 bien qu\u2019il n\u2019y ait \u00ab\u00a0que\u00a0\u00bb 7 millions de ch\u00f4meurs en plus. Le taux de ch\u00f4mage \u00ab\u00a0officiel\u00a0\u00bb sur cette base ne devrait donc pas \u00eatre de 9,1 %, mais de <strong>12,4 %<\/strong>. En fait, l\u2019impact total de la crise affecte sans doute plus de 20 % de la population active, directement ou non (travail \u00e0 temps partiel non choisi, etc.).<\/p>\n<p>Notre raisonnement est coh\u00e9rent avec l\u2019explosion de la population b\u00e9n\u00e9ficiant de bons d\u2019aide alimentaire\u00a0: + 18 millions en 4 ans. Il semble que la situation commence \u00e0 peine \u00e0 se stabiliser, mais il faudra plusieurs mois pour confirmer ceci. Ce serait une bonne indication de la stabilisation de la situation de l\u2019emploi (mais serait bien loin encore d\u2019une franche \u00ab\u00a0reprise\u00a0\u00bb).<\/p>\n<p><a href=\"http:\/\/www.pauljorion.com\/blog\/wp-content\/uploads\/Graph-6.png\"><img loading=\"lazy\" decoding=\"async\" src=\"http:\/\/www.pauljorion.com\/blog\/wp-content\/uploads\/Graph-6.png\" alt=\"\" title=\"Graph 6\" width=\"628\" height=\"424\" class=\"aligncenter size-full wp-image-29549\" srcset=\"https:\/\/www.pauljorion.com\/blog\/wp-content\/uploads\/Graph-6.png 628w, https:\/\/www.pauljorion.com\/blog\/wp-content\/uploads\/Graph-6-300x202.png 300w\" sizes=\"auto, (max-width: 628px) 100vw, 628px\" \/><\/a><\/p>\n<p>En fait, on observe que les \u00c9tats-Unis connaissent un ph\u00e9nom\u00e8ne nouveau pour eux, et tristement commun pour nous\u00a0: le ch\u00f4mage de longue dur\u00e9e\u00a0:<\/p>\n<p><a href=\"http:\/\/www.pauljorion.com\/blog\/wp-content\/uploads\/Graph-7.png\"><img loading=\"lazy\" decoding=\"async\" src=\"http:\/\/www.pauljorion.com\/blog\/wp-content\/uploads\/Graph-7.png\" alt=\"\" title=\"Graph 7\" width=\"628\" height=\"415\" class=\"aligncenter size-full wp-image-29550\" srcset=\"https:\/\/www.pauljorion.com\/blog\/wp-content\/uploads\/Graph-7.png 628w, https:\/\/www.pauljorion.com\/blog\/wp-content\/uploads\/Graph-7-300x198.png 300w\" sizes=\"auto, (max-width: 628px) 100vw, 628px\" \/><\/a><\/p>\n<p>On note qu\u2019avec plus de 4 % de la population active en ch\u00f4mage de longue dur\u00e9e, les \u00c9tats-Unis connaissent un ch\u00f4mage du double du pic historique de 1983&#8230; Et si on rajoute toutes les personnes d\u00e9courag\u00e9es, on arrive \u00e0 plus de 7 % de la population&#8230;<\/p>\n<p><a href=\"http:\/\/www.pauljorion.com\/blog\/wp-content\/uploads\/Graph-8.png\"><img loading=\"lazy\" decoding=\"async\" src=\"http:\/\/www.pauljorion.com\/blog\/wp-content\/uploads\/Graph-8.png\" alt=\"\" title=\"Graph 8\" width=\"629\" height=\"423\" class=\"aligncenter size-full wp-image-29551\" srcset=\"https:\/\/www.pauljorion.com\/blog\/wp-content\/uploads\/Graph-8.png 629w, https:\/\/www.pauljorion.com\/blog\/wp-content\/uploads\/Graph-8-300x201.png 300w\" sizes=\"auto, (max-width: 629px) 100vw, 629px\" \/><\/a><\/p>\n<p>On observe bien ceci sur les dur\u00e9es moyenne et m\u00e9diane de ch\u00f4mage. Les courbes se passent de commentaires&#8230; Le pic de 1983 avait eu un impact bien plus limit\u00e9.<\/p>\n<p><a href=\"http:\/\/www.pauljorion.com\/blog\/wp-content\/uploads\/Graph-9.png\"><img loading=\"lazy\" decoding=\"async\" src=\"http:\/\/www.pauljorion.com\/blog\/wp-content\/uploads\/Graph-9.png\" alt=\"\" title=\"Graph 9\" width=\"628\" height=\"423\" class=\"aligncenter size-full wp-image-29552\" srcset=\"https:\/\/www.pauljorion.com\/blog\/wp-content\/uploads\/Graph-9.png 628w, https:\/\/www.pauljorion.com\/blog\/wp-content\/uploads\/Graph-9-300x202.png 300w\" sizes=\"auto, (max-width: 628px) 100vw, 628px\" \/><\/a><\/p>\n<p>Au niveau de la p\u00e9riode r\u00e9cente, aucune am\u00e9lioration n\u2019est en vue, la dur\u00e9e moyenne augmente toujours mois apr\u00e8s mois. Comme la dur\u00e9e m\u00e9diane stagne, cela signifie que, d\u2019une part, la dur\u00e9e moyenne des petites p\u00e9riodes de ch\u00f4mage et des grandes p\u00e9riodes de ch\u00f4mage augmente. Ainsi, une partie de la population est de plus en plus exclue du march\u00e9 du travail.<\/p>\n<p><a href=\"http:\/\/www.pauljorion.com\/blog\/wp-content\/uploads\/Graph-10.png\"><img loading=\"lazy\" decoding=\"async\" src=\"http:\/\/www.pauljorion.com\/blog\/wp-content\/uploads\/Graph-10.png\" alt=\"\" title=\"Graph 10\" width=\"629\" height=\"422\" class=\"aligncenter size-full wp-image-29553\" srcset=\"https:\/\/www.pauljorion.com\/blog\/wp-content\/uploads\/Graph-10.png 629w, https:\/\/www.pauljorion.com\/blog\/wp-content\/uploads\/Graph-10-300x201.png 300w\" sizes=\"auto, (max-width: 629px) 100vw, 629px\" \/><\/a><\/p>\n<p>On observe sur le graphique pr\u00e9c\u00e9dent que les exclus sont essentiellement les noirs, mais aussi les jeunes. Il y en fait peu d\u2019\u00e9carts suivant le sexe.<\/p>\n<p>Conscients de la probl\u00e9matique des d\u00e9courag\u00e9s du march\u00e9 du travail, on peut enfin repr\u00e9senter non plus le taux d\u2019emploi (fauss\u00e9 par la d\u00e9finition de la population active), mais le ratio d\u2019emploi civil, \u00e9gal au rapport entre la <em>population employ\u00e9e<\/em> et la <em>population hors institutions<\/em>. Cet indicateur est beaucoup plus adapt\u00e9 \u00e0 la situation du march\u00e9 du travail am\u00e9ricain.<\/p>\n<p><a href=\"http:\/\/www.pauljorion.com\/blog\/wp-content\/uploads\/Graph-11.png\"><img loading=\"lazy\" decoding=\"async\" src=\"http:\/\/www.pauljorion.com\/blog\/wp-content\/uploads\/Graph-11.png\" alt=\"\" title=\"Graph 11\" width=\"628\" height=\"423\" class=\"aligncenter size-full wp-image-29554\" srcset=\"https:\/\/www.pauljorion.com\/blog\/wp-content\/uploads\/Graph-11.png 628w, https:\/\/www.pauljorion.com\/blog\/wp-content\/uploads\/Graph-11-300x202.png 300w\" sizes=\"auto, (max-width: 628px) 100vw, 628px\" \/><\/a><\/p>\n<p>On constate bien que la chute est historique. Elle semble marquer un retour vers les niveaux des 30 glorieuses, et la fin d\u2019une des caract\u00e9ristique du <em>financiarisme<\/em> aux \u00c9tats-Unis\u00a0: le plein emploi, mais appuy\u00e9 sur une hyper-consommation \u00e0 cr\u00e9dit.<\/p>\n<p>Comparons alors la situation durant diff\u00e9rentes r\u00e9cessions\u00a0:<\/p>\n<p><a href=\"http:\/\/www.pauljorion.com\/blog\/wp-content\/uploads\/Graph-12.png\"><img loading=\"lazy\" decoding=\"async\" src=\"http:\/\/www.pauljorion.com\/blog\/wp-content\/uploads\/Graph-12.png\" alt=\"\" title=\"Graph 12\" width=\"628\" height=\"423\" class=\"aligncenter size-full wp-image-29555\" srcset=\"https:\/\/www.pauljorion.com\/blog\/wp-content\/uploads\/Graph-12.png 628w, https:\/\/www.pauljorion.com\/blog\/wp-content\/uploads\/Graph-12-300x202.png 300w\" sizes=\"auto, (max-width: 628px) 100vw, 628px\" \/><\/a><\/p>\n<p>Si on observe une r\u00e9cente am\u00e9lioration, la situation de plateau depuis 20 mois reste inqui\u00e9tante. Pour les crises de 1973 (1) et 1979 (2), la reprise de l\u2019emploi a \u00e9t\u00e9 tr\u00e8s nette \u00e0 la fin de la crise. Ce n\u2019est pas le cas actuellement. Pire, la seule p\u00e9riode en quasi-plateau a \u00e9t\u00e9 en 1980\/1981 (3), et avait \u00e9t\u00e9 le pr\u00e9lude \u00e0 la plus forte chute de l\u2019emploi depuis 1929.<\/p>\n<p>Comme\u00a0:<\/p>\n<ul>\n<li>d\u2019une part, contrairement \u00e0 1980, le plateau n\u2019est pas \u00ab\u00a0naturel\u00a0\u00bb, au sens o\u00f9 il r\u00e9sulte de mesures de soutien se comptant en milliers de milliards de dollars de cr\u00e9ation mon\u00e9taire et de d\u00e9ficits publics. On observe d\u2019ailleurs sur ce graphique officiel de l\u2019administration am\u00e9ricaine, de janvier 2009, qui \u00e9valuait l\u2019impact positif qu\u2019aurait le plan de relance am\u00e9ricain de 700 Md$ par rapport \u00e0 la situation alors pr\u00e9vue\u00a0; en rouge, la r\u00e9alit\u00e9&#8230;<\/li>\n<\/ul>\n<p><a href=\"http:\/\/www.pauljorion.com\/blog\/wp-content\/uploads\/Graph-13.png\"><img loading=\"lazy\" decoding=\"async\" src=\"http:\/\/www.pauljorion.com\/blog\/wp-content\/uploads\/Graph-13.png\" alt=\"\" title=\"Graph 13\" width=\"538\" height=\"358\" class=\"aligncenter size-full wp-image-29556\" srcset=\"https:\/\/www.pauljorion.com\/blog\/wp-content\/uploads\/Graph-13.png 538w, https:\/\/www.pauljorion.com\/blog\/wp-content\/uploads\/Graph-13-300x199.png 300w\" sizes=\"auto, (max-width: 538px) 100vw, 538px\" \/><\/a><\/p>\n<p align=\"center\">Source\u00a0: <a href=\"http:\/\/economics21.org\/\">http:\/\/economics21.org<\/a><\/p>\n<ul>\n<li>d\u2019autre part, la correction du taux officiel (pour le remettre sur la tendance historique de la population active) montre que si la chute est frein\u00e9e, le taux ne cesse de se d\u00e9grader mois apr\u00e8s mois, il convient d\u2019\u00eatre tr\u00e8s vigilants sur le devenir \u00e0 court terme de l\u2019emploi am\u00e9ricain.<\/li>\n<\/ul>\n<p>Pour conclure, nous pouvons enfin retoucher les taux officiels de ch\u00f4mage (le premier, U3, au sens classique, le second qui prend en compte toutes les situations de sous-emploi subi, U6) en r\u00e9int\u00e9grant les d\u00e9courag\u00e9s du march\u00e9 du march\u00e9 du travail, pour avoir une comparaison robuste avec la situation d\u2019avant la Crise.<\/p>\n<p><a href=\"http:\/\/www.pauljorion.com\/blog\/wp-content\/uploads\/Graph-14.png\"><img loading=\"lazy\" decoding=\"async\" src=\"http:\/\/www.pauljorion.com\/blog\/wp-content\/uploads\/Graph-14.png\" alt=\"\" title=\"Graph 14\" width=\"628\" height=\"421\" class=\"aligncenter size-full wp-image-29557\" srcset=\"https:\/\/www.pauljorion.com\/blog\/wp-content\/uploads\/Graph-14.png 628w, https:\/\/www.pauljorion.com\/blog\/wp-content\/uploads\/Graph-14-300x201.png 300w\" sizes=\"auto, (max-width: 628px) 100vw, 628px\" \/><\/a><\/p>\n<p>On observe ainsi qu\u2019aucune am\u00e9lioration n\u2019a eu lieu depuis 18 mois, et que le taux de ch\u00f4mage complet est d\u2019environ 20 %. Dramatique&#8230;<\/p>\n<p><strong>L\u2019ann\u00e9e 2011 n\u2019a gu\u00e8re apport\u00e9 d\u2019am\u00e9lioration \u2013 ce qui est inqui\u00e9tant car la situation semble commencer \u00e0 se d\u00e9grader de nouveau avec le retour de la r\u00e9cession.<\/strong><\/p>\n<p>* Olivier Berruyer est actuaire, et cr\u00e9ateur du blog <a href=\"http:\/\/www.les-crises.fr\/\">www.les-crises.fr<\/a>.<\/p>\n","protected":false},"excerpt":{"rendered":"<blockquote>\n<p>Billet invit\u00e9<\/p>\n<\/blockquote>\n<p>Ce billet met \u00e0 jour pour ce trimestre l\u2019analyse du ch\u00f4mage am\u00e9ricain que nous avons pr\u00e9c\u00e9demment effectu\u00e9e, et qui montrait que la baisse du taux de ch\u00f4mage observ\u00e9e masquait en fait une importante hausse des Am\u00e9ricains d\u00e9courag\u00e9s qui abandonnaient l\u2019id\u00e9e de trouver du travail. Voici o\u00f9 nous en sommes.<\/p>\n<p><a href=\"http:\/\/www.pauljorion.com\/blog\/wp-content\/uploads\/Graph-1.png\"><img decoding=\"async\" src=\"http:\/\/www.pauljorion.com\/blog\/wp-content\/uploads\/Graph-1.png\" alt=\"\" [&hellip;]<\/a><\/p>\n","protected":false},"author":38,"featured_media":0,"comment_status":"closed","ping_status":"open","sticky":false,"template":"","format":"standard","meta":{"footnotes":""},"categories":[1,102],"tags":[79,4475],"class_list":["post-29543","post","type-post","status-publish","format-standard","hentry","category-economie","category-travail","tag-chomage","tag-etats-unis"],"_links":{"self":[{"href":"https:\/\/www.pauljorion.com\/blog\/wp-json\/wp\/v2\/posts\/29543","targetHints":{"allow":["GET"]}}],"collection":[{"href":"https:\/\/www.pauljorion.com\/blog\/wp-json\/wp\/v2\/posts"}],"about":[{"href":"https:\/\/www.pauljorion.com\/blog\/wp-json\/wp\/v2\/types\/post"}],"author":[{"embeddable":true,"href":"https:\/\/www.pauljorion.com\/blog\/wp-json\/wp\/v2\/users\/38"}],"replies":[{"embeddable":true,"href":"https:\/\/www.pauljorion.com\/blog\/wp-json\/wp\/v2\/comments?post=29543"}],"version-history":[{"count":4,"href":"https:\/\/www.pauljorion.com\/blog\/wp-json\/wp\/v2\/posts\/29543\/revisions"}],"predecessor-version":[{"id":46979,"href":"https:\/\/www.pauljorion.com\/blog\/wp-json\/wp\/v2\/posts\/29543\/revisions\/46979"}],"wp:attachment":[{"href":"https:\/\/www.pauljorion.com\/blog\/wp-json\/wp\/v2\/media?parent=29543"}],"wp:term":[{"taxonomy":"category","embeddable":true,"href":"https:\/\/www.pauljorion.com\/blog\/wp-json\/wp\/v2\/categories?post=29543"},{"taxonomy":"post_tag","embeddable":true,"href":"https:\/\/www.pauljorion.com\/blog\/wp-json\/wp\/v2\/tags?post=29543"}],"curies":[{"name":"wp","href":"https:\/\/api.w.org\/{rel}","templated":true}]}}