{"id":33051,"date":"2012-01-22T13:48:53","date_gmt":"2012-01-22T12:48:53","guid":{"rendered":"http:\/\/www.pauljorion.com\/blog\/?p=33051"},"modified":"2013-01-02T00:56:47","modified_gmt":"2013-01-01T23:56:47","slug":"lombre-de-fukushima-sagrandit-par-francois-leclerc","status":"publish","type":"post","link":"https:\/\/www.pauljorion.com\/blog\/2012\/01\/22\/lombre-de-fukushima-sagrandit-par-francois-leclerc\/","title":{"rendered":"<b>L&rsquo;OMBRE DE FUKUSHIMA S&rsquo;ALLONGE<\/b>, par Fran\u00e7ois Leclerc"},"content":{"rendered":"<blockquote><p>Billet invit\u00e9<\/p><\/blockquote>\n<p>Le bilan est sans nuance : il ne reste plus que cinq r\u00e9acteurs nucl\u00e9aires en activit\u00e9 sur les 54 du parc japonais. Quatre unit\u00e9s suppl\u00e9mentaires doivent \u00eatre stopp\u00e9es d\u2019ici mai prochain, la totalit\u00e9 d\u2019entre elles pourrait m\u00eame \u00eatre arr\u00eat\u00e9e l\u2019\u00e9t\u00e9 prochain, p\u00e9riode de pic de la consommation en raison de la climatisation des locaux et habitations. <\/p>\n<p>Les autorit\u00e9s japonaises reconnaissent ne pas avoir de plan de remise en service des r\u00e9acteurs, stopp\u00e9s par pr\u00e9caution ou par des op\u00e9rations de maintenance. Car leur red\u00e9marrage est soumis \u00e0 la r\u00e9alisation pr\u00e9alable de tests de r\u00e9sistance et doit \u00eatre approuv\u00e9 par les autorit\u00e9s locales, qui n\u2019y sont pas favorables. Elles-m\u00eames sont sous la pression d\u2019une opinion publique qui ne s\u2019exprime que peu ouvertement mais n\u2019en pense pas moins : le choc cr\u00e9\u00e9 par la catastrophe de Fukushima est plus profond que n\u2019en laisse para\u00eetre l\u2019absence de r\u00e9action.  <\/p>\n<p><!--more-->A l\u2019arriv\u00e9e, le Japon est en passe de r\u00e9aliser une sortie in\u00e9dite de l\u2019\u00e9lectro-nucl\u00e9aire, en d\u00e9pit des r\u00e9sistances tr\u00e8s fortes du lobby de cette industrie, une grande premi\u00e8re \u00e0 observer de pr\u00e8s. Celle-ci sera provisoire ou d\u00e9finitive, suivant l\u2019\u00e9volution du rapport de force, et pourra impliquer, si elle se confirme, une red\u00e9finition des mod\u00e8les de consommation et de production \u00e9nerg\u00e9tique.  <\/p>\n<p>Dans l\u2019imm\u00e9diat, les cons\u00e9quences de la catastrophe de Fukushima se r\u00e9v\u00e8lent dans toute leur \u00e9tendue. <\/p>\n<p>Sur le site m\u00eame de la centrale, la situation n\u2019est stabilis\u00e9e qu\u2019en apparence. L\u2019op\u00e9rateur contr\u00f4le celle-ci du bout des doigts et avec des moyens de fortune. Le syst\u00e8me de refroidissement des r\u00e9acteurs et des piscines est pr\u00e9caire et les structures des installations sont fragilis\u00e9es, la menace que repr\u00e9senterait un nouveau puissant s\u00e9isme est en cons\u00e9quence toujours pr\u00e9sente. <\/p>\n<p>Fukushima-Da\u00efchi est devenu une machine \u00e0 fabriquer de l\u2019eau contamin\u00e9e en \u00e9norme quantit\u00e9s, dont l\u2019\u00e9vacuation et le stockage posent de tels probl\u00e8mes que Tepco, l\u2019op\u00e9rateur, a cherch\u00e9 \u00e0 en d\u00e9verser \u00e0 nouveau dans la mer. Les installations fuient de partout et l\u2019eau contamin\u00e9e a envahi les sous-sols techniques et ruisselle dans les sols et tr\u00e8s probablement dans la mer. Il n\u2019est pas donn\u00e9 d\u2019information sur la cadence \u00e0 laquelle l\u2019eau est d\u00e9contamin\u00e9e, compar\u00e9e au rythme de sa production. <\/p>\n<p>Plus probl\u00e9matique, la situation des trois coriums reste une inconnue. La tentative de commencer \u00e0 la d\u00e9terminer <i>de visu<\/i> gr\u00e2ce \u00e0 un endoscope a tourn\u00e9 court. Le r\u00e9acteur num\u00e9ro 2 avait \u00e9t\u00e9 choisi, car le niveau des radiations y est inf\u00e9rieur, mais ce dernier a n\u00e9anmoins perturb\u00e9 les observations en raison des artefacts visuels qu\u2019il a provoqu\u00e9s. La m\u00e9thode n\u2019a pas fonctionn\u00e9. Faute d\u2019\u00e9valuation pr\u00e9cise de l\u2019\u00e9tat interne des r\u00e9acteurs et de la situation des coriums, il n\u2019est pas possible de concevoir les technologies qui permettront un jour &#8211; dans dix ans est-il pr\u00e9vu &#8211; de les extraire, dans le cadre des op\u00e9rations de d\u00e9mant\u00e8lement actuellement estim\u00e9es durer 40 ans.<\/p>\n<p>L\u2019\u00e9valuation des effets de la contamination radioactive cr\u00e9\u00e9e par la catastrophe ainsi que les probl\u00e8mes li\u00e9s \u00e0 la d\u00e9contamination sont pass\u00e9s au premier plan. En premier lieu en raison de la d\u00e9couverte de pollutions alarmantes qui se renouvellent, montrant que le danger peut \u00eatre partout. Cela a en premier lieu \u00e9t\u00e9 dans l\u2019alimentation, dont la cha\u00eene n\u2019\u00e9tait pas strictement contr\u00f4l\u00e9e, ou bien \u00e0 l\u2019occasion de la d\u00e9couverte de plaques g\u00e9ographiques, voire de lieux restreints, o\u00f9 elle est concentr\u00e9e. Des b\u00eates envoy\u00e9es \u00e0 l\u2019abattoir ont \u00e9t\u00e9 contamin\u00e9es par du fourrage provenant de la zone interdite. Un immeuble de logement a \u00e9t\u00e9 r\u00e9cemment construit avec du b\u00e9ton radioactif utilisant du gravier pr\u00e9lev\u00e9 dans celle-ci un mois apr\u00e8s la catastrophe. Il en ressort que la diss\u00e9mination de la contamination n\u2019est pas 100% contr\u00f4lable quand elle a atteint une telle \u00e9chelle. Cr\u00e9ant un sentiment d&rsquo;ins\u00e9curit\u00e9 permanent. <\/p>\n<p>Elle l\u2019est d\u2019autant moins que les conditions dans lesquelles la d\u00e9contamination est effectu\u00e9e sont probl\u00e9matiques. Les aspersions d\u2019eau sur les fa\u00e7ades ou les trottoirs ou les arasions de terre et de rev\u00eatement des sols ne font souvent que d\u00e9placer le probl\u00e8me, l\u2019eau contamin\u00e9e ruisselant dans les \u00e9gouts et vers les nappes phr\u00e9atiques, la terre et les d\u00e9bris \u00e9tant stock\u00e9s dans des excavations creus\u00e9s dans le sol et expos\u00e9s aux intemp\u00e9ries, donc aux ruissellements. <\/p>\n<p>C\u2019est semble-t-il le prix \u00e0 payer pour que tout rentre en apparence et rapidement dans l\u2019ordre. Dans la m\u00eame intention, le gouvernement voudrait symboliquement favoriser le retour prochain d\u2019une partie des 80.000 r\u00e9fugi\u00e9s d\u00e9nombr\u00e9s dans les lieux de la zone interdite, o\u00f9 la contamination est estim\u00e9e la moins \u00e9lev\u00e9e. <\/p>\n<p>Mais l\u2019impact d\u2019une d\u00e9cision prise par le gouvernement au d\u00e9but de la catastrophe trouve actuellement un nouvel \u00e9clairage. Celui-ci a alors promulgu\u00e9 un rel\u00e8vement de la zone admissible d\u2019exposition aux radiations, augment\u00e9 \u00e0 20 millisieverts par an, avec pour intention de limiter les \u00e9vacuations de population et de minimiser ses cons\u00e9quences. <\/p>\n<p>Un rapport de l\u2019Acad\u00e9mie des sciences am\u00e9ricaine vient de mettre en cause l\u2019id\u00e9e selon laquelle l\u2019exposition \u00e0 de faibles doses de radiations serait sans effet. Il montre comment, \u00e0 la longue, celle-ci pourrait avoir des effets importants, tout sp\u00e9cialement sur les enfants et les femmes (et donc plus particuli\u00e8rement les jeunes filles). Nous rappelant que les donn\u00e9es utilis\u00e9es pour mesurer la dangerosit\u00e9 d\u2019une exposition aux faibles doses reposent sur une exposition concentr\u00e9e dans le temps (une explosion atomique par exemple) et non \u00e0 la longue et donc cumul\u00e9e. <\/p>\n<p>Enfin, le moment des d\u00e9cisions est arriv\u00e9 en ce qui concerne le volet \u00e9conomique et financier. En d\u00e9pit de ses r\u00e9sistances, l\u2019op\u00e9rateur priv\u00e9 Tepco devrait \u00eatre nationalis\u00e9, ne pouvant faire face aux cons\u00e9quences de la catastrophe qu\u2019il doit assumer aux titres de l\u2019indemnisation des victimes et du d\u00e9mant\u00e8lement de la centrale. Il est question d\u2019une nationalisation provisoire pendant dix ans, qui s\u2019apparenterait \u00e0 la prise en charge par l\u2019Etat de ces op\u00e9rations avant que l\u2019entreprise soit reprivatis\u00e9e dans des conditions qui ne sont pas pr\u00e9cis\u00e9es. <\/p>\n<p>Faisant suite \u00e0 d\u2019autres aides financi\u00e8res, un fonds auquel participe l\u2019Etat et des op\u00e9rateurs priv\u00e9s de l\u2019\u00e9lectro-nucl\u00e9aire doit prochainement injecter l\u2019\u00e9quivalent de 10,3 milliards d\u2019euros dans Tepco, nationalisant l\u2019entreprise dans l\u2019imm\u00e9diat, mais seulement de fait. Celle-ci a cherch\u00e9 \u00e0 emprunter sur le march\u00e9, mais les banques auraient pos\u00e9 comme condition, selon la presse, une augmentation de 10% des tarifs d\u2019\u00e9lectricit\u00e9 et le red\u00e9marrage du parc des r\u00e9acteurs nucl\u00e9aires ! <\/p>\n<p>Essentiellement centr\u00e9 concernant le Japon sur le tremblement de terre et le tsunami qui ont ravag\u00e9 des r\u00e9gions enti\u00e8res, le rapport sur les \u00ab\u00a0risques globaux\u00a0\u00bb r\u00e9dig\u00e9 dans le cadre du prochain Forum \u00e9conomique mondial de Davos pratique l&rsquo;art de l&rsquo;escamotage. Il y d\u00e9c\u00e8le prioritairement une interrogation sur \u00ab\u00a0le r\u00f4le du leadership, un d\u00e9fi \u00e0 la communication en cet \u00e2ge de l&rsquo;information et la n\u00e9cessaire conception de mod\u00e8les \u00e9conomiques r\u00e9silients en r\u00e9ponse aux crises de grandeur impr\u00e9vue.\u00a0\u00bb <\/p>\n","protected":false},"excerpt":{"rendered":"<blockquote>\n<p>Billet invit\u00e9<\/p>\n<\/blockquote>\n<p>Le bilan est sans nuance : il ne reste plus que cinq r\u00e9acteurs nucl\u00e9aires en activit\u00e9 sur les 54 du parc japonais. Quatre unit\u00e9s suppl\u00e9mentaires doivent \u00eatre stopp\u00e9es d\u2019ici mai prochain, la totalit\u00e9 d\u2019entre elles pourrait m\u00eame \u00eatre arr\u00eat\u00e9e l\u2019\u00e9t\u00e9 prochain, p\u00e9riode de pic de la consommation en raison de la climatisation des [&hellip;]<\/p>\n","protected":false},"author":37,"featured_media":0,"comment_status":"closed","ping_status":"open","sticky":false,"template":"","format":"standard","meta":{"footnotes":""},"categories":[1266,1245],"tags":[1241,1273],"class_list":["post-33051","post","type-post","status-publish","format-standard","hentry","category-nucleaire-2","category-tsunami-au-japon","tag-centrale-nucleaire-de-fukushima","tag-nucleaire-civil"],"_links":{"self":[{"href":"https:\/\/www.pauljorion.com\/blog\/wp-json\/wp\/v2\/posts\/33051","targetHints":{"allow":["GET"]}}],"collection":[{"href":"https:\/\/www.pauljorion.com\/blog\/wp-json\/wp\/v2\/posts"}],"about":[{"href":"https:\/\/www.pauljorion.com\/blog\/wp-json\/wp\/v2\/types\/post"}],"author":[{"embeddable":true,"href":"https:\/\/www.pauljorion.com\/blog\/wp-json\/wp\/v2\/users\/37"}],"replies":[{"embeddable":true,"href":"https:\/\/www.pauljorion.com\/blog\/wp-json\/wp\/v2\/comments?post=33051"}],"version-history":[{"count":21,"href":"https:\/\/www.pauljorion.com\/blog\/wp-json\/wp\/v2\/posts\/33051\/revisions"}],"predecessor-version":[{"id":46693,"href":"https:\/\/www.pauljorion.com\/blog\/wp-json\/wp\/v2\/posts\/33051\/revisions\/46693"}],"wp:attachment":[{"href":"https:\/\/www.pauljorion.com\/blog\/wp-json\/wp\/v2\/media?parent=33051"}],"wp:term":[{"taxonomy":"category","embeddable":true,"href":"https:\/\/www.pauljorion.com\/blog\/wp-json\/wp\/v2\/categories?post=33051"},{"taxonomy":"post_tag","embeddable":true,"href":"https:\/\/www.pauljorion.com\/blog\/wp-json\/wp\/v2\/tags?post=33051"}],"curies":[{"name":"wp","href":"https:\/\/api.w.org\/{rel}","templated":true}]}}