{"id":34640,"date":"2012-03-02T21:01:39","date_gmt":"2012-03-02T20:01:39","guid":{"rendered":"http:\/\/www.pauljorion.com\/blog\/?p=34640"},"modified":"2013-01-02T00:52:39","modified_gmt":"2013-01-01T23:52:39","slug":"lactualite-de-la-crise-le-gros-morceau-espagnol-par-francois-leclerc","status":"publish","type":"post","link":"https:\/\/www.pauljorion.com\/blog\/2012\/03\/02\/lactualite-de-la-crise-le-gros-morceau-espagnol-par-francois-leclerc\/","title":{"rendered":"<i>L&rsquo;actualit\u00e9 de la crise<\/i> : <b>LE GROS MORCEAU ESPAGNOL<\/b>, par Fran\u00e7ois Leclerc"},"content":{"rendered":"<blockquote><p>Billet invit\u00e9<\/p><\/blockquote>\n<p>A peine venait-il d&rsquo;adopter, simultan\u00e9ment \u00e0 24 autres dirigeants europ\u00e9ens, les mesures de contr\u00f4le et de coercition budg\u00e9taires du \u00ab\u00a0pacte de stabilit\u00e9 et de croissance\u00a0\u00bb (qui n\u2019en a que le nom) que Mariano Rajoy a d\u00e9cid\u00e9 de le briser. Le chef du gouvernement espagnol a en effet annonc\u00e9 que les engagements pris de r\u00e9duction du d\u00e9ficit public pour 2012 ne pourront \u00eatre tenus, faisant \u00e9tat de conditions \u00e9conomiques ayant chang\u00e9 et annon\u00e7ant pour la fin de l\u2019ann\u00e9e un taux de 5,8% du PIB au lieu du 4,4% pr\u00e9vu, apr\u00e8s avoir arr\u00eat\u00e9 un d\u00e9ficit au taux de 8,51% du PIB fin 2011. <\/p>\n<p>Il venait de recevoir une abrupte fin de non-recevoir \u00e0 ses pressantes demandes de r\u00e9vision de ses objectifs par les autorit\u00e9s de Bruxelles et les chefs d&rsquo;\u00c9tat et de gouvernement r\u00e9unis ces deux derniers jours en sommet. Irrecevables selon eux, car il n\u2019\u00e9tait pas envisageable de signer d\u2019une main le trait\u00e9 et d\u2019accorder de l\u2019autre une d\u00e9rogation qui de plus risquerait en appeler d\u2019autres.<\/p>\n<p><!--more-->Des \u00e9missaires de Bruxelles lui avaient pourtant sugg\u00e9r\u00e9 de pr\u00e9senter le 30 mars prochain un budget b\u00e2ti pour parvenir \u00e0 l\u2019objectif initial, quitte \u00e0 le revoir plus tard dans l\u2019ann\u00e9e apr\u00e8s avoir fait preuve de ses meilleurs efforts, mais Mariano Rajoy a pr\u00e9f\u00e9r\u00e9 trancher dans le vif. Avait-il le choix, si l\u2019on consid\u00e8re que cela lui aurait impos\u00e9 de trouver et d\u2019afficher 29 milliards d\u2019euros suppl\u00e9mentaires d\u2019\u00e9conomies budg\u00e9taires, apr\u00e8s en avoir d\u00e9j\u00e0 pr\u00e9vu 15 milliards en d\u00e9cembre dernier lors de l\u2019adoption d\u2019un ajustement budg\u00e9taire ? Ceci dans le contexte de l\u2019entr\u00e9e du pays dans la r\u00e9cession et d\u2019une situation sociale explosive.<\/p>\n<p>Des manifestations rassemblant des dizaines de milliers d\u2019\u00e9tudiants et de lyc\u00e9ens se sont d\u00e9roul\u00e9es le 29 f\u00e9vrier dans une quarantaine de villes espagnoles, la ville de Valence \u00e9tant en \u00e9tat de quasi r\u00e9volte permanente. Le ch\u00f4mage touche d\u00e9sormais plus de 4,7 millions d\u2019espagnols, selon les chiffres du minist\u00e8re du travail, plus de 100.000 nouveaux ch\u00f4meurs ayant rejoint les pr\u00e9c\u00e9dents durant le dernier mois. Chez les jeunes de moins de 25 ans, particuli\u00e8rement touch\u00e9s, la progression est beaucoup plus rapide ; certaines r\u00e9gions, comme l\u2019Andalousie, d\u00e9passent le taux de 30% de ch\u00f4meurs. L\u2019Institut national de la statistique a pour sa part rendu public le chiffre de 5 millions de ch\u00f4meurs, d\u00e9pass\u00e9 fin 2011, qui correspond \u00e0 un taux de pr\u00e8s de 23%. Si pr\u00e8s d\u2019un actif sur quatre est sans emploi, c\u2019est un jeune sur deux qui se trouve dans la m\u00eame situation. Ce n\u2019est plus l\u2019\u00e9conomie qui est sinistr\u00e9e, c\u2019est la soci\u00e9t\u00e9.<\/p>\n<p>Apr\u00e8s avoir adopt\u00e9 d\u00e9but f\u00e9vrier une r\u00e9forme destin\u00e9e \u00e0 <em>flexibiliser<\/em> le march\u00e9 du travail, le gouvernement a comment\u00e9 ces chiffres en expliquant qu\u2019ils justifient les r\u00e9formes qu\u2019il entreprend, ce qui risque d\u2019\u00eatre diversement v\u00e9cu \u00e0 la suite des grandes manifestations organis\u00e9es par les deux grandes centrales syndicales. De nouvelles mesures d\u2019aust\u00e9rit\u00e9, que le gouvernement espagnol est appel\u00e9 \u00e0 prendre, ne pourraient qu\u2019acc\u00e9l\u00e9rer la progression d&rsquo;un ch\u00f4mage d\u00e9j\u00e0 tr\u00e8s \u00e9lev\u00e9.<\/p>\n<p>Une nouvelle fois apr\u00e8s la Gr\u00e8ce, la situation dans laquelle se trouve l\u2019Espagne illustre l\u2019impasse dans laquelle se sont engag\u00e9s les dirigeants europ\u00e9ens, dans laquelle ils persistent. C\u2019est cette fois-ci un repr\u00e9sentant de la droite lib\u00e9rale qui se trouve aux commandes, avec l\u2019obligation de g\u00e9rer des contraintes qui vont en s\u2019accroissant, sans espoir de parvenir au r\u00e9sultat exig\u00e9 comme il doit lui-m\u00eame l\u2019admettre. Ironie de l\u2019histoire, les Pays-Bas, dont le gouvernement minoritaire s&rsquo;appuie au parlement sur l&rsquo;extr\u00eame droite de Geert Wilders, a \u00e9t\u00e9 en pointe pour r\u00e9clamer le durcissement des contraintes destin\u00e9es \u00e0 garantir la r\u00e9duction des d\u00e9ficits publics, doit simultan\u00e9ment proc\u00e9der \u00e0 de nouvelles coupes budg\u00e9taires afin de respecter ses engagements. Pr\u00e8s de 16 milliards d\u2019euros d\u2019\u00e9conomies suppl\u00e9mentaires devraient \u00eatre trouv\u00e9es par le premier ministre Mark Rutte, afin de boucher au final un trou de 9 milliards d\u2019euros et de se retrouver dans les clous. D\u2019apr\u00e8s les calculs du Bureau central du plan, un d\u00e9ficit au taux de 4,5% du PIB est pr\u00e9visible fin 2013, au lieu des 3% de pr\u00e9vus.<\/p>\n<p>L\u2019Espagne doit rentrer dans le rang, ont estim\u00e9 les dirigeants europ\u00e9ens, car admettre le contraire mettrait en \u00e9vidence que le <em>pare-feu<\/em> financier qu\u2019ils s\u2019efforcent de constituer n\u2019est pas destin\u00e9 \u00e0 jouer un r\u00f4le dissuasif, comme ils se plaisent \u00e0 le souligner, mais \u00e0 \u00eatre tr\u00e8s rapidement utilis\u00e9 ; ce qui ne pourrait qu\u2019\u00e9veiller des march\u00e9s que l\u2019on voudrait laisser assoupis, ainsi que compliquer la t\u00e2che de la coalition allemande \u00e0 qui il est demand\u00e9 de renforcer l\u2019implication financi\u00e8re du pays. D&rsquo;ailleurs, ne leur donnant pas tort de ce point de vue, le march\u00e9 obligataire n\u2019a pas tard\u00e9 \u00e0 se tendre \u00e0 nouveau, \u00e0 l\u2019annonce des pr\u00e9visions de d\u00e9ficit espagnol et de la nouvelle crise qu\u2019elle annonce.<\/p>\n<p>En Allemagne, la proposition de nommer un commissaire europ\u00e9en aux allures de pro-consul charg\u00e9 de suivre sp\u00e9cialement la Gr\u00e8ce rejaillit. La retraite humiliante a laquelle a \u00e9t\u00e9 contrainte Mariano Rajoy, lorsqu\u2019il a cherch\u00e9 \u00e0 n\u00e9gocier avec ses confr\u00e8res, t\u00e9moigne \u00e9galement des tensions qui agitent ce petit monde. Pas de quoi affirmer, en tout cas, que \u00ab\u00a0nous sommes en train de tourner la page de la crise financi\u00e8re\u00a0\u00bb, comme vient de le faire Nicolas Sarkozy, toujours prompt \u00e0 fermer les dossiers afin de s&rsquo;en attribuer le m\u00e9rite.<\/p>\n<p>En prenant au nom de la souverainet\u00e9 nationale la d\u00e9cision de ne pas plier, la droite espagnole se cherche des appuis dans le pays. La r\u00e9action de l\u2019Union europ\u00e9enne peut-elle \u00eatre d\u2019imposer \u00e0 l\u2019Espagne un dispositif permanent de surveillance, comme cela est d\u00e9j\u00e0 le cas pour l\u2019Italie ? Le morceau va \u00eatre plus gros \u00e0 avaler que la Gr\u00e8ce.<\/p>\n","protected":false},"excerpt":{"rendered":"<blockquote>\n<p>Billet invit\u00e9<\/p>\n<\/blockquote>\n<p>A peine venait-il d&rsquo;adopter, simultan\u00e9ment \u00e0 24 autres dirigeants europ\u00e9ens, les mesures de contr\u00f4le et de coercition budg\u00e9taires du \u00ab\u00a0pacte de stabilit\u00e9 et de croissance\u00a0\u00bb (qui n\u2019en a que le nom) que Mariano Rajoy a d\u00e9cid\u00e9 de le briser. Le chef du gouvernement espagnol a en effet annonc\u00e9 que les engagements pris de [&hellip;]<\/p>\n","protected":false},"author":37,"featured_media":0,"comment_status":"closed","ping_status":"open","sticky":false,"template":"","format":"standard","meta":{"footnotes":""},"categories":[1,307],"tags":[],"class_list":["post-34640","post","type-post","status-publish","format-standard","hentry","category-economie","category-finance"],"_links":{"self":[{"href":"https:\/\/www.pauljorion.com\/blog\/wp-json\/wp\/v2\/posts\/34640","targetHints":{"allow":["GET"]}}],"collection":[{"href":"https:\/\/www.pauljorion.com\/blog\/wp-json\/wp\/v2\/posts"}],"about":[{"href":"https:\/\/www.pauljorion.com\/blog\/wp-json\/wp\/v2\/types\/post"}],"author":[{"embeddable":true,"href":"https:\/\/www.pauljorion.com\/blog\/wp-json\/wp\/v2\/users\/37"}],"replies":[{"embeddable":true,"href":"https:\/\/www.pauljorion.com\/blog\/wp-json\/wp\/v2\/comments?post=34640"}],"version-history":[{"count":22,"href":"https:\/\/www.pauljorion.com\/blog\/wp-json\/wp\/v2\/posts\/34640\/revisions"}],"predecessor-version":[{"id":46570,"href":"https:\/\/www.pauljorion.com\/blog\/wp-json\/wp\/v2\/posts\/34640\/revisions\/46570"}],"wp:attachment":[{"href":"https:\/\/www.pauljorion.com\/blog\/wp-json\/wp\/v2\/media?parent=34640"}],"wp:term":[{"taxonomy":"category","embeddable":true,"href":"https:\/\/www.pauljorion.com\/blog\/wp-json\/wp\/v2\/categories?post=34640"},{"taxonomy":"post_tag","embeddable":true,"href":"https:\/\/www.pauljorion.com\/blog\/wp-json\/wp\/v2\/tags?post=34640"}],"curies":[{"name":"wp","href":"https:\/\/api.w.org\/{rel}","templated":true}]}}