{"id":35841,"date":"2012-04-12T11:02:41","date_gmt":"2012-04-12T09:02:41","guid":{"rendered":"http:\/\/www.pauljorion.com\/blog\/?p=35841"},"modified":"2013-01-02T00:50:34","modified_gmt":"2013-01-01T23:50:34","slug":"les-benefices-de-la-vivisection-par-zebu","status":"publish","type":"post","link":"https:\/\/www.pauljorion.com\/blog\/2012\/04\/12\/les-benefices-de-la-vivisection-par-zebu\/","title":{"rendered":"<b>LES B\u00c9N\u00c9FICES DE LA VIVISECTION<\/b>, par Z\u00e9bu"},"content":{"rendered":"<blockquote><p>Billet invit\u00e9<\/p><\/blockquote>\n<p>\u00ab <em>La Gr\u00e8ce sortira de la r\u00e9cession en 2013. Mais la croissance du PIB grec sera globalement nulle sur l&rsquo;ensemble de cette ann\u00e9e, selon de <\/em><a href=\"http:\/\/www.lemonde.fr\/europe\/article\/2012\/03\/15\/la-grece-sortira-de-la-recession-en-2013_1670332_3214.html#xtor=RSS-3208\">nouvelles pr\u00e9visions<\/a><em> du Fonds mon\u00e9taire <\/em><em>international (FMI)<\/em>\u00a0(\u2026) \u00bb.<\/p>\n<p>En entamant sa cinqui\u00e8me ann\u00e9e de r\u00e9cession, la Gr\u00e8ce peut donc raisonnablement esp\u00e9rer un avenir radieux, lequel sera nul mais non r\u00e9cessif. Reste que son optimisme retrouv\u00e9 se doit d&rsquo;\u00eatre temp\u00e9r\u00e9 par les pr\u00e9visions au long cours du m\u00eame FMI, qui s&rsquo;annoncent aussi fiables que des pr\u00e9visions m\u00e9t\u00e9orologiques pour dans un an. \u00ab<em>\u00a0En d\u00e9cembre, il <\/em>[le FMI]<em> estimait que le PIB chuterait de 3,0% en 2012 apr\u00e8s un recul de 6,0% en 2011 et que la croissance atteindrait 0,3% en 2013.<\/em>\u00a0\u00bb. Si en deux mois et demi donc les dites pr\u00e9visions \u00e9voluent de +0,3% \u00e0 0%, que dire d\u00e8s lors de ce que sera la r\u00e9alit\u00e9 fin d\u00e9cembre 2012\u00a0: une croissance &lsquo;globalement nulle de -1,5%&rsquo; ?<\/p>\n<p>Si le terme &lsquo;<a href=\"http:\/\/www.cnrtl.fr\/definition\/laboratoire\">laboratoire<\/a>&lsquo; se d\u00e9finit \u00e0 la fois par \u00ab<em>\u00a0un lieu o\u00f9 se pr\u00e9parent, s&rsquo;\u00e9laborent des choses<\/em>\u00a0\u00bb et \u00e0 la fois par un \u00ab<em>\u00a0local pourvu des installations et des appareils n\u00e9cessaires \u00e0 des manipulations et des exp\u00e9riences effectu\u00e9es dans le cadre de recherches scientifiques\u00a0<\/em>\u00bb, force est alors de constater que ce qui se trame en Gr\u00e8ce rel\u00e8ve autant de la manipulation qu&rsquo;\u00e0 des recherches sur le ph\u00e9nom\u00e8ne (&lsquo;<em>phainomenon&rsquo;, <\/em>en grec<em>)<\/em> de croissance comme pourraient les pratiquer les chasseurs d&rsquo;\u00e9clairs\u00a0: en esp\u00e9rant \u00eatre au moment et \u00e0 l&rsquo;endroit o\u00f9 il se produira. Pour le moment, la foudre qui frappe la Gr\u00e8ce n&rsquo;a rien \u00e0 voir avec la croissance mais bien plut\u00f4t avec la r\u00e9cession, qui contrairement au dicton, a frapp\u00e9 le m\u00eame endroit plusieurs fois.<\/p>\n<p><!--more-->L&rsquo;aspect scientifique des exp\u00e9rimentations pratiqu\u00e9es laisse donc \u00e0 d\u00e9sirer mais le corpus de donn\u00e9es s&rsquo;accumule et permet de constituer petit \u00e0 petit, certes un peu trop lentement au go\u00fbt des cobayes, un ind\u00e9niable terreau fertile d&rsquo;o\u00f9 surgira une \u00e9conomie enfin sortie de sa gangue politique, laquelle vient sans cesse perturber les r\u00e9sultats que l&rsquo;on attend d&rsquo;elle.<\/p>\n<p>\u00ab\u00a0<em>Les plans d\u2019aust\u00e9rit\u00e9 impos\u00e9s \u00e0 la Gr\u00e8ce exigent notamment la suppression de 150\u00a0000 postes dans la fonction publique en trois ans. Dans les h\u00f4pitaux, ils ont eu pour cons\u00e9quence des coupes dans les budgets de 40% depuis 2009, des fusions entre \u00e9tablissements, des r\u00e9ductions d\u2019effectifs. L\u2019approvisionnement en m\u00e9dicaments conna\u00eet des ruptures r\u00e9guli\u00e8res, du fait d\u2019impay\u00e9s. Et face \u00e0 cela, la demande a augment\u00e9 \u2013 d\u2019un quart entre 2009 et 2010 \u2013, puisque nombre de personnes ne peuvent plus payer les services de la m\u00e9decine priv\u00e9e. M\u00eame au sein des h\u00f4pitaux publics, l\u2019acc\u00e8s est limit\u00e9 pour des raisons financi\u00e8res, puisqu\u2019un tarif minimum de 5 euros est fix\u00e9 par acte, hors cas d\u2019urgence vitale.\u00a0<\/em>\u00bb.<\/p>\n<p>Des situations qui g\u00e9n\u00e8rent par ailleurs la possibilit\u00e9 de <a href=\"http:\/\/humanitaire.blogs.liberation.fr\/msf\/2012\/03\/grece-bidonvilles-msf.html\">comparer<\/a> avec des exp\u00e9riences men\u00e9es sur d&rsquo;autres terrains dans le monde avec les m\u00eames modes op\u00e9ratoires, ce qui facilite ainsi les avanc\u00e9es scientifiques en la mati\u00e8re et \u00e9vite de f\u00e2cheuses distorsions d&rsquo;\u00e9valuation dues aux param\u00e8tres contextuels de r\u00e9alisation de chaque exp\u00e9rience. Comme pour les capacit\u00e9s d&rsquo;anticipation et d&rsquo;adaptation des scientifiques (dont <a href=\"http:\/\/www.monde-diplomatique.fr\/2011\/08\/RIMBERT\/20857\">les \u00e9valuations<\/a> sont maintenant connues), l&rsquo;exp\u00e9rience qui se d\u00e9roule sous nos yeux en Gr\u00e8ce a pour objectif de permettre d&rsquo;\u00e9valuer les conditions de r\u00e9plicabilit\u00e9 de la suppression de la <a href=\"http:\/\/www.lemonde.fr\/economie\/article\/2012\/03\/22\/malgre-une-croissance-annuelle-l-irlande-est-entree-en-recession_1674293_3234.html#xtor=RSS-3208\">croissance<\/a> dans les pays dits &lsquo;avanc\u00e9s&rsquo;, sur un territoire suffisamment vaste comme l&rsquo;est celui de l&rsquo;Union europ\u00e9enne.<\/p>\n<p>Certes, de nombreux autres pays sont aussi concern\u00e9s par le protocole ainsi \u00e9labor\u00e9 mais aucun n&rsquo;est cependant autant avanc\u00e9 comme peut l&rsquo;\u00eatre la Gr\u00e8ce, au vu des r\u00e9sultats obtenus et malgr\u00e9 la modification contrainte du cadre m\u00eame de l&rsquo;exp\u00e9rimentation, puisque celui-ci a d\u00fb \u00eatre r\u00e9cemment restreint \u00e0 47% quant \u00e0 sa surface d&rsquo;endettement afin que l&rsquo;exp\u00e9rience m\u00eame puisse continuer \u00e0 se d\u00e9rouler.<\/p>\n<p>Un tel acharnement dans la conscience professionnelle \u00e0 tirer, co\u00fbte que co\u00fbte, les enseignements d&rsquo;une recherche scientifique m\u00e9rite non seulement le profond respect pour une telle abn\u00e9gation, face \u00e0 des donn\u00e9es et des conditions d&rsquo;exp\u00e9rimentation <a href=\"http:\/\/www.les-crises.fr\/images\/images-diverses\/2012\/grece-03\/manolis-glezos-gaz-2012.jpg\">si r\u00e9tives<\/a>, mais aussi quelques \u00e9claircissements. Car s&rsquo;il s&rsquo;agit certes de faire \u0153uvre de science, les docteurs de la Foi Lib\u00e9rale du Saint Tribunal de l&rsquo;Immacul\u00e9e Tro\u00efka font aussi \u0153uvre de salubrit\u00e9, pour les corps comme pour les \u00e2mes.<\/p>\n<p>Car c&rsquo;est bien d&rsquo;un combat contre le mal dont on parle. Les Grecs seraient en effet atteints d&rsquo;une langueur qui nuirait gravement \u00e0 leur sant\u00e9 \u00e9conomique. Pire, ils ne seraient rien moins que (dans le d\u00e9sordre)\u00a0: <strong>fain\u00e9ants<\/strong>, <strong>fraudeurs<\/strong>, <strong>d\u00e9pensiers<\/strong> (\u00e0 cr\u00e9dit), mais aussi <strong>menteurs<\/strong> et m\u00eame <strong>ingrats<\/strong>, eu \u00e9gard \u00e0 la solidarit\u00e9 que les pays europ\u00e9ens leur ont octroy\u00e9 sans compter.<\/p>\n<p>Un crime capital, qui vaut bien donc la mort \u00e9conomique, l&rsquo;essentiel pour les Grecs n&rsquo;\u00e9tant plus de ce bas monde mais bien de sauver leurs \u00e2mes qu&rsquo;une saine r\u00e9cession r\u00e9it\u00e9r\u00e9e viendra purifier.<\/p>\n<p>A force, ils finiront bien par abjurer leur foi en l&rsquo;Europe \u2026<\/p>\n<p>Fain\u00e9ants\u00a0?<\/p>\n<p>Les grecs <a href=\"http:\/\/appsso.eurostat.ec.europa.eu\/nui\/show.do?dataset=lfsa_ewhun2&amp;lang=fr\">travaillaient<\/a> en moyenne 42,3 heures par semaine en 2010 quand en Allemagne on y travaillait 35,7 heures. Mais comment serait-ce donc possible\u00a0? Tout simplement parce que 6,4% des Grecs seulement travaillent \u00e0 <a href=\"http:\/\/www.insee.fr\/fr\/themes\/tableau.asp?ref_id=CMPTEF03204&amp;reg_id=98\">temps partiel<\/a> quand 26,2% des Allemands travaillent \u00e0 temps partiel (alors m\u00eame que les dur\u00e9es moyennes \u00e0 temps plein sont quasi \u00e9quivalentes entre les deux pays). Et contrairement \u00e0 ce qui est annonc\u00e9, si 35 annuit\u00e9s permettaient de partir \u00e0 la retraite, l&rsquo;<a href=\"http:\/\/www.eurocompar.eu\/retraite.6.datas.htm\">\u00e2ge moyen<\/a> de sortie\u00a0 du march\u00e9 du travail en 2008 \u00e9tait de 61,4 ans, contre \u2026 61,7 ans en Allemagne (o\u00f9 pourtant l&rsquo;\u00e2ge l\u00e9gal de d\u00e9part \u00e0 la retraite est de \u2026 65 ans), sachant que les politiques ont &lsquo;ajust\u00e9&rsquo; les structures d&rsquo;\u00e2ge de d\u00e9part \u00e0 la retraite entretemps (40 annuit\u00e9s en 2015 pour la Gr\u00e8ce).<\/p>\n<p>Fraudeurs\u00a0?<\/p>\n<p>&lsquo;Les&rsquo; Grecs, accus\u00e9s de frauder massivement le fisc, ont des exemples \u00e0 suivre en l&rsquo;occurrence : \u00ab\u00a0<a href=\"http:\/\/www.liberation.fr\/monde\/01012358077-allemagne-la-fraude-fiscale-institutionnalisee\">Allemagne: la fraude fiscale institutionnalis\u00e9e<\/a>\u00a0\u00bb et \u00ab\u00a0<a href=\"http:\/\/www.lepoint.fr\/economie\/la-fraude-sport-national-francais-15-12-2011-1408682_28.php\">La fraude, sport national fran\u00e7ais<\/a>\u00a0\u00bb. Ne serait-ce que concernant la fraude en France, celle-repr\u00e9senterait ainsi 60 milliards d&rsquo;euros chaque ann\u00e9e, soit 50% de plus que la charge de la dette publique en France en 2010. Un &lsquo;sport national&rsquo; pratiqu\u00e9 donc \u00e0 haute dose dans de nombreux pays europ\u00e9ens et dont les Grecs n&rsquo;ont pas le monopole bien qu&rsquo;ils aient invent\u00e9 les Jeux Olympiques, sans oublier de pr\u00e9ciser que &lsquo;les&rsquo; Grecs ne sont pas tous \u00e9videmment \u00e9gaux dans cette pratique l\u00e0, les armateurs ayant \u00e9lev\u00e9 les sports nautiques au rang d&rsquo;art fiscal.<\/p>\n<p>D\u00e9pensiers\u00a0?<\/p>\n<p>Si l&rsquo;on parle de l\u2019\u00c9tat grec, il est certain que la propension \u00e0 l&rsquo;endettement est vite devenue une addiction au cr\u00e9dit et ce particuli\u00e8rement \u2026 depuis mars 2004, date de la prise de fonction du gouvernement n\u00e9o-lib\u00e9ral Karamanlis. Entre d\u00e9but 2004 et fin 2009, date d&rsquo;arriv\u00e9e au pouvoir du Pasok, la <a href=\"http:\/\/www.google.fr\/publicdata\/explore?ds=ds22a34krhq5p_&amp;met_y=gd_pc_gdp&amp;idim=country:gr&amp;dl=fr&amp;hl=fr&amp;q=dette+publique+gr%8Fce\">dette publique<\/a> en pourcentage de PIB sera pass\u00e9e de 98,6% \u00e0 \u2026 129,3% en 2009. Ou la saine gestion lib\u00e9rale au pouvoir.<\/p>\n<p>En passant, certains <a href=\"http:\/\/www.latribune.fr\/actualites\/economie\/international\/20110426trib000617717\/l-allemagne-championne-d-europe-de-la-dette-devant-l-italie.html\">records<\/a> appartiennent aussi \u00e0 d&rsquo;autres pays europ\u00e9ens, notamment \u00e0 l&rsquo;Irlande qui en 2010 d\u00e9passa les 30% de son PIB en d\u00e9ficits publics, ou m\u00eame \u00e0 l&rsquo;Allemagne, premier pays europ\u00e9en pour le montant de sa dette publique (plus de 2 000 milliards d&rsquo;euros). Enfin, puisque l&rsquo;on parle des Grecs, leur endettement priv\u00e9 qui a explos\u00e9 entre 2000 et 2008 afin d&rsquo;acheter (\u00e0 cr\u00e9dit) plus de produits import\u00e9s \u2026 europ\u00e9ens, le <a href=\"http:\/\/www.rue89.com\/2010\/05\/10\/on-parle-beaucoup-de-la-dette-publique-et-la-dette-privee-alors-150883\">niveau d&rsquo;endettement<\/a> par rapport au Revenu Brut Disponible y est tr\u00e8s inf\u00e9rieur \u00e0 ceux que l&rsquo;on constate pour le Royaume-Uni par exemple (plus de 150%).<\/p>\n<p>Menteurs\u00a0?<\/p>\n<p>A de multiples reprises, les gouvernements grecs ont effectivement menti, afin d&rsquo;occulter aux yeux des institutions europ\u00e9ennes les r\u00e9alit\u00e9s quant aux d\u00e9ficits publics et budg\u00e9taires du pays. Sauf que l&rsquo;entr\u00e9e de la Gr\u00e8ce dans la zone euro en 2001 respectait alors les crit\u00e8res \u00e9mis, notamment les 3% de d\u00e9ficit budg\u00e9taire puisque les gouvernements pr\u00e9c\u00e9dents avaient int\u00e9gr\u00e9 les co\u00fbts de <a href=\"http:\/\/www.ekathimerini.com\/4dcgi\/_w_articles_wsite2_1_27\/11\/2011_416649\">d\u00e9penses militaires<\/a> (qui furent d&rsquo;ailleurs &lsquo;sanctuaris\u00e9es&rsquo; dans les budgets afin de pr\u00e9server le remboursement des contrats des pays europ\u00e9ens) \u00e0 la livraison et non \u00e0 la date de contrats, lesquels furent conclus avant l&rsquo;entr\u00e9e de la Gr\u00e8ce dans la zone euro.\u00a0 Il en r\u00e9sulta ainsi un l\u00e9ger d\u00e9passement (3,07% en 1999), d\u00e9passement outrepass\u00e9 par diff\u00e9rents pays quelques ann\u00e9es plus tard et qui valurent \u00e0 la France et l&rsquo;Allemagne notamment en 2004 une proc\u00e9dure men\u00e9e par la Commission Europ\u00e9enne pour d\u00e9ficits excessifs. Or, suite \u00e0 la mont\u00e9e en charge de la &lsquo;crise grecque&rsquo; avec <a href=\"http:\/\/www.lesechos.fr\/economie-politique\/monde\/actu\/0201957111302-georges-papandreou-accuse-la-france-et-l-allemagne-d-avoir-aggrave-la-crise-grecque-303662.php\">l&rsquo;arriv\u00e9e au pouvoir en 2009 d&rsquo;un nouveau gouvernement<\/a> qui modifie les \u00e9valuations de d\u00e9ficits, l&rsquo;Ecofin (Conseil europ\u00e9en des ministres des finances) demanda \u00e0 Eurostat un rapport sur les raisons de telles &lsquo;d\u00e9faillances&rsquo; et &lsquo;tromperies&rsquo; de l\u2019\u00c9tat grec, que les institutions europ\u00e9ennes &lsquo;d\u00e9couvrent&rsquo; alors. Eurostat rend <a href=\"http:\/\/epp.eurostat.ec.europa.eu\/cache\/ITY_PUBLIC\/COM_2010_REPORT_GREEK\/FR\/COM_2010_REPORT_GREEK-FR.PDF\">son rapport<\/a> en janvier 2010, dans lequel il montre que si les gouvernements grecs successifs ont bien &lsquo;maquill\u00e9&rsquo; les statistiques concernant les d\u00e9ficits, il reste que <strong>d\u00e8s novembre 2004<\/strong>, Eurostat avait bien dans un premier rapport identifi\u00e9 11 infractions, puis \u00e0 5 reprises de 2005 \u00e0 2009. Pire, la Commission Europ\u00e9enne a sollicit\u00e9 au Conseil des pouvoirs accrus en terme de contr\u00f4les statistiques, lesquels ne furent pas pleinement attribu\u00e9s par ce m\u00eame Conseil \u00e0 Eurostat, respectueux qu&rsquo;il \u00e9tait des &lsquo;pr\u00e9rogatives&rsquo; nationales. En r\u00e9sum\u00e9, non seulement les gouvernements europ\u00e9ens connaissaient la situation r\u00e9guli\u00e8rement &lsquo;redress\u00e9e&rsquo;\u00a0 des comptes grecs mais ceux-ci refus\u00e8rent d&rsquo;octroyer les outils n\u00e9cessaires \u00e0 un contr\u00f4le r\u00e9el sur les statistiques fournies par ces m\u00eames gouvernements grecs, r\u00e9guli\u00e8rement \u00e9pingl\u00e9s par Eurostat. Lorsque l&rsquo;Ecofin de novembre 2009 &lsquo;d\u00e9couvre&rsquo; les chiffres corrig\u00e9s du nouveau gouvernement grec, il &lsquo;d\u00e9couvre&rsquo; ainsi une r\u00e9alit\u00e9 qu&rsquo;il a pris grand soin d&rsquo;enterrer. Les gouvernements europ\u00e9ens (et non les institutions europ\u00e9ennes) ont donc \u00e9t\u00e9 pleinement responsables du pourrissement de la situation concernant la Gr\u00e8ce, gouvernements qui font maintenant cher payer leur propres irresponsabilit\u00e9s politiques aux Grecs, en octroyant chichement leur solidarit\u00e9. Quant aux pr\u00eateurs qui octroy\u00e8rent des cr\u00e9dits \u00e0 la Gr\u00e8ce pendant pr\u00e8s de 5 ans et de mani\u00e8re croissante, force est de constater qu&rsquo;ils furent soit analphab\u00e8tes car ils ne savaient pas lire les rapports (publics) d&rsquo;Eurostat, soit \u00e9taient de vilains sp\u00e9culateurs, pariant en connaissance de cause sur la mont\u00e9e des taux d&rsquo;int\u00e9r\u00eat vers\u00e9s sur la dette publique, ce qui ne manqua pas d&rsquo;arriver d\u00e8s le d\u00e9but 2010.<\/p>\n<p>Enfin, non contents d&rsquo;avoir cautionn\u00e9 par leurs silences les d\u00e9rives pass\u00e9es, les gouvernements europ\u00e9ens consid\u00e8rent aujourd&rsquo;hui les Grecs comme des ingrats, au regard des plans &lsquo;d&rsquo;aide&rsquo; apport\u00e9s \u00e0 plusieurs reprises, &lsquo;aides&rsquo; qui leur rapportent par ailleurs \u00e0 chacun de substantiels int\u00e9r\u00eats. Le prix de la solidarit\u00e9 s&rsquo;indexe ainsi sur l&rsquo;irresponsabilit\u00e9 pass\u00e9e des (futurs) pr\u00eateurs &#8230;<\/p>\n<p>\u00a7<\/p>\n<p>Le laboratoire lib\u00e9ral d&rsquo;hier a donc fonctionn\u00e9 \u00e0 plein rendement, offrant aux scientifiques qui dirigent les exp\u00e9rimentations des r\u00e9sultats quasi inesp\u00e9r\u00e9s, au regard des tr\u00e8s faibles investissements de d\u00e9part\u00a0: crise sanitaire, explosion du ch\u00f4mage, r\u00e9cession pluriannuelle, pr\u00e9servation des contrats d&rsquo;armements (europ\u00e9ens), triplement \u00e0 minima de l&rsquo;endettement des m\u00e9nages (pour consommer des produits import\u00e9s europ\u00e9ens), baisse des salaires, suppression massive de postes de fonctionnaires, augmentation de 30% en 5 ans de la dette publique par rapport au PIB, multiplication exponentielle des int\u00e9r\u00eats revers\u00e9s aux pr\u00eateurs (priv\u00e9s europ\u00e9ens), terreau favorable pour une sp\u00e9culation d\u00e9brid\u00e9e sur les march\u00e9s financiers, augmentation de 5 annuit\u00e9s pour l&rsquo;\u00e2ge de d\u00e9part de la retraite (afin de relancer les retraites par capitalisation), privatisations massives de pans entiers d&rsquo;activit\u00e9s \u00e9conomiques, \u00e9vasion fiscale pr\u00e9serv\u00e9e et fuite des capitaux dans des paradis fiscaux (pour les plus riches seulement) et last but not least, gouvernement d&rsquo;unit\u00e9 nationale dirig\u00e9 par un premier ministre &lsquo;technicien&rsquo; qui appliquera \u00e0 la lettre les &lsquo;ajustements&rsquo; compl\u00e9mentaires n\u00e9cessaires.<\/p>\n<p>\u00a7<\/p>\n<p>A dire vrai, il faut bien avouer que ce laboratoire est une mine d&rsquo;argent et un puits sans fond d&rsquo;enseignements qui permettent d&rsquo;ores et d\u00e9j\u00e0 d&rsquo;\u00eatre appliqu\u00e9s, avec certes des succ\u00e8s divers mais de mani\u00e8re in\u00e9luctable, comme le progr\u00e8s, dans d&rsquo;autres contr\u00e9es europ\u00e9ennes. Ce laboratoire de demain n&rsquo;est donc pas une vaine promesse que de vagues th\u00e9ories lib\u00e9rales viendraient conceptualiser pour aujourd&rsquo;hui\u00a0: ce sont, de fait, des donn\u00e9es objectives, sur lesquelles nous pouvons compter.<\/p>\n<p>Mieux, elles donnent un sens aux r\u00e9alit\u00e9s en cours, elles refondent des croyances en perte de vitesse gr\u00e2ce \u00e0 des politiques ajust\u00e9es structurellement \u00e0 l&rsquo;aust\u00e9rit\u00e9, elles nous relient (&lsquo;religion&rsquo;) entre nous et nous permettent de partager ce pr\u00e9cieux bien commun d&rsquo;hier,\u00a0d&rsquo;aujourd&rsquo;hui et de demain : la crise.<\/p>\n<p>(\u00e0 suivre &#8230;)<\/p>\n<p>&nbsp;<\/p>\n","protected":false},"excerpt":{"rendered":"<blockquote>\n<p>Billet invit\u00e9<\/p>\n<\/blockquote>\n<p>\u00ab <em>La Gr\u00e8ce sortira de la r\u00e9cession en 2013. Mais la croissance du PIB grec sera globalement nulle sur l&rsquo;ensemble de cette ann\u00e9e, selon de <\/em><a href=\"http:\/\/www.lemonde.fr\/europe\/article\/2012\/03\/15\/la-grece-sortira-de-la-recession-en-2013_1670332_3214.html#xtor=RSS-3208\">nouvelles pr\u00e9visions<\/a><em> du Fonds mon\u00e9taire <\/em><em>international (FMI)<\/em>\u00a0(\u2026) \u00bb.<\/p>\n<p>En entamant sa cinqui\u00e8me ann\u00e9e de r\u00e9cession, la Gr\u00e8ce peut donc raisonnablement esp\u00e9rer un avenir radieux, lequel sera nul [&hellip;]<\/p>\n","protected":false},"author":1,"featured_media":0,"comment_status":"closed","ping_status":"open","sticky":false,"template":"","format":"standard","meta":{"footnotes":""},"categories":[1,204,307,1627],"tags":[160],"class_list":["post-35841","post","type-post","status-publish","format-standard","hentry","category-economie","category-europe","category-finance","category-geopolitique-2","tag-grece"],"_links":{"self":[{"href":"https:\/\/www.pauljorion.com\/blog\/wp-json\/wp\/v2\/posts\/35841","targetHints":{"allow":["GET"]}}],"collection":[{"href":"https:\/\/www.pauljorion.com\/blog\/wp-json\/wp\/v2\/posts"}],"about":[{"href":"https:\/\/www.pauljorion.com\/blog\/wp-json\/wp\/v2\/types\/post"}],"author":[{"embeddable":true,"href":"https:\/\/www.pauljorion.com\/blog\/wp-json\/wp\/v2\/users\/1"}],"replies":[{"embeddable":true,"href":"https:\/\/www.pauljorion.com\/blog\/wp-json\/wp\/v2\/comments?post=35841"}],"version-history":[{"count":4,"href":"https:\/\/www.pauljorion.com\/blog\/wp-json\/wp\/v2\/posts\/35841\/revisions"}],"predecessor-version":[{"id":46470,"href":"https:\/\/www.pauljorion.com\/blog\/wp-json\/wp\/v2\/posts\/35841\/revisions\/46470"}],"wp:attachment":[{"href":"https:\/\/www.pauljorion.com\/blog\/wp-json\/wp\/v2\/media?parent=35841"}],"wp:term":[{"taxonomy":"category","embeddable":true,"href":"https:\/\/www.pauljorion.com\/blog\/wp-json\/wp\/v2\/categories?post=35841"},{"taxonomy":"post_tag","embeddable":true,"href":"https:\/\/www.pauljorion.com\/blog\/wp-json\/wp\/v2\/tags?post=35841"}],"curies":[{"name":"wp","href":"https:\/\/api.w.org\/{rel}","templated":true}]}}