{"id":36220,"date":"2012-04-24T12:00:03","date_gmt":"2012-04-24T10:00:03","guid":{"rendered":"http:\/\/www.pauljorion.com\/blog\/?p=36220"},"modified":"2013-01-02T00:49:54","modified_gmt":"2013-01-01T23:49:54","slug":"le-monde-economie-candidats-encore-un-effort-lundi-23-mardi-24-avril-2012","status":"publish","type":"post","link":"https:\/\/www.pauljorion.com\/blog\/2012\/04\/24\/le-monde-economie-candidats-encore-un-effort-lundi-23-mardi-24-avril-2012\/","title":{"rendered":"<b>LE MONDE-\u00c9CONOMIE, Candidats, encore un effort&#8230;, lundi 23 &#8211; mardi 24 avril 2012<\/b>"},"content":{"rendered":"<blockquote><p>Le format de mes chroniques dans Le Monde est pass\u00e9 de 3.500 \u00e0 4.600 signes, ceci permet de d\u00e9velopper davantage une v\u00e9ritable argumentation.<\/p><\/blockquote>\n<p><a href=\"http:\/\/www.lemonde.fr\/idees\/article\/2012\/04\/24\/candidats-encore-un-effort-pour-refonder-le-capitalisme_1690308_3232.html\" target=\"_blank\"><strong>Candidats, encore un effort pour refonder le capitalisme !<\/strong><\/a><\/p>\n<p>Il y a trois ans et demi, dans son discours de Toulon, M. Sarkozy, Pr\u00e9sident de la R\u00e9publique Fran\u00e7aise, et aujourd\u2019hui candidat \u00e0 sa r\u00e9\u00e9lection, expliquait ce qu\u2019il convenait de faire pour sauver nos syst\u00e8mes \u00e9conomique et financier\u00a0: refonder le capitalisme.<\/p>\n<p>Le plan propos\u00e9 \u00e9tait coh\u00e9rent mais, dans le contexte d\u2019effondrement g\u00e9n\u00e9ralis\u00e9 d\u2019alors, loin d\u2019\u00eatre v\u00e9ritablement radical\u00a0: il y avait encore dans cette proposition de \u00ab\u00a0refondation\u00a0\u00bb du capitalisme, un relent d\u2019optimisme. Qu\u2019en est-il advenu\u00a0? Rien\u00a0: c\u2019est \u00e0 Toulon qu\u2019elle a \u00e9t\u00e9 \u00e9voqu\u00e9e et c\u2019est l\u00e0 aussi qu\u2019il en a \u00e9t\u00e9 question pour la derni\u00e8re fois. Est-elle pr\u00e9sente dans la campagne pr\u00e9sidentielle\u00a0? On en trouvait des \u00e9l\u00e9ments \u00e9pars dans le programme des candidats num\u00e9ros 3 et 4 dans les sondages de la semaine derni\u00e8re, mais rien dans celui des deux candidats qui caracolaient en t\u00eate.<\/p>\n<p>Serait-ce que l\u2019\u00e9conomie et la finance ont connu une telle embellie depuis l\u2019automne 2008 que ce projet refondateur a perdu de son actualit\u00e9\u00a0? La question pr\u00eate \u00e0 sourire. En 2010, la Gr\u00e8ce \u00e9tait au bord de l\u2019ab\u00eeme \u2013 petite \u00e9conomie nationale que la solidarit\u00e9 europ\u00e9enne aurait pu alors sauver \u00e0 peu de frais. Aujourd\u2019hui, ce sont l\u2019Espagne, voire m\u00eame l\u2019Italie qui s\u2019y retrouvent. \u00catre au bord de l\u2019ab\u00eeme, c\u2019est comme toute chose apparemment\u00a0: on finit par s\u2019y habituer.<\/p>\n<p>Qu\u2019est-ce qui explique qu\u2019il ait surtout \u00e9t\u00e9 question durant la campagne d\u2019obtention acc\u00e9l\u00e9r\u00e9e du permis de conduire ou de distribution de la viande de boucherie dans les \u00e9coles\u00a0?<\/p>\n<p>Deux hypoth\u00e8ses sont envisageables\u00a0: l\u2019une charitable, l\u2019autre beaucoup moins. L\u2019hypoth\u00e8se charitable, c\u2019est que toutes les d\u00e9cisions qui comptent sont prises aujourd\u2019hui, dans le meilleur des cas \u00e0 Bruxelles, et dans le pire des cas, \u00e0 Washington, et qu\u2019il ne resterait plus, en effet, comme pr\u00e9rogatives pour un Pr\u00e9sident de la R\u00e9publique que celles dont disposait un sous-pr\u00e9fet sous la III<sup>e<\/sup> R\u00e9publique. De la m\u00eame mani\u00e8re qu\u2019un sous-pr\u00e9fet pouvait alors temp\u00eater aux comices agricoles contre \u00ab\u00a0Les directives de Paris, qui cr\u00e9ent la r\u00e9volution chez nous\u00a0!\u00a0\u00bb, un Pr\u00e9sident fran\u00e7ais peut \u00e0 la fois r\u00e9gler avec autorit\u00e9 les affaires de permis de conduire et de viande de boucherie et tonner sans inqui\u00e9ter personne \u00e0 l\u2019encontre de Bruxelles et de Washington.<\/p>\n<p>L\u2019hypoth\u00e8se peu charitable, c\u2019est celle du manque d\u2019ambition et d\u2019envergure qui fait qu\u2019un Pr\u00e9sident fran\u00e7ais n\u2019arriverait \u00e0 se faire entendre ni \u00e0 Washington, ni \u00e0 Bruxelles, et si cela se trouve, pas m\u00eame \u00e0 Paris.<\/p>\n<p>Seule bonne nouvelle, si l\u2019on peut dire, le mal n\u2019est pas sp\u00e9cifiquement fran\u00e7ais\u00a0: confusionnisme, cacophonie, absence totale de courage politique, r\u00e8gnent aujourd\u2019hui en ma\u00eetre dans l\u2019ensemble des pays occidentaux. On en est m\u00eame venu dans certains \u00e0 mettre \u00e0 la t\u00eate des affaires d\u2019anciens banquiers dont les d\u00e9cisions calamiteuses il y a seulement quatre ou cinq ans provoquaient alors la consternation, faute de volontaires parmi les politiques.<\/p>\n<p>La conclusion s\u2019\u00e9nonce simplement\u00a0: ce n\u2019est pas d\u2019un Pr\u00e9sident fran\u00e7ais qui serait seulement \u00ab\u00a0audible\u00a0\u00bb \u00e0 Bruxelles ou \u00e0 Washington que l\u2019on a besoin mais de quelqu\u2019un qui indiquerait la voie \u00e0 suivre, brisant la paralysie stup\u00e9faite qui r\u00e8gne aujourd\u2019hui dans ces lieux. Car ce ne sont pas les projets de soci\u00e9t\u00e9 de haute vol\u00e9e, \u00e9conomiques et financiers, qui manquent, bien au contraire\u00a0:<\/p>\n<p>* Accorder \u00e0 nouveau la priorit\u00e9 aux salaires plut\u00f4t que favoriser l\u2019acc\u00e8s au cr\u00e9dit, lequel est n\u00e9cessairement cher et se contente de repousser \u00e0 plus tard la solution des probl\u00e8mes se posant d\u2019ores et d\u00e9j\u00e0.<\/p>\n<p>* Mettre hors-la-loi la sp\u00e9culation en r\u00e9tablissant les articles de la loi fran\u00e7aise qui l\u2019interdisaient jusqu\u2019en 1885.<\/p>\n<p>* Mettre hors d\u2019\u00e9tat de nuire les paradis fiscaux en interdisant aux chambres de compensation de communiquer avec eux dans un sens comme dans l\u2019autre.<\/p>\n<p>* Abolir les privil\u00e8ges des personnes morales par rapport aux personnes physiques, privil\u00e8ges ayant permis de transformer de mani\u00e8re subreptice dans nos d\u00e9mocraties le suffrage universel en suffrage censitaire.<\/p>\n<p>* Red\u00e9finir l\u2019actionnaire d\u2019une soci\u00e9t\u00e9 comme \u00e9tant l\u2019un de ses cr\u00e9anciers et non l\u2019un de ses propri\u00e9taires\u00a0; \u00e9tablir les cours \u00e0 la Bourse par <em>fixing<\/em> journalier.<\/p>\n<p>* \u00c9liminer le concept de \u00ab\u00a0prix de transfert\u00a0\u00bb qui permet aux soci\u00e9t\u00e9s d\u2019\u00e9chapper \u00e0 l\u2019imp\u00f4t par des jeux d\u2019\u00e9criture entre maison-m\u00e8re et filiales.<\/p>\n<p>* Supprimer les <em>stock-options<\/em> pour instaurer une authentique <em>participation universelle<\/em>.<\/p>\n<p>* R\u00e9-imaginer les syst\u00e8mes de solidarit\u00e9 collectifs, au lieu des dispositifs sp\u00e9culatifs vou\u00e9s \u00e0 l\u2019\u00e9chec en raison de leur nature pyramidale que sont l\u2019immobilier ou l\u2019assurance-vie, par lesquels on a cherch\u00e9 \u00e0 les remplacer.<\/p>\n<p>Enfin, dans un monde o\u00f9 le travail dispara\u00eet, la question des revenus doit \u00eatre mise \u00e0 plat et faire l\u2019objet d\u2019un v\u00e9ritable d\u00e9bat.<\/p>\n<p>On assisterait alors au retour de l\u2019ambition et du courage, d\u00e9sesp\u00e9r\u00e9ment absents aujourd\u2019hui.<\/p>\n<p>&nbsp;<\/p>\n","protected":false},"excerpt":{"rendered":"<blockquote>\n<p>Le format de mes chroniques dans Le Monde est pass\u00e9 de 3.500 \u00e0 4.600 signes, ceci permet de d\u00e9velopper davantage une v\u00e9ritable argumentation.<\/p>\n<\/blockquote>\n<p><a href=\"http:\/\/www.lemonde.fr\/idees\/article\/2012\/04\/24\/candidats-encore-un-effort-pour-refonder-le-capitalisme_1690308_3232.html\" target=\"_blank\"><strong>Candidats, encore un effort pour refonder le capitalisme !<\/strong><\/a><\/p>\n<p>Il y a trois ans et demi, dans son discours de Toulon, M. Sarkozy, Pr\u00e9sident de la R\u00e9publique Fran\u00e7aise, et aujourd\u2019hui [&hellip;]<\/p>\n","protected":false},"author":1,"featured_media":0,"comment_status":"closed","ping_status":"open","sticky":false,"template":"","format":"standard","meta":{"footnotes":""},"categories":[276,1,17],"tags":[680,1715,637,1281,1316,1685,42,161],"class_list":["post-36220","post","type-post","status-publish","format-standard","hentry","category-droit","category-economie","category-politique","tag-fiscalite","tag-francois-hollande","tag-nicolas-sarkozy","tag-paradis-fiscaux","tag-participation","tag-personnes-morales","tag-speculation","tag-stock-options"],"_links":{"self":[{"href":"https:\/\/www.pauljorion.com\/blog\/wp-json\/wp\/v2\/posts\/36220","targetHints":{"allow":["GET"]}}],"collection":[{"href":"https:\/\/www.pauljorion.com\/blog\/wp-json\/wp\/v2\/posts"}],"about":[{"href":"https:\/\/www.pauljorion.com\/blog\/wp-json\/wp\/v2\/types\/post"}],"author":[{"embeddable":true,"href":"https:\/\/www.pauljorion.com\/blog\/wp-json\/wp\/v2\/users\/1"}],"replies":[{"embeddable":true,"href":"https:\/\/www.pauljorion.com\/blog\/wp-json\/wp\/v2\/comments?post=36220"}],"version-history":[{"count":12,"href":"https:\/\/www.pauljorion.com\/blog\/wp-json\/wp\/v2\/posts\/36220\/revisions"}],"predecessor-version":[{"id":46433,"href":"https:\/\/www.pauljorion.com\/blog\/wp-json\/wp\/v2\/posts\/36220\/revisions\/46433"}],"wp:attachment":[{"href":"https:\/\/www.pauljorion.com\/blog\/wp-json\/wp\/v2\/media?parent=36220"}],"wp:term":[{"taxonomy":"category","embeddable":true,"href":"https:\/\/www.pauljorion.com\/blog\/wp-json\/wp\/v2\/categories?post=36220"},{"taxonomy":"post_tag","embeddable":true,"href":"https:\/\/www.pauljorion.com\/blog\/wp-json\/wp\/v2\/tags?post=36220"}],"curies":[{"name":"wp","href":"https:\/\/api.w.org\/{rel}","templated":true}]}}