{"id":3662,"date":"2009-07-07T10:45:23","date_gmt":"2009-07-07T08:45:23","guid":{"rendered":"http:\/\/www.pauljorion.com\/blog\/?p=3662"},"modified":"2009-07-07T10:45:23","modified_gmt":"2009-07-07T08:45:23","slug":"alan-grayson-et-elizabeth-coleman-le-5-mai-2009","status":"publish","type":"post","link":"https:\/\/www.pauljorion.com\/blog\/2009\/07\/07\/alan-grayson-et-elizabeth-coleman-le-5-mai-2009\/","title":{"rendered":"Alan Grayson et Elizabeth Coleman, le 5 mai 2009"},"content":{"rendered":"<p>Comme certains y reviennent sans cesse. Une partie de notre discussion sur ce sujet.<\/p>\n<p><strong>iGor milhit<\/strong>  Le 7 mai 2009<\/p>\n<p>A propos d\u2019omerta, Glenn Greenwald sur son blog chez Salon.com a post\u00e9 hier un billet sur la d\u00e9finition de \u201coversight\u201d (surveillance) en ajoutant une vid\u00e9o o\u00f9 l\u2019on voit Elizabeth Coleman, Inspectrice g\u00e9n\u00e9ral de la Fed t\u00e9moigner devant le House Financial Services Committee (Congr\u00e8s) et se faire interroger par le Rep. Alan Grayson sur la menue monnaie que la Fed \u00e0 mis \u00e0 disposition des banques pour les sauver, sur le soup\u00e7on d\u2019op\u00e9ration hors-bilan \u00e9mis par Bloomberg, et les r\u00e9ponses sont, pour ce que j\u2019ai pu comprendre, \u00e9difiante, s\u2019il l\u2019on peut dire: Avez-vous fait des enqu\u00eates? Non. Et pour cette histoire de hors-bilan? Et les noms des banques b\u00e9n\u00e9ficiaires? O\u00f9 en est votre enqu\u00eate, parce que cette histoire commence a durer depuis quelques mois? Ben, euh\u2026 l\u2019enqu\u00eate suit son cours, alors on n\u2019a pas de r\u00e9ponse pour le moment.<\/p>\n<p><strong>CF<\/strong> Le 13 mai 2009 <\/p>\n<p>@ Champignac et Pierre-Yves D <\/p>\n<p>Si vous comprenez l\u2019am\u00e9ricain, je vous sugg\u00e8re de regarder la video suivante.<br \/>\nUn grand moment de solitude pour la personne interview\u00e9e par Mr Alan Grayson (je pense qu\u2019il s\u2019agit de lui).<\/p>\n<p>Peut-\u00eatre Paul pourrait nous faire un topo sur ce monsieur et sur les raisons et conditions qui font que aux USA, ces auditions ont lieu et sont t\u00e9l\u00e9vis\u00e9es.<\/p>\n<p>Pour ceux qui ne comprennent pas l\u2019anglais la personne interview\u00e9e est cens\u00e9e contr\u00f4ler les comptes et mouvements de fonds de la FED, mais ne peut pas r\u00e9pondre sur un montant anecdotique \u2026.. : 1 \u00e0 2 trillions de dollars (1000 milliards) \u2026.une paille !!<\/p>\n<p>Un peu plus de 1 trillions ne serait plus dans les comptes depuis 8 mois et Mr Grayson demande uniquement qui a re\u00e7u ou o\u00f9 est pass\u00e9 l\u2019argent\u2026.<\/p>\n<p><strong>Paul Jorion<\/strong> Le 13 mai 2009<\/p>\n<p>Il y a deux mois, j\u2019ai publi\u00e9 un billet intitul\u00e9 <a href=\"http:\/\/www.pauljorion.com\/blog\/?p=2354\" rel=\"nofollow\">Le 18 mars 2009 : fin du capitalisme<\/a>. Toutes les bonnes nouvelles relatives au rebond de l\u2019\u00e9conomie (ou tout au moins de la Bourse) au cours des semaines r\u00e9centes peuvent vous conduire \u00e0 vous demander si je regrette de m\u2019\u00eatre avanc\u00e9 de cette mani\u00e8re.<\/p>\n<p>Il n\u2019en est rien et si vous voulez savoir pourquoi \u2013 et si vous comprenez l\u2019anglais \u2013 visionnez l\u2019audition que nous signale CF. J\u2019admire le calme de ce d\u00e9put\u00e9 am\u00e9ricain et\u2026 non, je ne regrette rien !<\/p>\n<p><object width=\"425\" height=\"344\"><param name=\"movie\" value=\"http:\/\/www.youtube.com\/v\/PXlxBeAvsB8&#038;hl=en&#038;fs=1\"><\/param><param name=\"allowFullScreen\" value=\"true\"><\/param><param name=\"allowscriptaccess\" value=\"always\"><\/param><embed src=\"http:\/\/www.youtube.com\/v\/PXlxBeAvsB8&#038;hl=en&#038;fs=1\" type=\"application\/x-shockwave-flash\" allowscriptaccess=\"always\" allowfullscreen=\"true\" width=\"425\" height=\"344\"><\/embed><\/object><\/p>\n<p><strong>Paul Jorion <\/strong> Le 23 mai 2009<\/p>\n<p>@ rodolphe<\/p>\n<p>La vid\u00e9o o\u00f9 l\u2019on voit Grayson a \u00e9t\u00e9 discut\u00e9e \u00e0 partir du 7 mai :<\/p>\n<blockquote class=\"wp-embedded-content\" data-secret=\"THjwhidBdB\"><p><a href=\"https:\/\/www.pauljorion.com\/blog\/2009\/05\/04\/l%e2%80%99omerta\/\">L\u2019omerta<\/a><\/p><\/blockquote>\n<p><iframe loading=\"lazy\" class=\"wp-embedded-content\" sandbox=\"allow-scripts\" security=\"restricted\" style=\"position: absolute; clip: rect(1px, 1px, 1px, 1px);\" title=\"\u00ab\u00a0L\u2019&lt;i&gt;omerta&lt;\/i&gt;\u00a0\u00bb &#8212; Blog de Paul Jorion\" src=\"https:\/\/www.pauljorion.com\/blog\/2009\/05\/04\/l%e2%80%99omerta\/embed\/#?secret=Czs6pUL8Nj#?secret=THjwhidBdB\" data-secret=\"THjwhidBdB\" width=\"500\" height=\"282\" frameborder=\"0\" marginwidth=\"0\" marginheight=\"0\" scrolling=\"no\"><\/iframe><\/p>\n<blockquote class=\"wp-embedded-content\" data-secret=\"FPeD0kCcOg\"><p><a href=\"https:\/\/www.pauljorion.com\/blog\/2009\/05\/04\/l%e2%80%99omerta\/\">L\u2019omerta<\/a><\/p><\/blockquote>\n<p><iframe loading=\"lazy\" class=\"wp-embedded-content\" sandbox=\"allow-scripts\" security=\"restricted\" style=\"position: absolute; clip: rect(1px, 1px, 1px, 1px);\" title=\"\u00ab\u00a0L\u2019&lt;i&gt;omerta&lt;\/i&gt;\u00a0\u00bb &#8212; Blog de Paul Jorion\" src=\"https:\/\/www.pauljorion.com\/blog\/2009\/05\/04\/l%e2%80%99omerta\/embed\/#?secret=67lnWn4Muy#?secret=FPeD0kCcOg\" data-secret=\"FPeD0kCcOg\" width=\"500\" height=\"282\" frameborder=\"0\" marginwidth=\"0\" marginheight=\"0\" scrolling=\"no\"><\/iframe><\/p>\n<blockquote class=\"wp-embedded-content\" data-secret=\"q1BJb0wcMO\"><p><a href=\"https:\/\/www.pauljorion.com\/blog\/2009\/05\/12\/l%e2%80%99actualite-de-la-crise-l%e2%80%99europe-rattrapee-par-francois-leclerc\/\">L\u2019actualit\u00e9 de la crise : L\u2019Europe rattrap\u00e9e, par Fran\u00e7ois Leclerc<\/a><\/p><\/blockquote>\n<p><iframe loading=\"lazy\" class=\"wp-embedded-content\" sandbox=\"allow-scripts\" security=\"restricted\" style=\"position: absolute; clip: rect(1px, 1px, 1px, 1px);\" title=\"\u00ab\u00a0L\u2019actualit\u00e9 de la crise : L\u2019Europe rattrap\u00e9e, par Fran\u00e7ois Leclerc\u00a0\u00bb &#8212; Blog de Paul Jorion\" src=\"https:\/\/www.pauljorion.com\/blog\/2009\/05\/12\/l%e2%80%99actualite-de-la-crise-l%e2%80%99europe-rattrapee-par-francois-leclerc\/embed\/#?secret=osclj2Q62o#?secret=q1BJb0wcMO\" data-secret=\"q1BJb0wcMO\" width=\"500\" height=\"282\" frameborder=\"0\" marginwidth=\"0\" marginheight=\"0\" scrolling=\"no\"><\/iframe><br \/>\netc.<br \/>\nLa vid\u00e9o a \u00e9t\u00e9 pr\u00e9sent\u00e9e ici :<\/p>\n<blockquote class=\"wp-embedded-content\" data-secret=\"2piE8XavQl\"><p><a href=\"https:\/\/www.pauljorion.com\/blog\/2009\/05\/12\/l%e2%80%99actualite-de-la-crise-l%e2%80%99europe-rattrapee-par-francois-leclerc\/\">L\u2019actualit\u00e9 de la crise : L\u2019Europe rattrap\u00e9e, par Fran\u00e7ois Leclerc<\/a><\/p><\/blockquote>\n<p><iframe loading=\"lazy\" class=\"wp-embedded-content\" sandbox=\"allow-scripts\" security=\"restricted\" style=\"position: absolute; clip: rect(1px, 1px, 1px, 1px);\" title=\"\u00ab\u00a0L\u2019actualit\u00e9 de la crise : L\u2019Europe rattrap\u00e9e, par Fran\u00e7ois Leclerc\u00a0\u00bb &#8212; Blog de Paul Jorion\" src=\"https:\/\/www.pauljorion.com\/blog\/2009\/05\/12\/l%e2%80%99actualite-de-la-crise-l%e2%80%99europe-rattrapee-par-francois-leclerc\/embed\/#?secret=U43Leg9jOm#?secret=2piE8XavQl\" data-secret=\"2piE8XavQl\" width=\"500\" height=\"282\" frameborder=\"0\" marginwidth=\"0\" marginheight=\"0\" scrolling=\"no\"><\/iframe><br \/>\nCertains sont tr\u00e8s lents \u00e0 la d\u00e9couvrir !<\/p>\n<p><strong>Paul Jorion<\/strong> Le 24 mai 2009<\/p>\n<p>Personne \u00e0 ma connaissance ne consid\u00e8re qu\u2019il s\u2019agisse d\u2019un faux ; <\/p>\n<p><a href=\"http:\/\/en.wikipedia.org\/wiki\/Alan_Grayson\">Wikipedia<\/a> : Alan Grayson <\/p>\n<p>On May 5, 2009, in a Financial Services Committee question and answer session with Inspector General of the Federal Reserve Elizabeth A. Coleman, Grayson asked about the trillions of dollars lent or spent by the Federal Reserve and where it went, and the trillions of off balance sheet obligations. The Inspector General responded that she does not know and is not tracking where this money is. The exchange was posted on YouTube, receiving over 900,000 views in the first two months after posting.<\/p>\n","protected":false},"excerpt":{"rendered":"<p>Comme certains y reviennent sans cesse. Une partie de notre discussion sur ce sujet.<\/p>\n<p><strong>iGor milhit<\/strong> Le 7 mai 2009<\/p>\n<p>A propos d\u2019omerta, Glenn Greenwald sur son blog chez Salon.com a post\u00e9 hier un billet sur la d\u00e9finition de \u201coversight\u201d (surveillance) en ajoutant une vid\u00e9o o\u00f9 l\u2019on voit Elizabeth Coleman, Inspectrice g\u00e9n\u00e9ral de la Fed [&hellip;]<\/p>\n","protected":false},"author":1,"featured_media":0,"comment_status":"closed","ping_status":"open","sticky":false,"template":"","format":"standard","meta":{"footnotes":""},"categories":[1,18],"tags":[],"class_list":["post-3662","post","type-post","status-publish","format-standard","hentry","category-economie","category-monde-financier"],"_links":{"self":[{"href":"https:\/\/www.pauljorion.com\/blog\/wp-json\/wp\/v2\/posts\/3662","targetHints":{"allow":["GET"]}}],"collection":[{"href":"https:\/\/www.pauljorion.com\/blog\/wp-json\/wp\/v2\/posts"}],"about":[{"href":"https:\/\/www.pauljorion.com\/blog\/wp-json\/wp\/v2\/types\/post"}],"author":[{"embeddable":true,"href":"https:\/\/www.pauljorion.com\/blog\/wp-json\/wp\/v2\/users\/1"}],"replies":[{"embeddable":true,"href":"https:\/\/www.pauljorion.com\/blog\/wp-json\/wp\/v2\/comments?post=3662"}],"version-history":[{"count":3,"href":"https:\/\/www.pauljorion.com\/blog\/wp-json\/wp\/v2\/posts\/3662\/revisions"}],"predecessor-version":[{"id":3665,"href":"https:\/\/www.pauljorion.com\/blog\/wp-json\/wp\/v2\/posts\/3662\/revisions\/3665"}],"wp:attachment":[{"href":"https:\/\/www.pauljorion.com\/blog\/wp-json\/wp\/v2\/media?parent=3662"}],"wp:term":[{"taxonomy":"category","embeddable":true,"href":"https:\/\/www.pauljorion.com\/blog\/wp-json\/wp\/v2\/categories?post=3662"},{"taxonomy":"post_tag","embeddable":true,"href":"https:\/\/www.pauljorion.com\/blog\/wp-json\/wp\/v2\/tags?post=3662"}],"curies":[{"name":"wp","href":"https:\/\/api.w.org\/{rel}","templated":true}]}}